{"id":13933,"date":"2020-08-27T00:28:22","date_gmt":"2020-08-26T20:28:22","guid":{"rendered":"http:\/\/fedai.az\/?p=13933"},"modified":"2020-08-27T00:28:25","modified_gmt":"2020-08-26T20:28:25","slug":"hakimiyy%c9%99tl%c9%99-qht-l%c9%99r-arasinda-yeni-dialoq-basladi","status":"publish","type":"post","link":"https:\/\/fedai.az\/?p=13933","title":{"rendered":"Hakimiyy\u0259tl\u0259 QHT-l\u0259r aras\u0131nda yeni dialoq ba\u015flad\u0131"},"content":{"rendered":"\n<p><strong>Hakimiyy\u0259tl\u0259 QHT-l\u0259r aras\u0131nda yeni dialoq ba\u015flad\u0131Az\u0259rbaycan Respublikas\u0131 Prezidentinin k\u00f6m\u0259k\u00e7isi-Az\u0259rbaycan Respublikas\u0131 Prezidentinin Administrasiyas\u0131n\u0131n Xarici siyas\u0259t m\u0259s\u0259l\u0259l\u0259ri \u015f\u00f6b\u0259sinin m\u00fcdiri Hikm\u0259t Hac\u0131yev \u00f6lk\u0259nin bir \u00e7ox f\u0259al qeyri-h\u00f6kum\u0259t t\u0259\u015fkilatlar\u0131 r\u0259hb\u0259rl\u0259rinin daxil oldu\u011fu &#171;\u0130ctimai Liderl\u0259r Platformas\u0131&#187;n\u0131n \u00fczvl\u0259ri il\u0259 onlayn g\u00f6r\u00fc\u015f ke\u00e7irib.<\/strong><\/p>\n\n\n\n<p><br>G\u00f6r\u00fc\u015f\u00fc giri\u015f s\u00f6z\u00fc il\u0259 a\u00e7an Az\u0259rbaycan Respublikas\u0131n\u0131n Prezidenti yan\u0131nda Qeyri-H\u00f6kum\u0259t T\u0259\u015fkilatlar\u0131na D\u00f6vl\u0259t D\u0259st\u0259yi \u015euras\u0131n\u0131n s\u0259dri Azay Quliyev Prezidentin k\u00f6m\u0259k\u00e7isi Hikm\u0259t Hac\u0131yev\u0259 QHT-l\u0259rl\u0259 g\u00f6r\u00fc\u015fd\u00fcy\u00fcn\u0259 g\u00f6r\u0259 t\u0259\u015f\u0259kk\u00fcr edib v\u0259 bu t\u0259\u015f\u0259bb\u00fcs\u00fcn QHT-h\u00f6kum\u0259t m\u00fcnasib\u0259tl\u0259rind\u0259 yeni keyfiyy\u0259t m\u0259rh\u0259l\u0259sinin ba\u015flan\u011f\u0131c\u0131 olaca\u011f\u0131na v\u0259 QHT sektoru \u00fc\u00e7\u00fcn prioritet olan m\u0259s\u0259l\u0259l\u0259rin h\u0259llin\u0259 t\u0259kan ver\u0259c\u0259yin\u0259 \u0259minliyini ifad\u0259 edib.<\/p>\n\n\n\n<p><br>Az\u0259rbaycan Respublikas\u0131 Prezidentinin k\u00f6m\u0259k\u00e7isi Hikm\u0259t Hac\u0131yev Prezident \u0130lham \u018fliyevin c\u0259miyy\u0259timizd\u0259 QHT-l\u0259rin f\u0259aliyy\u0259tin\u0259 v\u0259 ictimai n\u0259zar\u0259t mexanizml\u0259rinin g\u00fccl\u0259ndirilm\u0259sin\u0259 x\u00fcsusi \u00f6n\u0259m verdiyini qeyd edib. H.Hac\u0131yev QHT sektorunun \u00f6lk\u0259mizin ictimai h\u0259yat\u0131nda f\u0259al i\u015ftirak\u0131n\u0131 vur\u011fulay\u0131b, h\u00f6kum\u0259tin QHT-l\u0259rl\u0259 dialoqun geni\u015fl\u0259nm\u0259sind\u0259 v\u0259 QHT-l\u0259rin diqq\u0259tind\u0259 olan m\u0259s\u0259l\u0259l\u0259rin m\u00fczakir\u0259sind\u0259 maraql\u0131 oldu\u011funu bildirib. O, v\u0259t\u0259nda\u015f c\u0259miyy\u0259ti institutlar\u0131n\u0131n \u00f6lk\u0259mizin dayan\u0131ql\u0131 sosial iqtisadi inki\u015faf\u0131, v\u0259t\u0259np\u0259rv\u0259rliyin g\u00fccl\u0259ndirilm\u0259si, milli maraqlar\u0131m\u0131z\u0131n qorunmas\u0131, h\u0259m\u00e7inin t\u0259hsil, humanitar v\u0259 ictimai \u0259h\u0259miyy\u0259t da\u015f\u0131yan dig\u0259r sah\u0259l\u0259rd\u0259 m\u00fch\u00fcm roluna toxunub, d\u00f6vl\u0259t ba\u015f\u00e7\u0131s\u0131n\u0131n qeyd etdiyi kimi, ictimai n\u0259zar\u0259t mexanizml\u0259rinin v\u0259 onun t\u0259tbiqinin s\u0259m\u0259r\u0259liliyinin art\u0131r\u0131lmas\u0131n\u0131n z\u0259ruriliyini diqq\u0259t\u0259 \u00e7atd\u0131r\u0131b.<\/p>\n\n\n\n<p><br>G\u00f6r\u00fc\u015fd\u0259 \u00e7\u0131x\u0131\u015f ed\u0259n Milli Qeyri-H\u00f6kum\u0259t T\u0259\u015fkilatlar\u0131 Forumunun prezidenti Rauf Zeyni, Sahibkarl\u0131\u011fa v\u0259 Bazar \u0130qtisadiyyat\u0131n\u0131n \u0130nki\u015faf\u0131na Yard\u0131m Fondunun prezidenti Sabit Ba\u011f\u0131rov, M\u00fcst\u0259qil H\u00fcquq M\u0259rk\u0259zinin s\u0259dri Ayd\u0131n K\u0259rimov, Beyn\u0259lxalq Avrasiya M\u0259tbuat Fondunun s\u0259dri Umud Mirz\u0259yev, Konstitusiya Ara\u015fd\u0131rmalar Fondunun prezidenti \u018flim\u0259mm\u0259d Nuriyev, V\u0259t\u0259nda\u015flar\u0131n \u018fm\u0259k H\u00fcquqlar\u0131n\u0131 M\u00fcdafi\u0259 Liqas\u0131n\u0131n s\u0259dri Sahib M\u0259mm\u0259dov, D.\u018fliyeva ad\u0131na Az\u0259rbaycan Qad\u0131nlar\u0131n\u0131n H\u00fcququnun M\u00fcdafi\u0259 C\u0259miyy\u0259tinin s\u0259dri Novella C\u0259f\u0259rova, Humanitar T\u0259dqiqatlar \u0130ctimai Birliyinin s\u0259dri \u018fv\u0259z H\u0259s\u0259nov, \u0130nsan H\u00fcquqlar\u0131 v\u0259 Qanun\u00e7ulu\u011fun M\u00fcdafi\u0259si \u0130ctimai Birliyinin s\u0259dri S\u0259lt\u0259n\u0259t Qocamanl\u0131, \u201cBiosfer\u201d \u0130ctimai Birliyinin s\u0259dri Qorxmaz \u0130brahimli, &#171;Azad \u0130stehlak\u00e7\u0131lar&#187; \u0130ctimai Birliyinin s\u0259dri Eyyub H\u00fcseynov, &#171;\u00dcmid&#187; Sosial \u0130nki\u015fafa D\u0259st\u0259k \u0130ctimai Birliyinin s\u0259dri \u0130sray\u0131l \u0130sg\u0259nd\u0259rov, Neft\u00e7il\u0259rin H\u00fcquqlar\u0131n\u0131 M\u00fcdafi\u0259 T\u0259\u015fkilat\u0131 \u0130ctimai Birliyinin s\u0259dri Mirvari Q\u0259hr\u0259manova, Az\u0259ri-T\u00fcrk Qad\u0131nlar Birliyinin s\u0259dri T\u0259nzil\u0259 R\u00fcst\u0259mxanl\u0131, H\u00fcquq v\u0259 \u0130nki\u015faf \u0130ctimai Birliyinin s\u0259dri Hafiz H\u0259s\u0259nov, Multimediya Sisteml\u0259ri \u0130ctimai Birliyinin s\u0259dri Osman G\u00fcnd\u00fcz, &#171;V\u0259t\u0259nda\u015flar\u0131n Sosial Rifah\u0131 Namin\u0259&#187; \u0130ctimai Birliyinin s\u0259dri \u0130rad\u0259 Rizazad\u0259, T\u0259miz D\u00fcnya Qad\u0131nlara Yard\u0131m \u0130ctimai Birliyinin s\u0259dri Mehriban Zeynalova, 21-ci \u0259sr T\u0259hsil M\u0259rk\u0259zi \u0130ctimai Birliyinin s\u0259dri Etibar \u018fliyev, &#171;C\u0259miyy\u0259tin v\u0259 V\u0259t\u0259nda\u015f M\u00fcnasib\u0259tl\u0259rinin \u0130nki\u015faf\u0131&#187; \u0130ctimai Birliyinin s\u0259dri \u018fhm\u0259d Abbasb\u0259yli, &#171;Az\u0259rbaycan Valideyn-M\u00fc\u0259llim Assosiasiyas\u0131&#187; \u0130ctimai Birliyinin s\u0259dri \u015eahin R\u0259c\u0259bov, &#171;Beyn\u0259lxalq \u0130nsan H\u00fcquqlar\u0131 C\u0259miyy\u0259ti Az\u0259rbaycan Milli B\u00f6lm\u0259si&#187; \u0130ctimai Birliyinin s\u0259dri S\u0259ad\u0259t B\u0259n\u0259nyarl\u0131, Az\u0259rbaycan G\u0259nc Alim, Aspirant v\u0259 Magistrl\u0259r C\u0259miyy\u0259ti \u0130ctimai Birliyinin s\u0259dri \u0130lqar Orucov v\u0259 Az\u0259rbaycan Demokratik T\u0259l\u0259b\u0259 G\u0259ncl\u0259r T\u0259\u015fkilat\u0131n\u0131n s\u0259dri Asif \u018fsg\u0259rli h\u00f6kum\u0259tl\u0259 QHT sektoru aras\u0131nda ba\u015flanan yeni dialoq t\u0259\u015f\u0259bb\u00fcs\u00fcn\u00fc t\u0259qdir etdikl\u0259rini bildiribl\u0259r.<\/p>\n\n\n\n<p><br>QHT s\u0259drl\u0259ri ictimai sektorun g\u00fccl\u0259ndirilm\u0259si v\u0259 QHT-l\u0259rin g\u00fcnd\u0259liyind\u0259 olan m\u0259s\u0259l\u0259l\u0259rin h\u0259lli il\u0259 ba\u011fl\u0131 fikir v\u0259 t\u0259klifl\u0259rini s\u0259sl\u0259ndiribl\u0259r.<\/p>\n\n\n\n<p><br>G\u00f6r\u00fc\u015f\u00fcn sonunda \u00e7\u0131x\u0131\u015f ed\u0259n Prezidentin k\u00f6m\u0259k\u00e7isi Hikm\u0259t Hac\u0131yev QHT-l\u0259r t\u0259r\u0259find\u0259n s\u0259sl\u0259ndiril\u0259n \u0259sasland\u0131r\u0131lm\u0131\u015f fikir v\u0259 t\u0259klifl\u0259rin diqq\u0259tl\u0259 ara\u015fd\u0131r\u0131laca\u011f\u0131n\u0131 v\u0259 onlar\u0131n h\u0259lli istiqam\u0259tind\u0259 m\u00fcvafiq add\u0131mlar\u0131n at\u0131lacag\u0131n\u0131 bildirib.<\/p>\n\n\n\n<p><br>M\u0259lumat \u00fc\u00e7\u00fcn bildiririk ki, Prezidentin k\u00f6m\u0259k\u00e7isi Hikm\u0259t Hac\u0131yevin QHT-l\u0259rl\u0259 g\u00f6r\u00fc\u015f\u00fc davam ed\u0259c\u0259k.<\/p>\n\n\n\n<figure class=\"wp-block-image size-large\"><img decoding=\"async\" src=\"http:\/\/fedai.az\/wp-content\/uploads\/2020\/08\/600_Zz275630zGiI.jpg\" alt=\"\" class=\"wp-image-13934\"\/><\/figure>\n","protected":false},"excerpt":{"rendered":"<p>Hakimiyy\u0259tl\u0259 QHT-l\u0259r aras\u0131nda yeni dialoq ba\u015flad\u0131Az\u0259rbaycan Respublikas\u0131 Prezidentinin k\u00f6m\u0259k\u00e7isi-Az\u0259rbaycan Respublikas\u0131 Prezidentinin Administrasiyas\u0131n\u0131n Xarici siyas\u0259t m\u0259s\u0259l\u0259l\u0259ri \u015f\u00f6b\u0259sinin m\u00fcdiri Hikm\u0259t Hac\u0131yev \u00f6lk\u0259nin bir \u00e7ox f\u0259al qeyri-h\u00f6kum\u0259t<\/p>\n","protected":false},"author":2,"featured_media":0,"comment_status":"closed","ping_status":"closed","sticky":false,"template":"","format":"standard","meta":{"footnotes":""},"categories":[12],"tags":[],"class_list":["post-13933","post","type-post","status-publish","format-standard","hentry","category-sosial"],"aioseo_notices":[],"_links":{"self":[{"href":"https:\/\/fedai.az\/index.php?rest_route=\/wp\/v2\/posts\/13933","targetHints":{"allow":["GET"]}}],"collection":[{"href":"https:\/\/fedai.az\/index.php?rest_route=\/wp\/v2\/posts"}],"about":[{"href":"https:\/\/fedai.az\/index.php?rest_route=\/wp\/v2\/types\/post"}],"author":[{"embeddable":true,"href":"https:\/\/fedai.az\/index.php?rest_route=\/wp\/v2\/users\/2"}],"replies":[{"embeddable":true,"href":"https:\/\/fedai.az\/index.php?rest_route=%2Fwp%2Fv2%2Fcomments&post=13933"}],"version-history":[{"count":1,"href":"https:\/\/fedai.az\/index.php?rest_route=\/wp\/v2\/posts\/13933\/revisions"}],"predecessor-version":[{"id":13936,"href":"https:\/\/fedai.az\/index.php?rest_route=\/wp\/v2\/posts\/13933\/revisions\/13936"}],"wp:attachment":[{"href":"https:\/\/fedai.az\/index.php?rest_route=%2Fwp%2Fv2%2Fmedia&parent=13933"}],"wp:term":[{"taxonomy":"category","embeddable":true,"href":"https:\/\/fedai.az\/index.php?rest_route=%2Fwp%2Fv2%2Fcategories&post=13933"},{"taxonomy":"post_tag","embeddable":true,"href":"https:\/\/fedai.az\/index.php?rest_route=%2Fwp%2Fv2%2Ftags&post=13933"}],"curies":[{"name":"wp","href":"https:\/\/api.w.org\/{rel}","templated":true}]}}