{"id":13943,"date":"2020-08-27T01:38:21","date_gmt":"2020-08-26T21:38:21","guid":{"rendered":"http:\/\/fedai.az\/?p=13943"},"modified":"2020-08-27T01:38:39","modified_gmt":"2020-08-26T21:38:39","slug":"q%c9%99hr%c9%99man-doyuscu-c%c9%99sur-komandir","status":"publish","type":"post","link":"https:\/\/fedai.az\/?p=13943","title":{"rendered":"Q\u0259hr\u0259man d\u00f6y\u00fc\u015f\u00e7\u00fc, c\u0259sur komandir"},"content":{"rendered":"\n<p><strong>\u015e\u0259hid Komandir M\u0259mm\u0259dal\u0131 Ta\u011f\u0131yev. 1935-ci ild\u0259 Tovuz rayonunun A\u011fdam k\u0259ndind\u0259 anadan olub. M\u0259mm\u0259dal\u0131 ki\u015fi h\u0259r zaman \u00f6z qo\u00e7aql\u0131\u011f\u0131, qorxmazl\u0131\u011f\u0131, com\u0259rdliyi il\u0259 tan\u0131n\u0131b. Nam\u0259rd qon\u015fular\u0131m\u0131zla m\u00fcharib\u0259 ba\u015fl\u0131yanda ilk d\u00f6y\u00fc\u015f\u0259 at\u0131lan q\u0259hr\u0259man o\u011fullar\u0131m\u0131zdan biri olub M\u0259mm\u0259dal\u0131 b\u0259y!<\/strong><\/p>\n\n\n\n<p><br>A\u011fdam k\u0259ndind\u0259 Milli Ordunun ilk b\u00f6l\u00fck (Rota) komandirl\u0259rind\u0259n olub. D\u0259f\u0259l\u0259rl\u0259 \u00f6z d\u00f6y\u00fc\u015f yolda\u015flar\u0131 il\u0259 d\u00fc\u015fm\u0259n t\u0259r\u0259f\u0259 ke\u00e7\u0259r\u0259k \u0259n a\u011f\u0131r k\u0259\u015ffiyyat \u0259m\u0259liyyatlar\u0131 apar\u0131b. D\u00fc\u015fm\u0259n\u0259 bu b\u00f6lg\u0259d\u0259 \u0259n a\u011f\u0131r z\u0259rb\u0259l\u0259ri vurub.<\/p>\n\n\n\n<p><br>Erm\u0259nil\u0259rin Tovuz b\u00f6lg\u0259sind\u0259 qorxdu\u011fu c\u0259sur komandirl\u0259rd\u0259n biri olub M\u0259mm\u0259dal\u0131 b\u0259y, m\u00fcharib\u0259nin ilk g\u00fcnl\u0259rind\u0259n \u00f6z \u00f6vladlar\u0131 iki o\u011flu, h\u0259mk\u0259ndlil\u0259ri v\u0259 elo\u011flanlar\u0131 il\u0259 birlikd\u0259 q\u0259hr\u0259manl\u0131qla d\u00f6y\u00fc\u015f\u00fcb, bu C\u0259sur Komandir.<\/p>\n\n\n\n<p><br>M\u0259m\u0259dal\u0131 b\u0259y he\u00e7 zaman \u00f6l\u00fcm\u00fcnn\u0259n bel\u0259 qorxmayan c\u0259sur, m\u0259rd komandir idi. 1992-ci ild\u0259 Tovuzun A\u011fdam k\u0259ndi istiqam\u0259tind\u0259 ged\u0259n a\u011f\u0131r d\u00f6y\u00fc\u015fl\u0259rd\u0259 q\u0259hr\u0259mancas\u0131na \u015e\u0259hid olan M\u0259mm\u0259dal\u0131 Ta\u011f\u0131yev A\u011fdam k\u0259ndinin \u015e\u0259hidl\u0259r xiyaban\u0131nda d\u0259fn olunub.<\/p>\n\n\n\n<p><br>Tovuzun -A\u011fdam k\u0259ndinin m\u0259rd c\u0259sur o\u011flu M\u0259mm\u0259dal\u0131 Ta\u011f\u0131yev Prezidentin f\u0259rman\u0131 il\u0259 \u0130gidliy\u0259 g\u00f6r\u0259 medal\u0131 il\u0259 t\u0259ltif olunub (\u00d6l\u00fcm\u00fcnn\u0259n sonra ).<\/p>\n\n\n\n<p><br>M\u0259kan\u0131n C\u0259nn\u0259t olsun, B\u0259y, ruhun qar\u015f\u0131s\u0131nda ba\u015f \u0259yirik.<\/p>\n\n\n\n<p><strong>Novruz F\u0259xr\u0259ddin o\u011flu<br>AVMV\u0130B Tovuz rayon \u015f\u00f6b\u0259si M\u0259tbuat Xidm\u0259tinin r\u0259hb\u0259ri<\/strong><\/p>\n\n\n\n<p><strong>S\u00fcbhan \u018fl\u0259kb\u0259rov<br>AVMV\u0130B Tovuz \u015f\u00f6b\u0259sinin s\u0259dr m\u00fcavini<\/strong><\/p>\n\n\n\n<figure class=\"wp-block-image size-large is-resized\"><img loading=\"lazy\" decoding=\"async\" src=\"http:\/\/fedai.az\/wp-content\/uploads\/2020\/08\/118387239_128182188988861_2625582498040193445_o.jpg\" alt=\"\" class=\"wp-image-13944\" width=\"896\" height=\"1276\"\/><\/figure>\n","protected":false},"excerpt":{"rendered":"<p>\u015e\u0259hid Komandir M\u0259mm\u0259dal\u0131 Ta\u011f\u0131yev. 1935-ci ild\u0259 Tovuz rayonunun A\u011fdam k\u0259ndind\u0259 anadan olub. M\u0259mm\u0259dal\u0131 ki\u015fi h\u0259r zaman \u00f6z qo\u00e7aql\u0131\u011f\u0131, qorxmazl\u0131\u011f\u0131, com\u0259rdliyi il\u0259 tan\u0131n\u0131b. Nam\u0259rd qon\u015fular\u0131m\u0131zla<\/p>\n","protected":false},"author":2,"featured_media":10505,"comment_status":"closed","ping_status":"closed","sticky":false,"template":"","format":"standard","meta":{"footnotes":""},"categories":[5],"tags":[],"class_list":["post-13943","post","type-post","status-publish","format-standard","has-post-thumbnail","hentry","category-veteran"],"aioseo_notices":[],"_links":{"self":[{"href":"https:\/\/fedai.az\/index.php?rest_route=\/wp\/v2\/posts\/13943","targetHints":{"allow":["GET"]}}],"collection":[{"href":"https:\/\/fedai.az\/index.php?rest_route=\/wp\/v2\/posts"}],"about":[{"href":"https:\/\/fedai.az\/index.php?rest_route=\/wp\/v2\/types\/post"}],"author":[{"embeddable":true,"href":"https:\/\/fedai.az\/index.php?rest_route=\/wp\/v2\/users\/2"}],"replies":[{"embeddable":true,"href":"https:\/\/fedai.az\/index.php?rest_route=%2Fwp%2Fv2%2Fcomments&post=13943"}],"version-history":[{"count":2,"href":"https:\/\/fedai.az\/index.php?rest_route=\/wp\/v2\/posts\/13943\/revisions"}],"predecessor-version":[{"id":13946,"href":"https:\/\/fedai.az\/index.php?rest_route=\/wp\/v2\/posts\/13943\/revisions\/13946"}],"wp:featuredmedia":[{"embeddable":true,"href":"https:\/\/fedai.az\/index.php?rest_route=\/wp\/v2\/media\/10505"}],"wp:attachment":[{"href":"https:\/\/fedai.az\/index.php?rest_route=%2Fwp%2Fv2%2Fmedia&parent=13943"}],"wp:term":[{"taxonomy":"category","embeddable":true,"href":"https:\/\/fedai.az\/index.php?rest_route=%2Fwp%2Fv2%2Fcategories&post=13943"},{"taxonomy":"post_tag","embeddable":true,"href":"https:\/\/fedai.az\/index.php?rest_route=%2Fwp%2Fv2%2Ftags&post=13943"}],"curies":[{"name":"wp","href":"https:\/\/api.w.org\/{rel}","templated":true}]}}