{"id":13947,"date":"2020-08-27T01:44:36","date_gmt":"2020-08-26T21:44:36","guid":{"rendered":"http:\/\/fedai.az\/?p=13947"},"modified":"2020-08-27T01:44:39","modified_gmt":"2020-08-26T21:44:39","slug":"%c9%99sir-goturul%c9%99n-erm%c9%99ni-h%c9%99rbcisi-az%c9%99rbaycanda-qalmaq-ist%c9%99yir","status":"publish","type":"post","link":"https:\/\/fedai.az\/?p=13947","title":{"rendered":"\u018fsir g\u00f6t\u00fcr\u00fcl\u0259n erm\u0259ni h\u0259rb\u00e7isi Az\u0259rbaycanda qalmaq ist\u0259yir"},"content":{"rendered":"\n<p><strong>D\u00f6vl\u0259t T\u0259hl\u00fck\u0259sizliyi Xidm\u0259ti avqustun 24-d\u0259 c\u0259bh\u0259nin Goranboy rayonu istiqam\u0259tind\u0259 M\u00fcdafi\u0259 Nazirliyinin &#171;\u0259sir g\u00f6t\u00fcrd\u00fcy\u00fc&#187; Erm\u0259nistan h\u0259rb\u00e7isi Qurgin Alaverdyan\u0131n video m\u00fcraci\u0259tini yay\u0131b.<\/strong><\/p>\n\n\n\n<p>M\u00fcraci\u0259td\u0259 Qurgin Alaverdyan Az\u0259rbaycan Silahl\u0131 Q\u00fcvv\u0259l\u0259rinin n\u0259zar\u0259tind\u0259 olan &#171;d\u00f6y\u00fc\u015f m\u00f6vqel\u0259rind\u0259 diversiya t\u00f6r\u0259dilm\u0259si, y\u0259ni qumbara v\u0259 avtomatlardan istifad\u0259 etm\u0259kl\u0259 m\u00fcmk\u00fcn q\u0259d\u0259r \u00e7ox sayda Az\u0259rbaycan h\u0259rb\u00e7isini m\u0259hv etm\u0259k v\u0259 bir n\u0259f\u0259ri \u0259sir g\u00f6t\u00fcrm\u0259k&#187; tap\u015f\u0131r\u0131\u011f\u0131n\u0131 ald\u0131qlar\u0131n\u0131 deyir.<\/p>\n\n\n\n<p>O bildirir ki, Az\u0259rbaycan t\u0259r\u0259fin\u0259 ke\u00e7\u0259rk\u0259n yerli h\u0259rb\u00e7il\u0259rin onlar\u0131 f\u0259rq etm\u0259si tap\u015f\u0131r\u0131\u011f\u0131 yar\u0131m\u00e7\u0131q saxlay\u0131b, yolda\u015flar\u0131 geri qay\u0131d\u0131b, \u00f6z\u00fc is\u0259 dumanl\u0131 havada istiqam\u0259ti m\u00fc\u0259yy\u0259n ed\u0259 bilm\u0259diyi \u00fc\u00e7\u00fcn \u0259sir d\u00fc\u015f\u00fcb.<\/p>\n\n\n\n<p>Qurgin Alaverdyan \u0259lav\u0259 edir ki, ona qar\u015f\u0131 qeyri-insani r\u0259ftar edilm\u0259yib v\u0259 o, Az\u0259rbaycanda qalmaq v\u0259 bilik-bacar\u0131\u011f\u0131 il\u0259 bu d\u00f6vl\u0259t\u0259 xidm\u0259t ist\u0259yir.<\/p>\n","protected":false},"excerpt":{"rendered":"<p>D\u00f6vl\u0259t T\u0259hl\u00fck\u0259sizliyi Xidm\u0259ti avqustun 24-d\u0259 c\u0259bh\u0259nin Goranboy rayonu istiqam\u0259tind\u0259 M\u00fcdafi\u0259 Nazirliyinin &#171;\u0259sir g\u00f6t\u00fcrd\u00fcy\u00fc&#187; Erm\u0259nistan h\u0259rb\u00e7isi Qurgin Alaverdyan\u0131n video m\u00fcraci\u0259tini yay\u0131b. M\u00fcraci\u0259td\u0259 Qurgin Alaverdyan Az\u0259rbaycan<\/p>\n","protected":false},"author":2,"featured_media":0,"comment_status":"closed","ping_status":"closed","sticky":false,"template":"","format":"standard","meta":{"footnotes":""},"categories":[4],"tags":[],"class_list":["post-13947","post","type-post","status-publish","format-standard","hentry","category-qarabag"],"aioseo_notices":[],"_links":{"self":[{"href":"https:\/\/fedai.az\/index.php?rest_route=\/wp\/v2\/posts\/13947","targetHints":{"allow":["GET"]}}],"collection":[{"href":"https:\/\/fedai.az\/index.php?rest_route=\/wp\/v2\/posts"}],"about":[{"href":"https:\/\/fedai.az\/index.php?rest_route=\/wp\/v2\/types\/post"}],"author":[{"embeddable":true,"href":"https:\/\/fedai.az\/index.php?rest_route=\/wp\/v2\/users\/2"}],"replies":[{"embeddable":true,"href":"https:\/\/fedai.az\/index.php?rest_route=%2Fwp%2Fv2%2Fcomments&post=13947"}],"version-history":[{"count":1,"href":"https:\/\/fedai.az\/index.php?rest_route=\/wp\/v2\/posts\/13947\/revisions"}],"predecessor-version":[{"id":13949,"href":"https:\/\/fedai.az\/index.php?rest_route=\/wp\/v2\/posts\/13947\/revisions\/13949"}],"wp:attachment":[{"href":"https:\/\/fedai.az\/index.php?rest_route=%2Fwp%2Fv2%2Fmedia&parent=13947"}],"wp:term":[{"taxonomy":"category","embeddable":true,"href":"https:\/\/fedai.az\/index.php?rest_route=%2Fwp%2Fv2%2Fcategories&post=13947"},{"taxonomy":"post_tag","embeddable":true,"href":"https:\/\/fedai.az\/index.php?rest_route=%2Fwp%2Fv2%2Ftags&post=13947"}],"curies":[{"name":"wp","href":"https:\/\/api.w.org\/{rel}","templated":true}]}}