{"id":14009,"date":"2020-08-27T13:59:14","date_gmt":"2020-08-27T09:59:14","guid":{"rendered":"http:\/\/fedai.az\/?p=14009"},"modified":"2020-08-27T13:59:15","modified_gmt":"2020-08-27T09:59:15","slug":"sergey-lavrov-v%c9%99-ceyhun-bayramov-n%c9%99d%c9%99n-danisiblar","status":"publish","type":"post","link":"https:\/\/fedai.az\/?p=14009","title":{"rendered":"Sergey Lavrov v\u0259 Ceyhun Bayramov n\u0259d\u0259n dan\u0131\u015f\u0131blar?"},"content":{"rendered":"\n<p><strong>Turan: Moskvada ikit\u0259r\u0259fli dan\u0131\u015f\u0131qlar\u0131n yekunlar\u0131na \u0259sas\u0259n RF v\u0259 Az\u0259rbaycan X\u0130N r\u0259hb\u0259rl\u0259ri Sergey Lavrov v\u0259 Ceyhun Bayramov m\u0259tbuat konfrans\u0131 ke\u00e7iribl\u0259r.<\/strong><\/p>\n\n\n\n<p>Sergey Lavrov ikit\u0259r\u0259fli m\u00fcnasib\u0259tl\u0259rin inki\u015faf\u0131 \u00fc\u00e7\u00fcn m\u0259d\u0259ni-humanitar v\u0259 iqtisadi \u0259laq\u0259l\u0259rin vacibliyini v\u0259 rus dilin\u0259 qay\u011f\u0131ke\u015f m\u00fcnasib\u0259tin vacibliyini qeyd edib.<\/p>\n\n\n\n<p>Regional m\u0259s\u0259l\u0259l\u0259rl\u0259 ba\u011fl\u0131 h\u0259r iki \u00f6lk\u0259nin m\u00f6vqeyi \u00fcst-\u00fcst\u0259 d\u00fc\u015f\u00fcr v\u0259 ya \u00e7ox yax\u0131nd\u0131r, AT\u018fT-d\u0259 v\u0259 dig\u0259r qurumlarda \u0259m\u0259kda\u015fl\u0131q u\u011furla gedir.<\/p>\n\n\n\n<p>S.Lavrov deyib ki, Erm\u0259nistan-Az\u0259rbaycan m\u00fcnaqi\u015f\u0259si v\u0259 dinc nizamlanma \u00fczr\u0259 n\u0259tic\u0259l\u0259r\u0259 nail olmaq \u00fc\u00e7\u00fcn atmosfer yarad\u0131lmas\u0131n\u0131n vacibliyi bar\u0259d\u0259 \u0259trafl\u0131 dan\u0131\u015f\u0131blar.<\/p>\n\n\n\n<p>Cavab s\u00f6z\u00fcnd\u0259 C.Bayramov Rusiya il\u0259 ikit\u0259r\u0259fli m\u00fcnasib\u0259tl\u0259ri iki \u00f6lk\u0259nin u\u011furlu t\u0259r\u0259fda\u015fl\u0131\u011f\u0131n\u0131n n\u00fcmun\u0259si adland\u0131r\u0131b. O, iqtisadi \u0259laq\u0259l\u0259rin vacibliyini v\u0259 \u00f6lk\u0259l\u0259r aras\u0131nda ticar\u0259t d\u00f6vriyy\u0259sinin 3 mlrd. dollar\u0131 \u00f6td\u00fcy\u00fcn\u00fc qeyd edib.<\/p>\n\n\n\n<p>Qaraba\u011f m\u00fcnaqi\u015f\u0259sin\u0259 toxunan C.Bayramov deyib ki, Bak\u0131 AT\u018fT-in Minsk Qrupunun h\u0259ms\u0259drl\u0259rind\u0259n biri kimi Rusiyaya ayr\u0131ca \u00fcmid b\u0259sl\u0259yir.<\/p>\n\n\n\n<p>Erm\u0259nistan Az\u0259rbaycan \u0259razil\u0259rinin 20% \u2013 ni i\u015f\u011falda saxlayaraq dinc \u0259halini oradan qovmaqla beyn\u0259lxalq h\u00fcququ pozmaqda davam edir.<\/p>\n\n\n\n<p>\u0130yulun 12-16-da Erm\u0259nistanla s\u0259rh\u0259dd\u0259 ged\u0259n d\u00f6y\u00fc\u015fl\u0259r Az\u0259rbaycan\u0131n n\u0259qliyyat infrastrukturunu t\u0259hl\u00fck\u0259 alt\u0131na salmaq m\u0259qs\u0259dil\u0259 t\u0259xribat idi.<\/p>\n\n\n\n<p>C.Bayramov qeyd edib ki, beyn\u0259lxalq birlik nizamlanmaya dair m\u0259zmunlu dan\u0131\u015f\u0131qlar\u0131n davam etdirilm\u0259si v\u0259 BMT T\u0259hl\u00fck\u0259sizlik \u015euras\u0131n\u0131n m\u0259lum q\u0259tnam\u0259l\u0259rinin h\u0259yata ke\u00e7irilm\u0259si, Az\u0259rbaycan\u0131n \u0259razi b\u00fct\u00f6vl\u00fcy\u00fcn\u00fcn b\u0259rpa edilm\u0259si \u00fc\u00e7\u00fcn Erm\u0259nistana t\u0259sir g\u00f6st\u0259rm\u0259lidir.<\/p>\n\n\n\n<p>\u201cNizamlanma il\u0259 ba\u011fl\u0131 hans\u0131 add\u0131mlar at\u0131l\u0131r v\u0259 g\u00f6zl\u0259nilir\u201d sual\u0131n\u0131n cavab\u0131nda C.Bayramov qeyd edib ki, dan\u0131\u015f\u0131qlar \u201cimitasiya\u201d olmal\u0131 deyil, konkret m\u0259qs\u0259dl\u0259r\u0259 nail olma\u011fa xidm\u0259t etm\u0259lidir.<\/p>\n\n\n\n<p>\u00d6z n\u00f6vb\u0259sind\u0259 S.Lavrov deyib ki, t\u0259r\u0259fl\u0259r dan\u0131\u015f\u0131qlar ill\u0259ri \u0259rzind\u0259 nizamlanmaya bir s\u0131ra s\u0259n\u0259dl\u0259r i\u015fl\u0259yib haz\u0131rlay\u0131blar ki, bunlarda kompleks yana\u015fma t\u0259sbit edilib. \u201cB\u00fct\u00fcn b\u0259ndl\u0259rl\u0259 ba\u011fl\u0131 raz\u0131l\u0131q yoxdur. Dan\u0131\u015f\u0131qlar\u0131 aparanlar\u0131n t\u0259rkibini d\u0259yi\u015fm\u0259k c\u0259hdl\u0259ri olub ki, bu da q\u0259buledilm\u0259zdir\u201d, \u2013 o qeyd edib.<\/p>\n\n\n\n<p>\u201cBMT T\u0259hl\u00fck\u0259sizlik \u015euras\u0131n\u0131n q\u0259tnam\u0259l\u0259ri d\u0259 daxil olmaqla, beyn\u0259lxalq birliyin i\u015fl\u0259yib haz\u0131rlad\u0131\u011f\u0131 q\u0259rarlar\u0131n \u0259ld\u0259 r\u0259hb\u0259r tutulmas\u0131 il\u0259 raz\u0131yam\u201d, \u2013 S.Lavrov deyib.<\/p>\n","protected":false},"excerpt":{"rendered":"<p>Turan: Moskvada ikit\u0259r\u0259fli dan\u0131\u015f\u0131qlar\u0131n yekunlar\u0131na \u0259sas\u0259n RF v\u0259 Az\u0259rbaycan X\u0130N r\u0259hb\u0259rl\u0259ri Sergey Lavrov v\u0259 Ceyhun Bayramov m\u0259tbuat konfrans\u0131 ke\u00e7iribl\u0259r. Sergey Lavrov ikit\u0259r\u0259fli m\u00fcnasib\u0259tl\u0259rin inki\u015faf\u0131<\/p>\n","protected":false},"author":2,"featured_media":0,"comment_status":"closed","ping_status":"closed","sticky":false,"template":"","format":"standard","meta":{"footnotes":""},"categories":[1],"tags":[],"class_list":["post-14009","post","type-post","status-publish","format-standard","hentry","category-siyast"],"aioseo_notices":[],"_links":{"self":[{"href":"https:\/\/fedai.az\/index.php?rest_route=\/wp\/v2\/posts\/14009","targetHints":{"allow":["GET"]}}],"collection":[{"href":"https:\/\/fedai.az\/index.php?rest_route=\/wp\/v2\/posts"}],"about":[{"href":"https:\/\/fedai.az\/index.php?rest_route=\/wp\/v2\/types\/post"}],"author":[{"embeddable":true,"href":"https:\/\/fedai.az\/index.php?rest_route=\/wp\/v2\/users\/2"}],"replies":[{"embeddable":true,"href":"https:\/\/fedai.az\/index.php?rest_route=%2Fwp%2Fv2%2Fcomments&post=14009"}],"version-history":[{"count":1,"href":"https:\/\/fedai.az\/index.php?rest_route=\/wp\/v2\/posts\/14009\/revisions"}],"predecessor-version":[{"id":14010,"href":"https:\/\/fedai.az\/index.php?rest_route=\/wp\/v2\/posts\/14009\/revisions\/14010"}],"wp:attachment":[{"href":"https:\/\/fedai.az\/index.php?rest_route=%2Fwp%2Fv2%2Fmedia&parent=14009"}],"wp:term":[{"taxonomy":"category","embeddable":true,"href":"https:\/\/fedai.az\/index.php?rest_route=%2Fwp%2Fv2%2Fcategories&post=14009"},{"taxonomy":"post_tag","embeddable":true,"href":"https:\/\/fedai.az\/index.php?rest_route=%2Fwp%2Fv2%2Ftags&post=14009"}],"curies":[{"name":"wp","href":"https:\/\/api.w.org\/{rel}","templated":true}]}}