{"id":14015,"date":"2020-08-27T16:35:04","date_gmt":"2020-08-27T12:35:04","guid":{"rendered":"http:\/\/fedai.az\/?p=14015"},"modified":"2020-08-27T16:35:07","modified_gmt":"2020-08-27T12:35:07","slug":"t%c9%99hsil-naziri-yeni-t%c9%99dris-ilinin-baslanma-tarixini-aciqlayacaq","status":"publish","type":"post","link":"https:\/\/fedai.az\/?p=14015","title":{"rendered":"T\u0259hsil naziri yeni t\u0259dris ilinin ba\u015flanma tarixini a\u00e7\u0131qlayacaq"},"content":{"rendered":"\n<p><strong>Sentyabr\u0131n 15-d\u0259n I-IV sinifl\u0259r \u00fc\u00e7\u00fcn \u0259n\u0259n\u0259vi qaydada d\u0259rsl\u0259r ba\u015flayacaq.&nbsp;<\/strong><\/p>\n\n\n\n<p>Veril\u0259n m\u0259lumata g\u00f6r\u0259, V-IX sinifl\u0259rd\u0259 is\u0259 t\u0259dris oktyabrdan t\u0259tbiq olunacaq.\u00a0<\/p>\n\n\n\n<p>Bunu T\u0259hsil naziri yeni t\u0259dris ilinin ba\u015flanma tarixini a\u00e7\u0131qlayacaq<\/p>\n\n\n\n<p>Yeni t\u0259dris ilinin ba\u015flanmas\u0131 il\u0259 ba\u011fl\u0131 Nazirl\u0259r Kabineti yan\u0131nda Operativ Q\u0259rargah\u0131n bu g\u00fcn brifinqi ke\u00e7iril\u0259c\u0259k.<\/p>\n\n\n\n<p>Brifinqd\u0259 T\u0259hsil naziri Emin \u018fmrullayevin i\u015ftirak ed\u0259c\u0259k v\u0259 bu bar\u0259d\u0259 m\u0259lumat ver\u0259c\u0259yi g\u00f6zl\u0259nilir.<\/p>\n\n\n\n<p>H\u0259m\u00e7inin bu, E. \u018fmrullayevin m\u0259tbuat qar\u015f\u0131s\u0131nda T\u0259hsil naziri qismind\u0259 ilk \u00e7\u0131x\u0131\u015f\u0131 olacaq.<\/p>\n","protected":false},"excerpt":{"rendered":"<p>Sentyabr\u0131n 15-d\u0259n I-IV sinifl\u0259r \u00fc\u00e7\u00fcn \u0259n\u0259n\u0259vi qaydada d\u0259rsl\u0259r ba\u015flayacaq.&nbsp; Veril\u0259n m\u0259lumata g\u00f6r\u0259, V-IX sinifl\u0259rd\u0259 is\u0259 t\u0259dris oktyabrdan t\u0259tbiq olunacaq.\u00a0 Bunu T\u0259hsil naziri yeni t\u0259dris<\/p>\n","protected":false},"author":2,"featured_media":0,"comment_status":"closed","ping_status":"closed","sticky":false,"template":"","format":"standard","meta":{"footnotes":""},"categories":[8],"tags":[],"class_list":["post-14015","post","type-post","status-publish","format-standard","hentry","category-thsil"],"aioseo_notices":[],"_links":{"self":[{"href":"https:\/\/fedai.az\/index.php?rest_route=\/wp\/v2\/posts\/14015","targetHints":{"allow":["GET"]}}],"collection":[{"href":"https:\/\/fedai.az\/index.php?rest_route=\/wp\/v2\/posts"}],"about":[{"href":"https:\/\/fedai.az\/index.php?rest_route=\/wp\/v2\/types\/post"}],"author":[{"embeddable":true,"href":"https:\/\/fedai.az\/index.php?rest_route=\/wp\/v2\/users\/2"}],"replies":[{"embeddable":true,"href":"https:\/\/fedai.az\/index.php?rest_route=%2Fwp%2Fv2%2Fcomments&post=14015"}],"version-history":[{"count":1,"href":"https:\/\/fedai.az\/index.php?rest_route=\/wp\/v2\/posts\/14015\/revisions"}],"predecessor-version":[{"id":14016,"href":"https:\/\/fedai.az\/index.php?rest_route=\/wp\/v2\/posts\/14015\/revisions\/14016"}],"wp:attachment":[{"href":"https:\/\/fedai.az\/index.php?rest_route=%2Fwp%2Fv2%2Fmedia&parent=14015"}],"wp:term":[{"taxonomy":"category","embeddable":true,"href":"https:\/\/fedai.az\/index.php?rest_route=%2Fwp%2Fv2%2Fcategories&post=14015"},{"taxonomy":"post_tag","embeddable":true,"href":"https:\/\/fedai.az\/index.php?rest_route=%2Fwp%2Fv2%2Ftags&post=14015"}],"curies":[{"name":"wp","href":"https:\/\/api.w.org\/{rel}","templated":true}]}}