{"id":14051,"date":"2020-08-28T02:25:40","date_gmt":"2020-08-27T22:25:40","guid":{"rendered":"http:\/\/fedai.az\/?p=14051"},"modified":"2020-08-30T13:14:07","modified_gmt":"2020-08-30T09:14:07","slug":"kalantaryan-lavrov-qaranliq-otaqda-qara-pisik-axtarir-soyqu-is%c9%99-t%c9%99yyar%c9%99yl%c9%99-soldatlara-caxir-dasiyir","status":"publish","type":"post","link":"https:\/\/fedai.az\/?p=14051","title":{"rendered":"Kalantaryan-Lavrov qaranl\u0131q otaqda &#171;qara pi\u015fik&#187; axtar\u0131r, \u015eoyqu is\u0259 t\u0259yyar\u0259yl\u0259 &#171;soldatlara&#187; \u00e7ax\u0131r da\u015f\u0131y\u0131r&#8230;"},"content":{"rendered":"\n<p><strong>Avqustun 26-da Az\u0259rbaycan\u0131n Xarici \u0130\u015fl\u0259r naziri Ceyhun Bayramovun Moskvaya ilk r\u0259smi s\u0259f\u0259ri ba\u015f tutdu. Bu s\u0259f\u0259r son zamanlar Erm\u0259nistan-Az\u0259rbaycan m\u00fcnaqi\u015f\u0259sinin alovlanmas\u0131, x\u00fcsusi il\u0259 d\u0259 Tovuzda s\u0259rh\u0259dyan\u0131 konfliktin g\u0259rginl\u0259\u015fm\u0259sind\u0259n sonra ger\u00e7\u0259kl\u0259\u015firdi. Erm\u0259nistan\u0131n d\u00f6vl\u0259t s\u0259rh\u0259dimizin Tovuz istiqam\u0259tind\u0259ki t\u0259xribat\u0131ndan sonra Rusiyadan \u00fc\u00e7\u00fcnc\u00fc \u00f6lk\u0259l\u0259r vasit\u0259si il\u0259 Erm\u0259nistana h\u0259rbi y\u00fckl\u0259rin da\u015f\u0131nmas\u0131 haqq\u0131nda m\u0259lumatlar, Az\u0259rbaycan Prezidenti \u0130lham \u018fliyevin bu m\u0259s\u0259l\u0259 il\u0259 ba\u011fl\u0131 rusiyal\u0131 h\u0259mkar\u0131na z\u0259ng etm\u0259si Bak\u0131 il\u0259 Moskva aras\u0131nda dialoqun intensivl\u0259\u015fm\u0259sini lab\u00fcd edirdi.&nbsp;<\/strong><\/p>\n\n\n\n<p>Lavrovun simas\u0131nda r\u0259smi Moskva yenid\u0259n Az\u0259rbaycan v\u0259 Erm\u0259nistan aras\u0131nda Qaraba\u011f dan\u0131\u015f\u0131qlar\u0131n\u0131 b\u0259rpa etm\u0259k ist\u0259yir. Lavrovun birg\u0259 m\u0259tbuat konfrans\u0131nda h\u0259ms\u0259drl\u0259rin k\u00f6m\u0259yi il\u0259 hans\u0131sa m\u0259rh\u0259l\u0259d\u0259 Xarici \u0130\u015fl\u0259r Nazirl\u0259rinin kontakt\u0131n\u0131 t\u0259\u015fkil etm\u0259yin planla\u015fd\u0131r\u0131ld\u0131\u011f\u0131n\u0131 bildirm\u0259si d\u0259 bunu g\u00f6st\u0259rir. Rusiya X\u0130N ba\u015f\u00e7\u0131s\u0131n\u0131n bu b\u0259yanat\u0131na cavab\u0131 az\u0259rbaycanl\u0131 h\u0259mkar\u0131 bir g\u00fcn \u0259vv\u0259l TASS-a m\u00fcsahib\u0259sind\u0259 bildirmi\u015fdi. Ceyhun Bayramov erm\u0259ni h\u0259mkar\u0131 il\u0259 g\u00f6r\u00fc\u015f\u00fcn m\u00fcmk\u00fcnl\u00fcy\u00fc \u00fc\u00e7\u00fcn Bak\u0131n\u0131n \u015f\u0259rtl\u0259rini a\u00e7\u0131qlam\u0131\u015fd\u0131: \u201cH\u0259ms\u0259drl\u0259r bu ilin pay\u0131z\u0131nda Az\u0259rbaycan v\u0259 Erm\u0259nistan X\u0130N ba\u015f\u00e7\u0131lar\u0131n\u0131n g\u00f6r\u00fc\u015f\u00fcn\u00fc t\u0259\u015fkil etm\u0259k ist\u0259yirl\u0259r. Lakin Erm\u0259nistan\u0131n f\u0259aliyy\u0259ti faktiki olaraq h\u0259ms\u0259drl\u0259rin s\u0259yl\u0259rini s\u0131f\u0131ra endirib. Erm\u0259nistan\u0131n m\u00fcnaqi\u015f\u0259nin nizamlanmas\u0131 prosesini pozmas\u0131 t\u0259kc\u0259 iyulun 12-d\u0259 ba\u015f ver\u0259n h\u0259rbi h\u00fccumla m\u0259hdudla\u015fm\u0131r. Bu \u00f6lk\u0259nin r\u0259hb\u0259rliyi m\u00fcharib\u0259nin n\u0259tic\u0259l\u0259rini m\u00f6hk\u0259ml\u0259ndirm\u0259yin vacibliyini, \u0259razil\u0259rin azad edilm\u0259sinin m\u00fcmk\u00fcnl\u00fcy\u00fcn\u00fcn istisnal\u0131\u011f\u0131n\u0131 b\u0259yan ed\u0259r\u0259k, Az\u0259rbaycan\u0131n ya\u015fay\u0131\u015f m\u0259nt\u0259q\u0259l\u0259rin\u0259 z\u0259rb\u0259l\u0259r endirm\u0259kl\u0259 h\u0259d\u0259l\u0259y\u0259r\u0259k, i\u015f\u011fal alt\u0131ndak\u0131 \u0259razil\u0259r\u0259 qanunsuz k\u00f6\u00e7\u00fcr\u00fclm\u0259 siyas\u0259tini davam etdir\u0259r\u0259k dan\u0131\u015f\u0131qlar\u0131n b\u0259rpa olunmas\u0131 \u015fans\u0131na z\u0259rb\u0259 vurur. Erm\u0259nistan t\u0259r\u0259finin bu aqressiv b\u0259yanatlar\u0131n\u0131n v\u0259 t\u0259xribat\u00e7\u0131 add\u0131mlar\u0131n\u0131n siyah\u0131s\u0131n\u0131 davam etdirm\u0259k olar. Bu c\u00fcr \u015f\u0259rtl\u0259rd\u0259 X\u0130N ba\u015f\u00e7\u0131lar\u0131n\u0131n g\u00f6r\u00fc\u015f\u00fcn\u00fcn tarixi haqq\u0131nda dan\u0131\u015fmaq tez olard\u0131.<\/p>\n\n\n\n<figure class=\"wp-block-gallery columns-2 is-cropped wp-block-gallery-1 is-layout-flex wp-block-gallery-is-layout-flex\"><ul class=\"blocks-gallery-grid\"><li class=\"blocks-gallery-item\"><figure><img decoding=\"async\" src=\"http:\/\/fedai.az\/wp-content\/uploads\/2020\/08\/images-9-1.jpg\" alt=\"\" data-id=\"14053\" data-link=\"http:\/\/fedai.az\/?attachment_id=14053\" class=\"wp-image-14053\"\/><\/figure><\/li><li class=\"blocks-gallery-item\"><figure><img decoding=\"async\" src=\"http:\/\/fedai.az\/wp-content\/uploads\/2020\/08\/erevan_antirussia2.jpg\" alt=\"\" data-id=\"14054\" data-full-url=\"http:\/\/fedai.az\/wp-content\/uploads\/2020\/08\/erevan_antirussia2.jpg\" data-link=\"http:\/\/fedai.az\/?attachment_id=14054\" class=\"wp-image-14054\"\/><\/figure><\/li><\/ul><\/figure>\n\n\n\n<p>Rusiya X\u0130N ba\u015f\u00e7\u0131s\u0131n\u0131n Qaraba\u011f m\u00fcnaqi\u015f\u0259si il\u0259 ba\u011fl\u0131 \u00e7\u0131x\u0131\u015f\u0131nda dig\u0259r \u00f6n\u0259mli m\u0259qam \u201cAT\u018fT-in Minsk Qrupu h\u0259ms\u0259drl\u0259ri dan\u0131\u015f\u0131qlar\u0131n t\u0259rkibinin d\u0259yi\u015fdirilm\u0259sinin q\u0259buledlm\u0259z hesab edir\u201d fikrini s\u0259sl\u0259ndirm\u0259si idi. Burada s\u0259tiralt\u0131 olan bir m\u0259qama diqq\u0259ti yetirm\u0259k vacibdir. Bu, t\u0259bii ki, son zamanlar Az\u0259rbaycan r\u0259smil\u0259rinin v\u0259 ictimaiyy\u0259tinin haql\u0131 olaraq Minsk Qrupunu f\u0259aliyy\u0259tsizlikd\u0259 g\u00fcnahland\u0131rmas\u0131, Ankaran\u0131n Tovuzda s\u0259rh\u0259dyan\u0131 t\u0259xribat zaman\u0131 v\u0259 sonras\u0131 f\u0259al olaraq ard-arda siyasi b\u0259yanatlar verm\u0259si, \u018frdo\u011fan\u0131n Putinl\u0259 bu m\u0259s\u0259l\u0259ni m\u00fczakir\u0259 etm\u0259si v\u0259 bu m\u0259lumat\u0131n Kreml t\u0259r\u0259find\u0259n yay\u0131lmas\u0131 il\u0259 ba\u011fl\u0131 idi. Ona g\u00f6r\u0259 d\u0259 Lavrovun simas\u0131nda Rusiya X\u0130N&nbsp;bu m\u0259s\u0259l\u0259 il\u0259 ba\u011fl\u0131 narahatl\u0131\u011f\u0131n\u0131 ifad\u0259 etdi. Lakin fikrimc\u0259, bu, he\u00e7 d\u0259 Rusiya siyasi esteble\u015fmentinin yekdil fikri deyil. Kremlin \u018frdo\u011fan-Putin telefon dan\u0131\u015f\u0131\u011f\u0131nda Tovuzdak\u0131 s\u0259rh\u0259d t\u0259xribat\u0131n\u0131n m\u00fczakir\u0259si il\u0259 ba\u011fl\u0131 m\u0259lumat\u0131 yaymas\u0131 v\u0259 dig\u0259r bir s\u0131ra m\u0259qamlar bunu dem\u0259y\u0259 m\u0259n\u0259 \u0259sas verir. Ankaran\u0131n Erm\u0259nistan-Az\u0259rbaycan m\u00fcnaqi\u015f\u0259sinin nizamlanmas\u0131na qo\u015fulmas\u0131n\u0131 ist\u0259m\u0259y\u0259n q\u00fcvv\u0259 h\u0259r k\u0259s\u0259 m\u0259lumdur.&nbsp;<\/p>\n\n\n\n<p><strong>Bu arada Rusiya X\u0130 naziri Lavrov Bayramovu \u00a0Xarici \u0130\u015fl\u0259r Nazirliyinin tarixi malikan\u0259sind\u0259 \u2013 Rusiya X\u0130N-in Q\u0259bullar Evi adland\u0131r\u0131lan binada q\u0259bul etdi. Burada t\u0259kb\u0259t\u0259k 1 saatl\u0131q g\u00f6r\u00fc\u015f ke\u00e7irdil\u0259r. T\u0259kb\u0259t\u0259k g\u00f6r\u00fc\u015fd\u0259 media n\u00fcmay\u0259nd\u0259l\u0259ri i\u015ftirak etmirdi. Fakt\u0131 yaln\u0131z  X\u0130N malikan\u0259sinin tarixi zallar\u0131n\u0131n birind\u0259, m\u0259\u015fhur Molotov (SSR\u0130-nin Xarici \u0130\u015fl\u0259r naziri) \u2013 Ribbentrop (Nasist Almaniyas\u0131n\u0131n Xarici \u0130\u015fl\u0259r naziri) pakt\u0131n\u0131n imzaland\u0131\u011f\u0131 zaldan yay\u0131nlanan foto t\u0259sdiq edir.\u00a0Bu g\u00f6r\u00fc\u015f haqq\u0131nda h\u0259r iki t\u0259r\u0259f \u015f\u0259rh verm\u0259yib. Amma Lavrovun Qaraba\u011f m\u00fcharib\u0259sin\u0259 yana\u015fma t\u0259rzinin q\u0259tiyy\u0259n d\u0259yi\u015fm\u0259m\u0259si v\u0259 Rusiyan\u0131n bu sava\u015fda h\u0259ms\u0259dr deyil, t\u0259r\u0259f olmas\u0131n\u0131 bir daha t\u0259sdiql\u0259yir, Rusiya sad\u0259c\u0259 erm\u0259nil\u0259rin sifari\u015fiyl\u0259 T\u00fcrkiy\u0259nin C\u0259nubi Qafqazda v\u0259 bu m\u00fcnaqi\u015f\u0259d\u0259 yer ala bil\u0259c\u0259yind\u0259n \u0259ndi\u015f\u0259lidir. Rusiya b\u00f6lg\u0259d\u0259 s\u00fclh\u00fcn deyil, sava\u015f\u0131n alovlanmas\u0131n\u0131n memar\u0131d\u0131r, d\u0259yi\u015fm\u0259si d\u0259 m\u00fcmk\u00fcn deyil. X\u00fcsus\u0259n d\u0259 erm\u0259nil\u0259rin imperiya\u0131n strateji qollar\u0131na s\u0131zmas\u0131 \u0259lav\u0259 \u00fcmidl\u0259r\u0259 d\u0259 yer qoymur. Amma Rusiya anlamal\u0131d\u0131r ki, onun Qafqazda yeri yoxdur v\u0259 \u0259g\u0259r qalmaq ist\u0259yirs\u0259, \u00f6z\u00fcn\u00fcn terror\u00e7u-separat\u00e7\u0131 &#171;\u015faykas\u0131n\u0131&#187; Qaraba\u011fdan \u00e7\u0131xarmal\u0131 v\u0259 \u00f6z forpostu olan Erm\u0259nistanla kifay\u0259tl\u0259nm\u0259lidir. Problemin t\u0259k h\u0259lli G\u00fcrc\u00fcstan\u0131n Q\u0259rbl\u0259, Az\u0259rbaycan\u0131n T\u00fcrkiy\u0259 il\u0259 birg\u0259liyi yolundan \u0259ng\u0259l olmaqdan \u00e7\u0259kilm\u0259lidir.<\/strong><\/p>\n\n\n\n<figure class=\"wp-block-image size-large is-resized\"><img loading=\"lazy\" decoding=\"async\" src=\"http:\/\/fedai.az\/wp-content\/uploads\/2020\/08\/editor_244366a9235cc6d5f2d3b01003016a06_cbl4m7zh6ftni92wpgr8-750x403-1.jpeg\" alt=\"\" class=\"wp-image-14055\" width=\"916\" height=\"492\"\/><\/figure>\n\n\n\n<p>Erm\u0259ni Kalantar\u0131n n\u0259v\u0259si Lavrov hans\u0131 dan\u0131\u015f\u0131qlar\u0131 b\u0259rpa etm\u0259k ist\u0259yir? Rus fa\u015fisti Kazimirov-Qra\u00e7ov yaratd\u0131qlar\u0131 bu problemin ad\u0131n\u0131 &#171;h\u0259lli olmayan problem&#187; qoyduqlar\u0131n\u0131n art\u0131q \u015fifr\u0259si \u00e7\u00f6z\u00fcl\u00fcb. D\u00fcnyada h\u0259lli olmayan problem yoxdur. <strong>&#171;Olmaz&#187;<\/strong> dey\u0259rsiniz, onu<strong> &#171;Qordi d\u00fcy\u00fcn\u00fc&#187;<\/strong> kimi q\u0131l\u0131ncla k\u0259s\u0259rik. B\u00fct\u00fcn Qafqaz qalx\u0131b,<strong> &#171;\u0130van idi domoy!&#187;<\/strong> dem\u0259mi\u015f, Rusiya b\u0259\u015f\u0259riyy\u0259t\u0259 qar\u015f\u0131 i\u015fl\u0259tdiyi cinay\u0259tl\u0259rd\u0259n \u00e7\u0259kinib \u00f6z yuvas\u0131na \u00e7\u0259kilm\u0259lidir. \u00c7\u00fcnki \u00e7\u00f6k\u00fc\u015f \u00f6nc\u0259si Rusiyada it yiy\u0259sini, he\u00e7 yiy\u0259si d\u0259 \u00f6z itini tan\u0131m\u0131r. Hans\u0131n\u0131z it, hans\u0131n\u0131z sahib oldu\u011funuzu C\u0259nubi Qafqazda deyil, gedib C\u0259nubi Rusiyada ayd\u0131nla\u015fd\u0131rn. Gec, ya da tez bunlar ba\u015f ver\u0259c\u0259kdir v\u0259 Lavrov X\u0130N qaranl\u0131q ota\u011f\u0131nda biz\u0259 n\u0259l\u0259ri i\u015far\u0259tl\u0259 dem\u0259k ist\u0259diyini is\u0259, qoy yeni Xarici \u0130\u015fl\u0259r naziri Bayramov a\u00e7\u0131qlas\u0131n. Bizim yozumumuza qalanda is\u0259, qarab\u0259niz Lavrovun qaranl\u0131q otaqda qara pi\u015fik axtarmas\u0131 he\u00e7 d\u0259 yax\u015f\u0131 \u0259lam\u0259t deyil&#8230;<\/p>\n\n\n\n<figure class=\"wp-block-gallery columns-2 is-cropped wp-block-gallery-2 is-layout-flex wp-block-gallery-is-layout-flex\"><ul class=\"blocks-gallery-grid\"><li class=\"blocks-gallery-item\"><figure><img decoding=\"async\" src=\"http:\/\/fedai.az\/wp-content\/uploads\/2020\/08\/news_20200613064328.jpg\" alt=\"\" data-id=\"14056\" data-full-url=\"http:\/\/fedai.az\/wp-content\/uploads\/2020\/08\/news_20200613064328.jpg\" data-link=\"http:\/\/fedai.az\/?attachment_id=14056\" class=\"wp-image-14056\"\/><\/figure><\/li><li class=\"blocks-gallery-item\"><figure><img decoding=\"async\" src=\"http:\/\/fedai.az\/wp-content\/uploads\/2020\/08\/\u0437\u0430\u0433\u0440\u0443\u0436\u0435\u043d\u043e-3-4.jpg\" alt=\"\" data-id=\"14065\" data-full-url=\"http:\/\/fedai.az\/wp-content\/uploads\/2020\/08\/\u0437\u0430\u0433\u0440\u0443\u0436\u0435\u043d\u043e-3-4.jpg\" data-link=\"http:\/\/fedai.az\/?attachment_id=14065\" class=\"wp-image-14065\"\/><\/figure><\/li><\/ul><\/figure>\n\n\n\n<p><strong>\u0130ndi is\u0259 Rusiya Federasiyas\u0131 m\u00fcdafi\u0259 naziri Sergey \u015eoyqunun Bak\u0131 s\u0259f\u0259rin\u0259 diqq\u0259t yetir\u0259k. \u015eoyqu \u00f6z a\u00e7\u0131qlamas\u0131nda bildirdi ki, Rusiya Erm\u0259nistana Tovuz d\u00f6y\u00fc\u015fl\u0259ri zaman\u0131 silah deyil, tikinti material\u0131 v\u0259 \u00e7a\u011f\u0131r\u0131\u015f\u00e7\u0131lar\u0131 da\u015f\u0131y\u0131b. \u015eoyqunun bu izahat\u0131 inand\u0131r\u0131c\u0131 olmad\u0131. He\u015f \u00f6z\u00fc d\u0259 inanmad\u0131. Bizim M\u0259mm\u0259dr\u0259fi vard\u0131 M\u00fcdafi\u0259 naziri olanda t\u0259yyar\u0259 il\u0259 Moskvaya t\u0259yyar\u0259yl\u0259 tikinti material\u0131 da\u015f\u0131y\u0131rd\u0131, he\u00e7 gedib Qazaxstan &#8212; T\u00fcrkm\u0259nistan-\u0130ran x\u0259ttiyl\u0259 u\u00e7murdu.<\/strong> <\/p>\n\n\n\n<figure class=\"wp-block-gallery columns-2 is-cropped wp-block-gallery-3 is-layout-flex wp-block-gallery-is-layout-flex\"><ul class=\"blocks-gallery-grid\"><li class=\"blocks-gallery-item\"><figure><img decoding=\"async\" src=\"http:\/\/fedai.az\/wp-content\/uploads\/2020\/08\/images-3-4.jpg\" alt=\"\" data-id=\"14060\" data-full-url=\"http:\/\/fedai.az\/wp-content\/uploads\/2020\/08\/images-3-4.jpg\" data-link=\"http:\/\/fedai.az\/?attachment_id=14060\" class=\"wp-image-14060\"\/><\/figure><\/li><li class=\"blocks-gallery-item\"><figure><img loading=\"lazy\" decoding=\"async\" width=\"600\" height=\"450\" src=\"http:\/\/fedai.az\/wp-content\/uploads\/2020\/08\/Rusakan-razmabaza-4-1.gif\" alt=\"\" data-id=\"14057\" data-full-url=\"http:\/\/fedai.az\/wp-content\/uploads\/2020\/08\/Rusakan-razmabaza-4-1.gif\" data-link=\"http:\/\/fedai.az\/?attachment_id=14057\" class=\"wp-image-14057\"\/><\/figure><\/li><\/ul><\/figure>\n\n\n\n<p>Y\u0259ni \u015eoyqu m\u00fc\u0259llim 102 \u2013 ci briqadan\u0131n yenid\u0259n qurulmas\u0131 \u00fc\u00e7\u00fcn, m\u0259hz Tovuz d\u00f6y\u00fc\u015fl\u0259ri zaman\u0131m\u0131 yad\u0131na d\u00fc\u015fm\u00fc\u015fd\u00fc? \u018fg\u0259r t\u0259yyar\u0259l\u0259r tikinti material\u0131 da\u015f\u0131y\u0131rd\u0131larsa, niy\u0259 Rusiya G\u00fcrc\u00fcstan\u0131n \u00fcz\u0259rind\u0259n u\u00e7ma\u011f\u0131 G\u00fcrc\u00fcstandan icaz\u0259 ala bilm\u0259mi\u015fdi. Yaxud da bunca m\u0259sr\u0259f \u00e7\u0259km\u0259k \u0259v\u0259zin\u0259 erm\u0259nil\u0259rl\u0259 h\u0259r c\u00fcr i\u015f birliyind\u0259 olan erm\u0259nip\u0259r\u0259st molla rejimind\u0259n alayd\u0131n\u0131z. H\u0259m d\u0259 mollalara bir az xeyir vermi\u015f olard\u0131n\u0131z. H\u0259m d\u0259 102-ci bazada erm\u0259nil\u0259r he\u00e7 bir tikinti i\u015finin apar\u0131lmad\u0131\u011f\u0131n\u0131 yaz\u0131rlar. Amma \u015eoyqu Altay t\u00fcrk\u00fc oldu\u011funa g\u00f6r\u0259 ona yard\u0131m\u00e7\u0131 olmaq \u00fc\u00e7\u00fcn bir l\u0259tif\u0259 dan\u0131\u015faram: &#171;Bir k\u0259ndd\u0259 iki qarda\u015f varm\u0131\u015f. Biri d\u00fcz dan\u0131\u015fan, o biri is\u0259 yalan\u00e7\u0131n\u0131n biri imi\u015f. Do\u011fru dan\u0131\u015fan\u0131n i\u015fl\u0259ri d\u00fcz getm\u0259zmi\u015f, amma yalan\u00e7\u0131 x\u0259tir-h\u00f6rm\u0259t sahibi olmu\u015fdu. Bir g\u00fcn do\u011fru dan\u0131\u015fan qarda\u015f da yalan\u00e7\u0131 olma\u011fa q\u0259rar verir. Meydanda adamlar\u0131n gur yerind\u0259 deyir ki, d\u00fcn\u0259n g\u00f6yd\u0259 it h\u00fcr\u00fcrd\u00fc. E\u015fid\u0259nl\u0259r &#171;kafir&#187; deyib do\u011fru dan\u0131\u015fan qarda\u015f\u0131 d\u00f6ym\u0259y\u0259 ba\u015flay\u0131rlar. S\u0259s\u0259 g\u0259l\u0259n yalan\u00e7\u0131 qarda\u015f ir\u0259li yeriyib deyir: &#171;Bu adam d\u00fcz deyir. M\u0259n d\u0259 e\u015fitdim. Amma s\u0259n dem\u0259 qartal iti cayna\u011f\u0131na al\u0131b apar\u0131rm\u0131\u015f o it d\u0259 orada can\u0131n\u0131 qurtarmaq \u00fc\u00e7\u00fcn h\u00fcr\u00fcrm\u00fc\u015f&#187;. Adamlar raz\u0131la\u015f\u0131b \u00e7\u0259kilirl\u0259r. Yol boyu yalan\u00e7\u0131 qarda\u015f o birin\u0259 \u00f6y\u00fcd verib deyir: &#171;G\u0259r\u0259k yalan\u0131 da el\u0259 dan\u0131\u015fasan ki, ona izah da ver\u0259 bil\u0259s\u0259n&#8230;<\/p>\n\n\n\n<p><strong>B\u0259li, c\u0259nab \u015eoyqu. \u00c7oxlar\u0131, b\u0259lk\u0259 d\u0259 bilmir ki, niy\u0259, m\u0259hz ilk a\u011fl\u0131n\u0131za tikinti materiallar\u0131 g\u0259lib? Amma m\u0259n, h\u0259m d\u0259 xeyli tikintiyl\u0259 m\u0259\u015f\u011ful oldu\u011fuma g\u00f6r\u0259, bilir\u0259m. Bildirim ki, d\u00fcnyan\u0131n ikinci \u0259n b\u00f6y\u00fck ordusunun r\u0259hb\u0259rinin h\u0259rbi t\u0259hsili yoxdur v\u0259 o h\u0259rb\u00e7i deyil. Sergey \u015eoyqu 1977-ci ild\u0259 Krasnoyarsk Politexnik \u0130nstitutunu in\u015faat m\u00fch\u0259ndisliyi fak\u00fclt\u0259sini bitirib v\u0259 Sibirin bir s\u0131ra \u015f\u0259h\u0259r v\u0259 q\u0259s\u0259b\u0259l\u0259rind\u0259 in\u015faat m\u00fch\u0259ndisi kimi \u00e7al\u0131\u015f\u0131b. \u0130n\u015faat m\u00fch\u0259ndisliyind\u0259n 1990-c\u0131 ild\u0259 is\u0259 Rusiya Federasiyas\u0131 Memarl\u0131q v\u0259 \u0130n\u015faat Komit\u0259sinin s\u0259dr m\u00fcavini v\u0259zif\u0259sin\u0259 t\u0259yin olunub. Y\u0259ni \u015eoyqu h\u0259rb\u00e7i olsayd\u0131, m\u00fctl\u0259q da\u015f\u0131nan y\u00fckl\u0259rin h\u0259rbi y\u00fck olmas\u0131n\u0131 dey\u0259rdi.<\/strong><\/p>\n\n\n\n<p>H\u0259l\u0259 des\u0259k ki, \u015eoyqu soyad\u0131 da bir yanl\u0131\u015fdan yaran\u0131b, bu a\u011f olar dey\u0259rsiniz. \u015eoyqu soyad\u0131 \u201cRusiyan\u0131n S\u0259si\u201d radiosunun m\u0259lumat\u0131na g\u00f6r\u0259, S. \u015eoyqunun atas\u0131 Ku\u015faget d\u00fcnyaya g\u0259l\u0259nd\u0259 yerli h\u00f6kum\u0259t m\u0259muru onun ad\u0131 il\u0259 soyad\u0131n\u0131 qar\u0131\u015fd\u0131raraq yanl\u0131\u015fl\u0131qla \u015eoyqu yaz\u0131r v\u0259 bel\u0259c\u0259 d\u0259 anas\u0131 rus, atas\u0131 Tuva t\u00fcrk\u00fc olan Sergeyin soyad\u0131 \u015eoyqu qal\u0131r.<\/p>\n\n\n\n<p>Y\u0259ni yalan\u00e7\u0131 olmas\u0131n dey\u0259, t\u00fcrkl\u0259r u\u015fa\u011f\u0131n qula\u011f\u0131na soyad\u0131n\u0131 s\u00f6yl\u0259y\u0259rdil\u0259r. Yaz\u0131q \u015eoyqunun da qula\u011f\u0131na y\u0259qin ki, atas\u0131na edilmi\u015f yanl\u0131\u015f soyad\u0131 s\u00f6yl\u0259yibl\u0259r. Tikinti materiallar\u0131 \u0259v\u0259zin\u0259 bit d\u0259rman\u0131 des\u0259ydi, ke\u00e7mi\u015f Sovet ordusunda soldat olalanlar bunu t\u0259sdiql\u0259y\u0259rdil\u0259r. Y\u0259ni 102-ci ordu &#171;soldatlar\u0131na&#187; bit d\u00fc\u015f\u00fcb v\u0259 \u015eoyqu da oraya 800 ton bit d\u0259rman\u0131 g\u00f6nd\u0259rib. Quru yola etibar yoxdu. Beyruta da Azot k\u00fcbr\u0259si g\u00f6nd\u0259rmi\u015fdi, g\u00f6rd\u00fcn\u00fcz d\u0259 erm\u0259nil\u0259r neyl\u0259di? H\u0259l\u0259 &#171;yaz\u0131q erm\u0259nil\u0259r\u0259 g\u00f6r\u0259&#187; biz d\u0259 1 milyon zibil\u0259 d\u00fc\u015fd\u00fck. H\u0259m d\u0259 Bak\u0131da ya\u015fayan erm\u0259ni arvadlar\u0131 kils\u0259siz qald\u0131&#8230;<\/p>\n\n\n\n<p><strong>Amma \u015eoyqu dey\u0259s\u0259n, Tovuz h\u00fccumlar\u0131 zaman\u0131 rus &#171;soldatlar&#187;\u0131 qorxmas\u0131n dey\u0259 \u00e7ax\u0131r v\u0259 vodka da\u015f\u0131y\u0131rm\u0131\u015f&#8230;<\/strong><\/p>\n\n\n\n<p><strong>X. \u018fd\u0259bo\u011flu<\/strong><\/p>\n\n\n\n<figure class=\"wp-block-gallery columns-2 is-cropped wp-block-gallery-4 is-layout-flex wp-block-gallery-is-layout-flex\"><ul class=\"blocks-gallery-grid\"><li class=\"blocks-gallery-item\"><figure><img decoding=\"async\" src=\"http:\/\/fedai.az\/wp-content\/uploads\/2020\/08\/11790916.jpg\" alt=\"\" data-id=\"14058\" data-link=\"http:\/\/fedai.az\/?attachment_id=14058\" class=\"wp-image-14058\"\/><\/figure><\/li><li class=\"blocks-gallery-item\"><figure><img loading=\"lazy\" decoding=\"async\" width=\"700\" height=\"465\" src=\"http:\/\/fedai.az\/wp-content\/uploads\/2020\/08\/element-712231-misc-0023.jpg\" alt=\"\" data-id=\"14059\" data-full-url=\"http:\/\/fedai.az\/wp-content\/uploads\/2020\/08\/element-712231-misc-0023.jpg\" data-link=\"http:\/\/fedai.az\/?attachment_id=14059\" class=\"wp-image-14059\" srcset=\"https:\/\/fedai.az\/wp-content\/uploads\/2020\/08\/element-712231-misc-0023.jpg 700w, https:\/\/fedai.az\/wp-content\/uploads\/2020\/08\/element-712231-misc-0023-300x199.jpg 300w, https:\/\/fedai.az\/wp-content\/uploads\/2020\/08\/element-712231-misc-0023-150x100.jpg 150w\" sizes=\"auto, (max-width: 700px) 100vw, 700px\" \/><\/figure><\/li><\/ul><\/figure>\n\n\n\n<figure class=\"wp-block-gallery columns-2 is-cropped wp-block-gallery-5 is-layout-flex wp-block-gallery-is-layout-flex\"><ul class=\"blocks-gallery-grid\"><li class=\"blocks-gallery-item\"><figure><img decoding=\"async\" src=\"http:\/\/fedai.az\/wp-content\/uploads\/2020\/08\/images-10-1.jpg\" alt=\"\" data-id=\"14062\" data-link=\"http:\/\/fedai.az\/?attachment_id=14062\" class=\"wp-image-14062\"\/><\/figure><\/li><li class=\"blocks-gallery-item\"><figure><img decoding=\"async\" src=\"http:\/\/fedai.az\/wp-content\/uploads\/2020\/08\/voennye_nato_2.jpg\" alt=\"\" data-id=\"14063\" data-full-url=\"http:\/\/fedai.az\/wp-content\/uploads\/2020\/08\/voennye_nato_2.jpg\" data-link=\"http:\/\/fedai.az\/?attachment_id=14063\" class=\"wp-image-14063\"\/><\/figure><\/li><\/ul><\/figure>\n","protected":false},"excerpt":{"rendered":"<p>Avqustun 26-da Az\u0259rbaycan\u0131n Xarici \u0130\u015fl\u0259r naziri Ceyhun Bayramovun Moskvaya ilk r\u0259smi s\u0259f\u0259ri ba\u015f tutdu. Bu s\u0259f\u0259r son zamanlar Erm\u0259nistan-Az\u0259rbaycan m\u00fcnaqi\u015f\u0259sinin alovlanmas\u0131, x\u00fcsusi il\u0259 d\u0259<\/p>\n","protected":false},"author":2,"featured_media":0,"comment_status":"closed","ping_status":"closed","sticky":false,"template":"","format":"standard","meta":{"footnotes":""},"categories":[1],"tags":[],"class_list":["post-14051","post","type-post","status-publish","format-standard","hentry","category-siyast"],"aioseo_notices":[],"_links":{"self":[{"href":"https:\/\/fedai.az\/index.php?rest_route=\/wp\/v2\/posts\/14051","targetHints":{"allow":["GET"]}}],"collection":[{"href":"https:\/\/fedai.az\/index.php?rest_route=\/wp\/v2\/posts"}],"about":[{"href":"https:\/\/fedai.az\/index.php?rest_route=\/wp\/v2\/types\/post"}],"author":[{"embeddable":true,"href":"https:\/\/fedai.az\/index.php?rest_route=\/wp\/v2\/users\/2"}],"replies":[{"embeddable":true,"href":"https:\/\/fedai.az\/index.php?rest_route=%2Fwp%2Fv2%2Fcomments&post=14051"}],"version-history":[{"count":5,"href":"https:\/\/fedai.az\/index.php?rest_route=\/wp\/v2\/posts\/14051\/revisions"}],"predecessor-version":[{"id":14313,"href":"https:\/\/fedai.az\/index.php?rest_route=\/wp\/v2\/posts\/14051\/revisions\/14313"}],"wp:attachment":[{"href":"https:\/\/fedai.az\/index.php?rest_route=%2Fwp%2Fv2%2Fmedia&parent=14051"}],"wp:term":[{"taxonomy":"category","embeddable":true,"href":"https:\/\/fedai.az\/index.php?rest_route=%2Fwp%2Fv2%2Fcategories&post=14051"},{"taxonomy":"post_tag","embeddable":true,"href":"https:\/\/fedai.az\/index.php?rest_route=%2Fwp%2Fv2%2Ftags&post=14051"}],"curies":[{"name":"wp","href":"https:\/\/api.w.org\/{rel}","templated":true}]}}