{"id":14072,"date":"2020-08-28T02:45:43","date_gmt":"2020-08-27T22:45:43","guid":{"rendered":"http:\/\/fedai.az\/?p=14072"},"modified":"2020-08-28T02:45:44","modified_gmt":"2020-08-27T22:45:44","slug":"gurcustan-%c9%99dliyy%c9%99-naziri-saakasvili-s%c9%99rh%c9%99di-kec%c9%99n-kimi-h%c9%99bs-edil%c9%99c%c9%99k","status":"publish","type":"post","link":"https:\/\/fedai.az\/?p=14072","title":{"rendered":"G\u00fcrc\u00fcstan \u018fdliyy\u0259 naziri: \u201cSaaka\u015fvili s\u0259rh\u0259di ke\u00e7\u0259n kimi h\u0259bs edil\u0259c\u0259k\u201d"},"content":{"rendered":"\n<p><strong>G\u00fcrc\u00fcstan\u0131n \u018fdliyy\u0259 naziri<\/strong> <strong>Teya Tsulukiani \u00f6lk\u0259nin ke\u00e7mi\u015f Prezidenti Mixail Saaka\u015fvilinin videom\u00fcraci\u0259tin\u0259 cavab verib.<\/strong><\/p>\n\n\n\n<p>Apsny.ge x\u0259b\u0259r verir ki, Tsulukiani Saaka\u015fvilinin G\u00fcrc\u00fcstana g\u0259l\u0259c\u0259yini alq\u0131\u015flad\u0131\u011f\u0131n\u0131 v\u0259 sabiq prezidentin s\u0259rh\u0259dd\u0259 tutulaca\u011f\u0131n\u0131 deyib:<\/p>\n\n\n\n<p>\u201c\u018flb\u0259tt\u0259 ki, o, g\u00fcc tap\u0131b G\u00fcrc\u00fcstana g\u0259l\u0259rs\u0259, biz onu m\u0259mnuniyy\u0259tl\u0259 qar\u015f\u0131layar\u0131q. S\u00f6zs\u00fcz ki, s\u0259rh\u0259dd\u0259 onu saxlan\u0131lma proseduru v\u0259 G\u00fcrc\u00fcstan h\u0259bsxanas\u0131 g\u00f6zl\u0259yir.<\/p>\n\n\n\n<p>Saaka\u015fvili&nbsp;axtar\u0131\u015fda olanlar\u0131n siyah\u0131s\u0131ndad\u0131r v\u0259 bir ne\u00e7\u0259 instansiya il\u0259 ona qar\u015f\u0131 \u00e7\u0131xar\u0131lan h\u00f6kml\u0259r q\u00fcvv\u0259y\u0259 minib\u201d.<\/p>\n\n\n\n<p>Qeyd ed\u0259k ki, G\u00fcrc\u00fcstan\u0131n \u00fc\u00e7\u00fcnc\u00fc prezidenti bu g\u00fcn \u00f6lk\u0259y\u0259 qay\u0131daca\u011f\u0131 il\u0259 ba\u011fl\u0131 video payla\u015f\u0131b:<\/p>\n\n\n\n<p>\u201cBu yeddi il \u0259rzind\u0259 G\u00fcrc\u00fcstanla maraqlanmad\u0131\u011f\u0131m bir g\u00fcn olmay\u0131b. \u018fmin\u0259m ki, prezident kimi f\u0259aliyy\u0259tim bo\u015fa getm\u0259yib v\u0259 yaratd\u0131qlar\u0131m\u0131z\u0131n \u00e7oxu h\u0259l\u0259 d\u0259 qorunub saxlan\u0131l\u0131r.<\/p>\n\n\n\n<p>Eyni zamanda, G\u00fcrc\u00fcstanla ba\u011fl\u0131 x\u0259b\u0259r e\u015fitdiyim zaman d\u0259qiq bilir\u0259m ki, daha yax\u015f\u0131 ya\u015faya bil\u0259rik, h\u0259r bir g\u00fcrc\u00fc varl\u0131 ola bil\u0259r v\u0259 bunu birlikd\u0259 ed\u0259 bil\u0259rik! Qay\u0131d\u0131ram!\u201d(Oxu.az)<\/p>\n","protected":false},"excerpt":{"rendered":"<p>G\u00fcrc\u00fcstan\u0131n \u018fdliyy\u0259 naziri Teya Tsulukiani \u00f6lk\u0259nin ke\u00e7mi\u015f Prezidenti Mixail Saaka\u015fvilinin videom\u00fcraci\u0259tin\u0259 cavab verib. Apsny.ge x\u0259b\u0259r verir ki, Tsulukiani Saaka\u015fvilinin G\u00fcrc\u00fcstana g\u0259l\u0259c\u0259yini alq\u0131\u015flad\u0131\u011f\u0131n\u0131 v\u0259 sabiq<\/p>\n","protected":false},"author":2,"featured_media":0,"comment_status":"closed","ping_status":"closed","sticky":false,"template":"","format":"standard","meta":{"footnotes":""},"categories":[13],"tags":[],"class_list":["post-14072","post","type-post","status-publish","format-standard","hentry","category-xarici"],"aioseo_notices":[],"_links":{"self":[{"href":"https:\/\/fedai.az\/index.php?rest_route=\/wp\/v2\/posts\/14072","targetHints":{"allow":["GET"]}}],"collection":[{"href":"https:\/\/fedai.az\/index.php?rest_route=\/wp\/v2\/posts"}],"about":[{"href":"https:\/\/fedai.az\/index.php?rest_route=\/wp\/v2\/types\/post"}],"author":[{"embeddable":true,"href":"https:\/\/fedai.az\/index.php?rest_route=\/wp\/v2\/users\/2"}],"replies":[{"embeddable":true,"href":"https:\/\/fedai.az\/index.php?rest_route=%2Fwp%2Fv2%2Fcomments&post=14072"}],"version-history":[{"count":1,"href":"https:\/\/fedai.az\/index.php?rest_route=\/wp\/v2\/posts\/14072\/revisions"}],"predecessor-version":[{"id":14074,"href":"https:\/\/fedai.az\/index.php?rest_route=\/wp\/v2\/posts\/14072\/revisions\/14074"}],"wp:attachment":[{"href":"https:\/\/fedai.az\/index.php?rest_route=%2Fwp%2Fv2%2Fmedia&parent=14072"}],"wp:term":[{"taxonomy":"category","embeddable":true,"href":"https:\/\/fedai.az\/index.php?rest_route=%2Fwp%2Fv2%2Fcategories&post=14072"},{"taxonomy":"post_tag","embeddable":true,"href":"https:\/\/fedai.az\/index.php?rest_route=%2Fwp%2Fv2%2Ftags&post=14072"}],"curies":[{"name":"wp","href":"https:\/\/api.w.org\/{rel}","templated":true}]}}