{"id":14075,"date":"2020-08-28T02:53:30","date_gmt":"2020-08-27T22:53:30","guid":{"rendered":"http:\/\/fedai.az\/?p=14075"},"modified":"2020-08-28T02:53:32","modified_gmt":"2020-08-27T22:53:32","slug":"prezidentin-kom%c9%99kcisi-s%c9%99hid-ail%c9%99l%c9%99ri-qarabag-qazil%c9%99ri-muharib%c9%99-veteranlari-qacqin-v%c9%99-m%c9%99cburi-kockunl%c9%99rl%c9%99-isl%c9%99y%c9%99n-qht-l%c9%99rl%c9%99-goru","status":"publish","type":"post","link":"https:\/\/fedai.az\/?p=14075","title":{"rendered":"Prezidentin k\u00f6m\u0259k\u00e7isi \u015f\u0259hid ail\u0259l\u0259ri, Qaraba\u011f qazil\u0259ri, m\u00fcharib\u0259 veteranlar\u0131, qa\u00e7q\u0131n v\u0259 m\u0259cburi k\u00f6\u00e7k\u00fcnl\u0259rl\u0259 i\u015fl\u0259y\u0259n QHT-l\u0259rl\u0259 g\u00f6r\u00fc\u015f\u00fcb"},"content":{"rendered":"\n<p><strong>G\u00f6r\u00fc\u015f\u00fc giri\u015f s\u00f6z\u00fc il\u0259 a\u00e7an Az\u0259rbaycan Respublikas\u0131n\u0131n Prezidenti yan\u0131nda Qeyri-H\u00f6kum\u0259t T\u0259\u015fkilatlar\u0131na D\u00f6vl\u0259t D\u0259st\u0259yi \u015euras\u0131n\u0131n s\u0259dri Azay Quliyev bildirib ki, Az\u0259rbaycan Respublikas\u0131 Prezidentinin t\u0259sdiq etdiyi QHT-l\u0259r\u0259 d\u00f6vl\u0259t d\u0259st\u0259yi konsepsiyas\u0131nda \u015f\u0259hid ail\u0259l\u0259ri, Qaraba\u011f qazil\u0259ri, m\u00fcharib\u0259 veteranlar\u0131, \u0259lilliyi olan \u015f\u0259xsl\u0259r, qa\u00e7q\u0131n v\u0259 m\u0259cburi k\u00f6\u00e7k\u00fcnl\u0259rl\u0259 i\u015fl\u0259y\u0259n QHT-l\u0259r\u0259 d\u00f6vl\u0259t d\u0259st\u0259yi x\u00fcsusi prioritet t\u0259\u015fkil edir. <\/strong><\/p>\n\n\n\n<p>\u015eura f\u0259aliyy\u0259ti d\u00f6vr\u00fcnd\u0259 bu kateqoriyadan olan t\u0259\u015fkilatlar\u0131n layih\u0259l\u0259rin\u0259 davaml\u0131 olaraq maliyy\u0259 ay\u0131rm\u0131\u015f v\u0259 onlar\u0131n bu sah\u0259d\u0259 olan t\u0259\u015f\u0259bb\u00fcsl\u0259rini daima d\u0259st\u0259kl\u0259mi\u015fdir: \u201cBu g\u00fcn Prezidentin k\u00f6m\u0259k\u00e7isi Hikm\u0259t Hac\u0131yevin bu istiqam\u0259td\u0259 \u00e7al\u0131\u015fan QHT-l\u0259rl\u0259 ayr\u0131ca g\u00f6r\u00fc\u015f\u00fc d\u00f6vl\u0259tin bu sah\u0259y\u0259 n\u0259 q\u0259d\u0259r b\u00f6y\u00fck \u0259h\u0259miyy\u0259t verdiyini bir daha s\u00fcbut edir\u201d.<\/p>\n\n\n\n<p><strong>Az\u0259rbaycan Respublikas\u0131 Prezidentinin k\u00f6m\u0259k\u00e7isi Hikm\u0259t Hac\u0131yev ilk olaraq \u00f6lk\u0259mizin \u0259razi b\u00fct\u00f6vl\u00fcy\u00fcn\u00fcn qorunmas\u0131 u\u011frunda can\u0131n\u0131 f\u0259da ed\u0259n b\u00fct\u00fcn \u015f\u0259hidl\u0259rimizi yad edib v\u0259 onlara Allahdan r\u0259hm\u0259t dil\u0259yib. Hikm\u0259t Hac\u0131yev \u015f\u0259hid ail\u0259l\u0259ri, Qaraba\u011f qazil\u0259ri, m\u00fcharib\u0259 veteranlar\u0131, \u0259lilliyi olan \u015f\u0259xsl\u0259r, qa\u00e7q\u0131n v\u0259 m\u0259cburi k\u00f6\u00e7k\u00fcnl\u0259rin qay\u011f\u0131lar\u0131n\u0131n h\u0259r zaman Prezident \u0130lham \u018fliyevin v\u0259 Birinci vitse-prezident Mehriban \u018fliyevan\u0131n diqq\u0259t m\u0259rk\u0259zind\u0259 oldu\u011funu v\u0259 bu istiqam\u0259td\u0259 \u00e7ox b\u00f6y\u00fck i\u015fl\u0259r g\u00f6r\u00fcld\u00fcy\u00fcn\u00fc bildirib.<\/strong><\/p>\n\n\n\n<p>Prezident \u0130lham \u018fliyevin do\u011fum g\u00fcnl\u0259rini \u015f\u0259hid ail\u0259l\u0259ri il\u0259 ke\u00e7irdiyini dey\u0259n H. Hac\u0131yev bunun Az\u0259rbaycan\u0131n \u0259razi b\u00fct\u00f6vl\u00fcy\u00fc u\u011frunda \u015f\u0259hid olan \u015f\u0259xsl\u0259rin ruhuna v\u0259 onlar\u0131n ail\u0259 \u00fczvl\u0259rin\u0259 g\u00f6st\u0259ril\u0259n y\u00fcks\u0259k ehtiram\u0131n n\u00fcmun\u0259si oldu\u011funu qeyd edib: \u201cC\u0259nab \u0130lham \u018fliyev 2018-ci ild\u0259 yenid\u0259n Prezident se\u00e7ildikd\u0259n sonra ilk F\u0259rman\u0131 \u015f\u0259hid ail\u0259l\u0259rinin sosial m\u00fcdafi\u0259sinin g\u00fccl\u0259ndirilm\u0259si il\u0259 ba\u011fl\u0131 olmu\u015fdur. Bu \u015f\u0259hidl\u0259r\u0259 veril\u0259n y\u00fcks\u0259k qiym\u0259t idi. Bu F\u0259rman \u0259sas\u0131nda 10 min\u0259 yax\u0131n \u015f\u0259hid ail\u0259sin\u0259 11 min manat m\u0259bl\u0259\u011find\u0259 bird\u0259f\u0259lik \u00f6d\u0259m\u0259l\u0259rin verilm\u0259si n\u0259z\u0259rd\u0259 tutulub. 8018 \u015f\u0259hid ail\u0259si v\u0259 m\u00fcharib\u0259d\u0259 \u0259lil olmu\u015f \u015f\u0259xs m\u0259nzill\u0259rl\u0259 t\u0259min edilib, onlara 6900 avtomobil verilib. D\u00f6vl\u0259t cari ild\u0259 1500 \u015f\u0259hid ail\u0259si v\u0259 m\u00fcharib\u0259d\u0259 \u0259lil olmu\u015f \u015f\u0259xsi m\u0259nzill\u0259rl\u0259 t\u0259min edib v\u0259 edil\u0259c\u0259kdir. M\u0259cburi k\u00f6\u00e7k\u00fcnl\u0259rin m\u0259i\u015f\u0259t probleml\u0259rinin h\u0259llin\u0259 g\u0259ldikd\u0259 is\u0259 onu vur\u011fulamaq ist\u0259yir\u0259m ki, bu il \u00fcmumilikd\u0259 7 mind\u0259n \u00e7ox m\u0259cburi k\u00f6\u00e7k\u00fcn ail\u0259si m\u0259nzill\u0259rl\u0259 t\u0259min edil\u0259c\u0259k\u201d.<\/p>\n\n\n\n<p>Hikm\u0259t Hac\u0131yev bildirib ki, B\u00f6y\u00fck V\u0259t\u0259n M\u00fcharib\u0259si v\u0259 \u018ffqan\u0131stan m\u00fcharib\u0259si veteranlar\u0131n\u0131n m\u0259nzil v\u0259 avtomobill\u0259rl\u0259 t\u0259min edilm\u0259si, sanatoriyalara g\u00f6nd\u0259rilm\u0259si, onlar\u0131n m\u00fcalic\u0259 olunmas\u0131 v\u0259 s. kimi m\u0259s\u0259l\u0259l\u0259r d\u0259 daim \u00f6lk\u0259 ba\u015f\u00e7\u0131s\u0131n\u0131n diqq\u0259t m\u0259rk\u0259zind\u0259dir.Prezidentin k\u00f6m\u0259k\u00e7isi Az\u0259rbaycan Respublikas\u0131n\u0131n Birinci vitse-prezidenti, Heyd\u0259r \u018fliyev Fondunun prezidenti Mehriban \u018fliyevan\u0131n qeyd olunan kateqoriyadan olan insanlar\u0131n h\u0259yat s\u0259viyy\u0259sinin yax\u015f\u0131la\u015fd\u0131r\u0131lmas\u0131 istiqam\u0259tind\u0259 b\u00f6y\u00fck i\u015fl\u0259r g\u00f6rd\u00fcy\u00fcn\u00fc vur\u011fulay\u0131b. Aprel d\u00f6y\u00fc\u015fl\u0259ri \u015f\u0259hidl\u0259rinin ail\u0259l\u0259rin\u0259, h\u0259min d\u00f6y\u00fc\u015fl\u0259rd\u0259 sa\u011flaml\u0131\u011f\u0131n\u0131 itirmi\u015f h\u0259rb\u00e7il\u0259rimizin, Tovuz d\u00f6y\u00fc\u015fl\u0259rind\u0259 \u015f\u0259hid olan h\u0259rb\u00e7il\u0259rin ail\u0259 \u00fczvl\u0259rinin b\u00fct\u00fcn qay\u011f\u0131lar\u0131 da Mehriban \u018fliyevan\u0131n tap\u015f\u0131r\u0131\u011f\u0131na \u0259sas\u0259n Fondun n\u0259zar\u0259tin\u0259 g\u00f6t\u00fcr\u00fcl\u00fcb.Hikm\u0259t Hac\u0131yev \u015f\u0259hid ail\u0259l\u0259rinin, Qaraba\u011f qazil\u0259rinin, m\u00fcharib\u0259 veteranlar\u0131n\u0131n, \u0259lilliyi olan \u015f\u0259xsl\u0259rin, qa\u00e7q\u0131n v\u0259 m\u0259cburi k\u00f6\u00e7k\u00fcnl\u0259rin h\u0259r zaman milli maraqlar\u0131m\u0131z\u0131 q\u0259tiyy\u0259tl\u0259 m\u00fcdafi\u0259 etdikl\u0259rini v\u0259 c\u0259nab Prezidentin h\u0259yata ke\u00e7irdiyi siyas\u0259ti daima d\u0259st\u0259kl\u0259dikl\u0259rini bildir\u0259r\u0259k onlara g\u00f6st\u0259rdikl\u0259ri d\u00f6vl\u0259t\u00e7ilik m\u00f6vqeyin\u0259 g\u00f6r\u0259 t\u0259\u015f\u0259kk\u00fcr edib.<\/p>\n\n\n\n<p>Prezidentin k\u00f6m\u0259k\u00e7isi bug\u00fcnk\u00fc g\u00f6r\u00fc\u015f\u00fcn x\u00fcsusi \u0259h\u0259miyy\u0259tin\u0259 toxunaraq QHT r\u0259hb\u0259rl\u0259rinin f\u0259aliyy\u0259t g\u00f6st\u0259rdiyi istiqam\u0259tl\u0259r \u00fczr\u0259 fikir v\u0259 t\u0259klifl\u0259ri il\u0259 yax\u0131ndan tan\u0131\u015f olmaq ist\u0259diyini bildirib.Az\u0259rbaycan Respublikas\u0131 M\u00fcharib\u0259, \u018fm\u0259k v\u0259 Silahl\u0131 Q\u00fcvv\u0259l\u0259r Veteranlar\u0131 T\u0259\u015fkilat\u0131n\u0131n s\u0259dr m\u00fcavini C\u0259lil X\u0259lilov, \u201cEhtiyatda olan Zabitl\u0259rin Konfederasiyas\u0131\u201d \u0130ctimai Birliyinin s\u0259dri M\u0259mm\u0259dh\u00fcseyn Sar\u0131yev, Az\u0259rbaycan Qaraba\u011f M\u00fcharib\u0259si \u018flill\u0259ri Veteranlar\u0131 v\u0259 \u015e\u0259hid Ail\u0259l\u0259ri \u0130ctimai Birliyinin s\u0259dri Mehdi Mehdiyev, \u201cT\u0259rxis Olunmu\u015f H\u0259rb\u00e7il\u0259rin G\u0259ncl\u0259ri Maarifl\u0259ndirm\u0259\u201d \u0130ctimai Birliyinin s\u0259dri Emin H\u0259s\u0259nli, \u201cQaraba\u011f Azadl\u0131q T\u0259\u015fkilat\u0131\u201d \u0130ctimai Birliyinin s\u0259dri Akif Na\u011f\u0131, Az\u0259rbaycan Qa\u00e7q\u0131nlar C\u0259miyy\u0259ti \u0130ctimai Birliyinin s\u0259dri \u018fziz \u018fl\u0259kb\u0259rov, \u201cZ\u0259f\u0259r\u201d \u015f\u0259hid ail\u0259l\u0259rin\u0259 d\u0259st\u0259k \u0130ctimai Birliyinin s\u0259dri Sevinc Al\u0131zad\u0259, \u201cV\u0259t\u0259np\u0259rv\u0259rliyin T\u0259bli\u011fin\u0259 D\u0259st\u0259k\u201d \u0130ctimai Birliyinin s\u0259dri \u015e\u0259mistan \u018flizamanl\u0131, \u018flil T\u0259\u015fkilatlar\u0131 \u0130ttifaq\u0131n\u0131n s\u0259dri Davud R\u0259himli, Az\u0259rbaycanda Minadan Z\u0259r\u0259r\u00e7\u0259k\u0259nl\u0259rin Assosiasiyas\u0131 \u0130ctimai Birliyinin s\u0259dri Rey K\u0259rimo\u011flu, \u201c\u018fsg\u0259r Ail\u0259l\u0259rin\u0259 D\u0259st\u0259k\u201d \u0130ctimai Birliyinin s\u0259dri M\u0259tan\u0259t C\u0259f\u0259rova, \u201cAz\u0259rbaycan G\u00f6zd\u0259n \u018flill\u0259r C\u0259miyy\u0259ti\u201d \u0130ctimai Birliyinin s\u0259dri S\u0259myar Abdullayev, Az\u0259rbaycan \u00c7ernobil \u018flill\u0259r \u0130ttifaq\u0131n\u0131n s\u0259dri Mirh\u0259s\u0259n H\u0259s\u0259nov, Az\u0259rbaycan\u0131n \u0130\u015f\u011fal Olunmu\u015f \u018frazil\u0259rind\u0259ki Tarix v\u0259 M\u0259d\u0259niyy\u0259t Abid\u0259l\u0259rini M\u00fcdafi\u0259 T\u0259\u015fkilat\u0131 \u0130ctimai Birliyinin s\u0259dri Faiq \u0130smay\u0131lov, Az\u0259rbaycan \u018ffqan\u0131stan Veteranlar\u0131 \u0130ctimai Birliyinin s\u0259dri M\u0259h\u0259mm\u0259d V\u0259liyev, \u201cXank\u0259ndi\u201d m\u0259cburi k\u00f6\u00e7k\u00fcnl\u0259r\u0259 d\u0259st\u0259k \u0130ctimai Birliyinin s\u0259dri Xatir\u0259 V\u0259liyeva, Az\u0259rbaycan Qa\u00e7q\u0131n v\u0259 M\u0259cburi K\u00f6\u00e7k\u00fcn G\u0259ncl\u0259r T\u0259\u015fkilat\u0131n\u0131n s\u0259dri V\u00fcqar Q\u0259dirov, \u201cD\u00fcnya Az\u0259rbaycanl\u0131lar\u0131n\u0131n V\u0259t\u0259np\u0259rv\u0259rl\u0259r\u201d \u0130ctimai Birliyinin s\u0259dri N\u0259simi H\u0259s\u0259nov, \u201cQ\u00fcrur\u201d \u015f\u0259hid ail\u0259l\u0259ri xeyriyy\u0259 \u0130ctimai Birliyinin s\u0259dri Naib\u0259 Behbudova, \u201cM\u00fcharib\u0259 Veteran\u0131 Qad\u0131nlar\u0131na Sosial Yard\u0131m\u201d \u0130ctimai Birliyinin s\u0259dri Rad\u0259 Abbas, \u201c20 Yanvar\u201d \u0130ctimai Birliyinin s\u0259dri Sultan \u018fzimzad\u0259, \u201c\u0130stedadl\u0131 \u018flill\u0259r\u201d \u0130ctimai Birliyi s\u0259dri Cavad Qas\u0131mov, \u201c20 Yanvar \u015e\u0259hid Ail\u0259l\u0259rinin H\u00fcquqlar\u0131n\u0131n T\u0259min olunmas\u0131\u201d \u0130ctimai Birliyinin s\u0259dri Maral Zamanova, \u201c\u015e\u0259hid Ail\u0259l\u0259rin\u0259 Sosial D\u0259st\u0259k\u201d \u0130ctimai Birliyinin s\u0259dri Almaz Zeynalova, Az\u0259rbaycan Respublikas\u0131 Milli Q\u0259hr\u0259manlar\u0131n\u0131 Tan\u0131tma \u0130ctimai Birliyinin s\u0259dri El\u015f\u0259n Uluxanl\u0131, Az\u0259rbaycan V\u0259t\u0259n M\u00fcharib\u0259si \u018flill\u0259ri Birliyinin s\u0259dri Firudin M\u0259mm\u0259dov, \u201cV\u0259t\u0259n F\u0259dail\u0259rinin H\u00fcquqlar\u0131n\u0131n M\u00fcdafi\u0259si\u201d \u0130ctimai Birliyinin s\u0259dri Dada\u015f Quliyev v\u0259 \u201cVeteran Tank\u00e7\u0131lar\u201d \u0130ctimai Birliyinin s\u0259dri Hac\u0131bala \u018fzimov \u00e7\u0131x\u0131\u015f ed\u0259r\u0259k Prezident \u0130lham \u018fliyev\u0259 onlara g\u00f6st\u0259rdiyi diqq\u0259t v\u0259 qay\u011f\u0131ya g\u00f6r\u0259 t\u0259\u015f\u0259kk\u00fcrl\u0259rini bildiribl\u0259r. QHT r\u0259hb\u0259rl\u0259ri f\u0259aliyy\u0259t g\u00f6st\u0259rdikl\u0259ri sah\u0259 il\u0259 ba\u011fl\u0131 fikir v\u0259 t\u0259klifl\u0259rini s\u0259sl\u0259ndir\u0259r\u0259k Hikm\u0259t Hac\u0131yevin i\u015ftirak\u0131 il\u0259 ke\u00e7iril\u0259n QHT-h\u00f6kum\u0259t dialoqunu y\u00fcks\u0259k qiym\u0259tl\u0259ndiribl\u0259r.Yekunda \u00e7\u0131x\u0131\u015f ed\u0259n Prezidentin k\u00f6m\u0259k\u00e7isi Hikm\u0259t Hac\u0131yev g\u00f6r\u00fc\u015fd\u0259 f\u0259al i\u015ftirak ed\u0259n v\u0259 m\u00fcxt\u0259lif t\u0259klifl\u0259r s\u0259sl\u0259ndir\u0259n QHT r\u0259hb\u0259rl\u0259rin\u0259 t\u0259\u015f\u0259kk\u00fcr ed\u0259r\u0259k bildirdi ki, onlar\u0131n fikir v\u0259 t\u0259klifl\u0259ri diqq\u0259tl\u0259 ara\u015fd\u0131r\u0131lacaq v\u0259 imkan daxilind\u0259 n\u0259z\u0259r\u0259 al\u0131nacaq.<\/p>\n\n\n\n<p> Bununla yana\u015f\u0131 Prezidentin k\u00f6m\u0259k\u00e7isi onu da x\u00fcsusi olaraq vur\u011fulad\u0131 ki, \u015f\u0259hid ail\u0259l\u0259ri, Qaraba\u011f qazil\u0259ri, m\u00fcharib\u0259 veteranlar\u0131, \u0259lilliyi olan \u015f\u0259xsl\u0259r, qa\u00e7q\u0131n v\u0259 m\u0259cburi k\u00f6\u00e7k\u00fcnl\u0259rl\u0259 i\u015fl\u0259y\u0259n QHT-l\u0259r \u00f6lk\u0259mizin milli maraqlar\u0131n\u0131n qorunmas\u0131nda, v\u0259t\u0259nda\u015f h\u0259mr\u0259yliyinin v\u0259 h\u0259rbi v\u0259t\u0259np\u0259rv\u0259rliyin g\u00fccl\u0259ndirilm\u0259sind\u0259, c\u0259miyy\u0259tin \u00fcmummilli maraqlar \u0259traf\u0131nda birl\u0259\u015fm\u0259sind\u0259, \u00f6lk\u0259miz\u0259 qar\u015f\u0131 y\u00f6n\u0259l\u0259n t\u0259hdid v\u0259 t\u0259xribatlar\u0131n qar\u015f\u0131s\u0131n\u0131n al\u0131nmas\u0131nda v\u0259 Az\u0259rbaycan h\u0259qiq\u0259tl\u0259rinin beyn\u0259lxalq al\u0259m\u0259 effektiv \u015f\u0259kild\u0259 \u00e7atd\u0131r\u0131lmas\u0131nda daha f\u0259al olmal\u0131 v\u0259 bu i\u015fd\u0259 b\u00fct\u00fcn potensiallar\u0131n\u0131 s\u0259f\u0259rb\u0259r etm\u0259lidirl\u0259r.M\u0259lumat \u00fc\u00e7\u00fcn qeyd ed\u0259k ki, Prezidentin k\u00f6m\u0259k\u00e7isi Hikm\u0259t Hac\u0131yevin QHT-l\u0259rl\u0259 g\u00f6r\u00fc\u015f\u00fc davam ed\u0259c\u0259k.<\/p>\n\n\n\n<figure class=\"wp-block-image size-large\"><img decoding=\"async\" src=\"http:\/\/fedai.az\/wp-content\/uploads\/2020\/08\/118620179_10158175580183645_7638379218102356040_o-1024x576.jpg\" alt=\"\" class=\"wp-image-14076\"\/><\/figure>\n","protected":false},"excerpt":{"rendered":"<p>G\u00f6r\u00fc\u015f\u00fc giri\u015f s\u00f6z\u00fc il\u0259 a\u00e7an Az\u0259rbaycan Respublikas\u0131n\u0131n Prezidenti yan\u0131nda Qeyri-H\u00f6kum\u0259t T\u0259\u015fkilatlar\u0131na D\u00f6vl\u0259t D\u0259st\u0259yi \u015euras\u0131n\u0131n s\u0259dri Azay Quliyev bildirib ki, Az\u0259rbaycan Respublikas\u0131 Prezidentinin t\u0259sdiq etdiyi<\/p>\n","protected":false},"author":2,"featured_media":0,"comment_status":"closed","ping_status":"closed","sticky":false,"template":"","format":"standard","meta":{"footnotes":""},"categories":[3],"tags":[],"class_list":["post-14075","post","type-post","status-publish","format-standard","hentry","category-gundm"],"aioseo_notices":[],"_links":{"self":[{"href":"https:\/\/fedai.az\/index.php?rest_route=\/wp\/v2\/posts\/14075","targetHints":{"allow":["GET"]}}],"collection":[{"href":"https:\/\/fedai.az\/index.php?rest_route=\/wp\/v2\/posts"}],"about":[{"href":"https:\/\/fedai.az\/index.php?rest_route=\/wp\/v2\/types\/post"}],"author":[{"embeddable":true,"href":"https:\/\/fedai.az\/index.php?rest_route=\/wp\/v2\/users\/2"}],"replies":[{"embeddable":true,"href":"https:\/\/fedai.az\/index.php?rest_route=%2Fwp%2Fv2%2Fcomments&post=14075"}],"version-history":[{"count":1,"href":"https:\/\/fedai.az\/index.php?rest_route=\/wp\/v2\/posts\/14075\/revisions"}],"predecessor-version":[{"id":14077,"href":"https:\/\/fedai.az\/index.php?rest_route=\/wp\/v2\/posts\/14075\/revisions\/14077"}],"wp:attachment":[{"href":"https:\/\/fedai.az\/index.php?rest_route=%2Fwp%2Fv2%2Fmedia&parent=14075"}],"wp:term":[{"taxonomy":"category","embeddable":true,"href":"https:\/\/fedai.az\/index.php?rest_route=%2Fwp%2Fv2%2Fcategories&post=14075"},{"taxonomy":"post_tag","embeddable":true,"href":"https:\/\/fedai.az\/index.php?rest_route=%2Fwp%2Fv2%2Ftags&post=14075"}],"curies":[{"name":"wp","href":"https:\/\/api.w.org\/{rel}","templated":true}]}}