{"id":14078,"date":"2020-08-28T02:57:03","date_gmt":"2020-08-27T22:57:03","guid":{"rendered":"http:\/\/fedai.az\/?p=14078"},"modified":"2020-08-28T02:57:05","modified_gmt":"2020-08-27T22:57:05","slug":"5-11-ci-sinifl%c9%99r-ucun-m%c9%99kt%c9%99b-n%c9%99-vaxt-acilir-r%c9%99smi","status":"publish","type":"post","link":"https:\/\/fedai.az\/?p=14078","title":{"rendered":"5-11-ci sinifl\u0259r \u00fc\u00e7\u00fcn m\u0259kt\u0259b n\u0259 vaxt a\u00e7\u0131l\u0131r? &#8212; R\u0259smi"},"content":{"rendered":"\n<p><strong>Oktyabr\u0131n 1-d\u0259n V-IX sinifl\u0259rin m\u0259rh\u0259l\u0259l\u0259rl\u0259 m\u0259kt\u0259b\u0259 \u0259yani \u015f\u0259kild\u0259 g\u0259lm\u0259sini planla\u015fd\u0131r\u0131r\u0131q. Situasiyadan as\u0131l\u0131 olaraq, h\u0259ft\u0259d\u0259 2 v\u0259 ya 3 d\u0259f\u0259.<\/strong><\/p>\n\n\n\n<p><a target=\"_blank\" href=\"http:\/\/axar.az\/\" rel=\"noreferrer noopener\">Axar.az<\/a>&nbsp;x\u0259b\u0259r verir ki, bunu T\u0259hsil naziri Emin \u018fmrullayev T\u0259hsil Nazirliyinin bu g\u00fcn ke\u00e7irdiyi brifinqd\u0259 deyib. Onun s\u00f6zl\u0259rin\u0259 g\u00f6r\u0259, \u0259n az\u0131 mart ay\u0131na q\u0259d\u0259r teled\u0259rsl\u0259r v\u0259 virtual m\u0259kt\u0259b layih\u0259si davam ed\u0259c\u0259k:<\/p>\n\n\n\n<p>&#171;Lakin bu sinifl\u0259rin m\u0259rh\u0259l\u0259li \u015f\u0259kild\u0259 t\u0259hsil\u0259 ba\u015flamas\u0131n\u0131 planla\u015fd\u0131r\u0131r\u0131q. \u018fg\u0259r epidemioloji v\u0259ziyy\u0259t imkan ver\u0259rs\u0259, 5-11 sinifl\u0259rd\u0259 t\u0259hsil alan \u00fcmumilikd\u0259 1,3 milyon \u015fagirdin uy\u011funla\u015fd\u0131r\u0131lm\u0131\u015f proqramlarla m\u0259kt\u0259b\u0259 qaytar\u0131lmas\u0131n\u0131 planla\u015fd\u0131r\u0131r\u0131q&#187;.<\/p>\n\n\n\n<p>O qeyd edib ki, \u0259g\u0259r v\u0259ziyy\u0259t imkan ver\u0259rs\u0259, 10-11-ci sinifl\u0259rin 15 oktyabrdan h\u0259ft\u0259d\u0259 2-3 g\u00fcn olmaqla \u0259n\u0259n\u0259vi d\u0259rsl\u0259r\u0259 ba\u015flamas\u0131 planla\u015fd\u0131r\u0131l\u0131r.<\/p>\n\n\n\n<p>\u00dcmumilikd\u0259, is\u0259 5-11-ci sinifl\u0259r 15 sentyabrdan distant t\u0259hsil\u0259 ba\u015flayacaq.<\/p>\n","protected":false},"excerpt":{"rendered":"<p>Oktyabr\u0131n 1-d\u0259n V-IX sinifl\u0259rin m\u0259rh\u0259l\u0259l\u0259rl\u0259 m\u0259kt\u0259b\u0259 \u0259yani \u015f\u0259kild\u0259 g\u0259lm\u0259sini planla\u015fd\u0131r\u0131r\u0131q. Situasiyadan as\u0131l\u0131 olaraq, h\u0259ft\u0259d\u0259 2 v\u0259 ya 3 d\u0259f\u0259. Axar.az&nbsp;x\u0259b\u0259r verir ki, bunu T\u0259hsil<\/p>\n","protected":false},"author":2,"featured_media":14079,"comment_status":"closed","ping_status":"closed","sticky":false,"template":"","format":"standard","meta":{"footnotes":""},"categories":[8],"tags":[],"class_list":["post-14078","post","type-post","status-publish","format-standard","has-post-thumbnail","hentry","category-thsil"],"aioseo_notices":[],"_links":{"self":[{"href":"https:\/\/fedai.az\/index.php?rest_route=\/wp\/v2\/posts\/14078","targetHints":{"allow":["GET"]}}],"collection":[{"href":"https:\/\/fedai.az\/index.php?rest_route=\/wp\/v2\/posts"}],"about":[{"href":"https:\/\/fedai.az\/index.php?rest_route=\/wp\/v2\/types\/post"}],"author":[{"embeddable":true,"href":"https:\/\/fedai.az\/index.php?rest_route=\/wp\/v2\/users\/2"}],"replies":[{"embeddable":true,"href":"https:\/\/fedai.az\/index.php?rest_route=%2Fwp%2Fv2%2Fcomments&post=14078"}],"version-history":[{"count":1,"href":"https:\/\/fedai.az\/index.php?rest_route=\/wp\/v2\/posts\/14078\/revisions"}],"predecessor-version":[{"id":14080,"href":"https:\/\/fedai.az\/index.php?rest_route=\/wp\/v2\/posts\/14078\/revisions\/14080"}],"wp:featuredmedia":[{"embeddable":true,"href":"https:\/\/fedai.az\/index.php?rest_route=\/wp\/v2\/media\/14079"}],"wp:attachment":[{"href":"https:\/\/fedai.az\/index.php?rest_route=%2Fwp%2Fv2%2Fmedia&parent=14078"}],"wp:term":[{"taxonomy":"category","embeddable":true,"href":"https:\/\/fedai.az\/index.php?rest_route=%2Fwp%2Fv2%2Fcategories&post=14078"},{"taxonomy":"post_tag","embeddable":true,"href":"https:\/\/fedai.az\/index.php?rest_route=%2Fwp%2Fv2%2Ftags&post=14078"}],"curies":[{"name":"wp","href":"https:\/\/api.w.org\/{rel}","templated":true}]}}