{"id":14082,"date":"2020-08-28T03:10:00","date_gmt":"2020-08-27T23:10:00","guid":{"rendered":"http:\/\/fedai.az\/?p=14082"},"modified":"2020-08-28T18:06:59","modified_gmt":"2020-08-28T14:06:59","slug":"balliqaya-soyqirimi","status":"publish","type":"post","link":"https:\/\/fedai.az\/?p=14082","title":{"rendered":"BALLIQAYA SOYQIRIMI"},"content":{"rendered":"\n<figure class=\"wp-block-image size-large is-resized\"><img loading=\"lazy\" decoding=\"async\" src=\"http:\/\/fedai.az\/wp-content\/uploads\/2020\/08\/85010968_613659722745295_1370039347029475328_o.jpg\" alt=\"\" class=\"wp-image-14085\" width=\"310\" height=\"173\" srcset=\"https:\/\/fedai.az\/wp-content\/uploads\/2020\/08\/85010968_613659722745295_1370039347029475328_o-150x84.jpg 150w, https:\/\/fedai.az\/wp-content\/uploads\/2020\/08\/85010968_613659722745295_1370039347029475328_o-768x432.jpg 768w, https:\/\/fedai.az\/wp-content\/uploads\/2020\/08\/85010968_613659722745295_1370039347029475328_o-715x400.jpg 715w\" sizes=\"auto, (max-width: 310px) 100vw, 310px\" \/><\/figure>\n\n\n\n<p><strong>Elmar H\u0259s\u0259nli<\/strong><\/p>\n\n\n\n<p><strong>1992-ci ilin avqust ay\u0131nda G\u00f6ranboy rayonunun Ball\u0131qaya k\u0259ndind\u0259 erm\u0259ni terror\u00e7u-quldur birl\u0259\u015fm\u0259l\u0259ri t\u0259r\u0259find\u0259n daha bir qanl\u0131 v\u0259 amans\u0131z cinayy\u0259t &#8212; Ball\u0131qaya q\u0259tliam\u0131 t\u00f6r\u0259dilmi\u015fdir.<\/strong><\/p>\n\n\n\n<p>1992-ci ilin yay aylar\u0131nda Erm\u0259nistan-Az\u0259rbaycan, Da\u011fl\u0131q Qaraba\u011f m\u00fcnaqi\u015f\u0259si n\u0259tic\u0259sind\u0259 La\u00e7\u0131n rayonundan qa\u00e7q\u0131n d\u00fc\u015fm\u00fc\u015f v\u0259 Az\u0259rbaycan\u0131n m\u00fcxt\u0259lif b\u00f6lgl\u0259rind\u0259 m\u0259skunla\u015fm\u0131\u015f, yax\u0131n qohumluq m\u00fcnasib\u0259l\u0259ri olan 6 ail\u0259 heyvandarl\u0131q \u00fc\u00e7\u00fcn \u0259lveri\u015fli olan Ball\u0131qaya \u0259razid\u0259 m\u0259skunla\u015fm\u0131\u015fd\u0131lar. 1992-ci il\u0259 q\u0259d\u0259r La\u00e7\u0131n rayonu Az\u0259rbaycanda heyvandarl\u0131\u011f\u0131n y\u00fcks\u0259k inki\u015faf etdiyi rayonlardan biri say\u0131l\u0131rd\u0131, bu sah\u0259 rayonda \u0259halinin \u0259sas m\u0259\u015f\u011fuliyy\u0259ti idi. 18 may 1992-ci il tarixd\u0259 Erm\u0259nistan Respublikas\u0131n\u0131n silahl\u0131 birl\u0259\u015fm\u0259l\u0259ri t\u0259r\u0259find\u0259n La\u00e7\u0131n rayonu i\u015f\u011fal edildikd\u0259n sonra, rayonun \u0259halisi Az\u0259rbaycan\u0131n m\u00fcxt\u0259lif b\u00f6lg\u0259l\u0259rind\u0259 m\u0259cburi k\u00f6\u00e7k\u00fcn h\u0259yat\u0131 ya\u015fama\u011fa m\u0259cbur oldu. Heyvandarl\u0131qla m\u0259\u015f\u011ful olan rayon sakinl\u0259ri daha \u00e7ox bu f\u0259aliyy\u0259t n\u00f6v\u00fc \u00fc\u00e7\u00fcn \u0259lveri\u015fli olan Beyl\u0259qan, B\u0259rd\u0259, Goranboy v\u0259 dig\u0259r \u0259traf \u0259razil\u0259rd\u0259 m\u0259sunla\u015fm\u0131\u015fd\u0131. 1992-ci ilin avqust ay\u0131nda Ball\u0131qaya k\u0259ndind\u0259 \u00e7ad\u0131rda m\u0259skunla\u015fan La\u00e7\u0131n rayon sakinl\u0259ri d\u0259 buraya bu m\u0259qs\u0259dl\u0259 g\u0259lmi\u015fdil\u0259r.<\/p>\n\n\n\n<p>Tarixd\u0259 Ball\u0131qya q\u0259tliam\u0131 kimi tan\u0131nan hadis\u0259 1992-ci ilin avqust ay\u0131n\u0131n 28-d\u0259 s\u0259h\u0259r saat 5 rad\u0259l\u0259rind\u0259 ba\u015f vermi\u015fdir. Hadis\u0259 g\u00fcn\u00fc Erm\u0259nistan ordusunun 10-12 n\u0259f\u0259rd\u0259n ibar\u0259t diversiya d\u0259st\u0259si \u0259raziy\u0259 daxil olaraq 24 insan\u0131 amans\u0131zl\u0131qla q\u0259tl\u0259 yetirmi\u015f, 9 n\u0259f\u0259ri is\u0259 a\u011f\u0131r yaralam\u0131\u015fd\u0131r. Q\u0259tl\u0259 yetiril\u0259n v\u0259 a\u011f\u0131r b\u0259d\u0259n x\u0259sar\u0259ti alan \u015f\u0259xsl\u0259rin ham\u0131s\u0131 heyvandarl\u0131qla m\u0259\u015f\u011ful olan m\u00fclki \u015f\u0259xsl\u0259r, \u00e7obanlar v\u0259 onlar\u0131n ail\u0259 \u00fczvl\u0259ri idi. Ball\u0131qayada 24 n\u0259f\u0259r x\u00fcsusi amans\u0131zl\u0131qla q\u0259tl\u0259 yetirilmi\u015f:<\/p>\n\n\n\n<figure class=\"wp-block-image size-large is-resized\"><img loading=\"lazy\" decoding=\"async\" src=\"http:\/\/fedai.az\/wp-content\/uploads\/2020\/08\/118574894_747427139368552_832497393349254711_n.jpg\" alt=\"\" class=\"wp-image-14083\" width=\"855\" height=\"579\"\/><\/figure>\n\n\n\n<p><strong>\u2116 A.S.A Do\u011fum tarixi Ya\u015f\u0131<\/strong><\/p>\n\n\n\n<p><strong>Azya\u015fl\u0131 u\u015faqlar<\/strong><\/p>\n\n\n\n<p><br>1 H\u00fcmb\u0259tov El\u00e7in V\u0259zir o\u011flu 1980 12 ya\u015f<br>2 H\u00fcmb\u0259tov B\u0259xtiyar V\u0259zir o\u011flu 1982 10 ya\u015f<br>3 H\u00fcmb\u0259tov \u0130smay\u0131l V\u0259zir o\u011flu 1984 8 ya\u015f<br>4 H\u00fcmb\u0259tov N\u0259vadi V\u0259zir o\u011flu 1986 6 ya\u015f<br>5 H\u00fcmb\u0259tova G\u00fclnar V\u0259zir q\u0131z\u0131 1988 4 ya\u015f<br>6 H\u00fcmb\u0259tov Canpolad V\u0259zir o\u011flu 1992 6 ay<\/p>\n\n\n\n<p><br><strong>Qad\u0131nlar<\/strong><\/p>\n\n\n\n<p><br>1 Abdullayeva S\u0259ad\u0259t Abdulla q\u0131z\u0131 1973 19 ya\u015f<br>2 Mehdiyeva (M\u0259h\u0259rr\u0259mova) Q\u0259nir\u0259 \u0130brahim q\u0131z\u0131 1935 57 ya\u015f<br>3 Mehdiyeva Ayna H\u00fcmb\u0259t q\u0131z\u0131 1967 25 ya\u015f<br>4 Mehdiyeva B\u0259yim Ayd\u0131n q\u0131z\u0131 1959 33 ya\u015f<br>5 Mehdiyeva G\u00fclay\u0259 \u018fli q\u0131z\u0131 1925 67 ya\u015f<br>6 Mehdiyeva S\u00fcraya M\u0259h\u0259mm\u0259d q\u0131z\u0131 1956 36 ya\u015f<br>7 Kalbal\u0131yeva Nubar Muradxan q\u0131z\u0131 1952 40 ya\u015f<br>8 V\u0259liyeva Zeynab H\u00fcseyin q\u0131z\u0131 1899 93 ya\u015f<br>9 Alm\u0259mm\u0259dova Minaya \u018fbilqas\u0131m q\u0131z\u0131 1930 62 ya\u015f<br>10 Alm\u0259mm\u0259dova Zeyn\u0259b \u015e\u0259mil q\u0131z\u0131 1972 20 ya\u015f<br>11 Alm\u0259mm\u0259dova K\u0259mal\u0259 \u015e\u0259mil q\u0131z\u0131 1976 16 ya\u015f<br>12 H\u00fcmb\u0259tova H\u00fcrzaman Qara q\u0131z\u0131 1959 33 ya\u015f<br>13 H\u00fcmb\u0259tova G\u00fclnar V\u0259zir q\u0131z\u0131 1988 4 ya\u015f<\/p>\n\n\n\n<p><br><strong>Qocalar<\/strong><br><\/p>\n\n\n\n<p>1 Abdullayev Abdulla B\u0259d\u0259l o\u011flu 1934 58 ya\u015f<br>2 Mehdiyev H\u00fcmb\u0259t \u018fbulqas\u0131m o\u011flu 1930 62 ya\u015f<br>3 Mehdiyeva (M\u0259h\u0259rr\u0259mova) Q\u0259nir\u0259 \u0130brahim q\u0131z\u0131 1935 57 ya\u015f<br>4 Mehdiyeva G\u00fclay\u0259 \u018fli q\u0131z\u0131 1925 67 ya\u015f<br>5 V\u0259liyeva Zeynab H\u00fcseyin q\u0131z\u0131 1899 93 ya\u015f<br>6 Alm\u0259mm\u0259dova Minaya \u018fbilqas\u0131m q\u0131z\u0131 1930 62 ya\u015f<\/p>\n\n\n\n<figure class=\"wp-block-image size-large is-resized\"><img loading=\"lazy\" decoding=\"async\" src=\"http:\/\/fedai.az\/wp-content\/uploads\/2020\/08\/118579389_747427212701878_8230505596482563386_n.jpg\" alt=\"\" class=\"wp-image-14086\" width=\"913\" height=\"913\"\/><\/figure>\n\n\n\n<p>Q\u0259tl\u0259 yetiril\u0259nl\u0259r aras\u0131nda azya\u015fl\u0131lar, qad\u0131nlar v\u0259 u\u015faqlar \u00e7oxluq t\u0259\u015fkil edir. Bel\u0259 ki, q\u0259tliamda 6 u\u015faq v\u0259 13 qad\u0131n amans\u0131zl\u0131qla q\u0259tl\u0259 yetirilmi\u015f, u\u015faqlardan \u0259n b\u00f6y\u00fcy\u00fcn\u00fcn 12 ya\u015f\u0131, \u0259n ki\u00e7iyi H\u00fcmb\u0259tov Canpolad V\u0259zir o\u011flu is\u0259 c\u0259mi 6 ayl\u0131q olmu\u015fdur. Bundan \u0259lav\u0259 q\u0259tl\u0259 yetiril\u0259n 24 n\u0259f\u0259rd\u0259n 6-s\u0131 ya\u015fl\u0131 \u015f\u0259xsl\u0259r olmu\u015fdur. Onlardan \u0259n b\u00f6y\u00fcy\u00fcn\u00fcn V\u0259liyeva Zeyn\u0259b H\u00fcseyin q\u0131z\u0131 93 ya\u015f\u0131nda olmu\u015fdur. \u00dcmumilikd\u0259 Ball\u0131qayada q\u0259tl\u0259 yetrilmi\u015f 11 ki\u015fi (5-i u\u015faq, 2-si ya\u015fl\u0131 \u015f\u0259xs), 19 n\u0259f\u0259ri qad\u0131n olmu\u015fdur. Onlar x\u00fcsusi amans\u0131zl\u0131qla, iri \u00e7apl\u0131 at\u0131c\u0131 silahlardan at\u0131lan at\u0259\u015f n\u0259tic\u0259sind\u0259 q\u0259tl\u0259 yetirilmi\u015f, h\u0259lak olmu\u015f \u015f\u0259xsl\u0259rin b\u0259zil\u0259rinin meyitl\u0259ri yanm\u0131\u015fd\u0131r.<\/p>\n\n\n\n<p>Ball\u0131qaya q\u0259tliam\u0131nda q\u0259tl\u0259 yetirilmi\u015f \u015f\u0259xsl\u0259r Az\u0259rbaycan Respublikas\u0131n\u0131n m\u00fcxt\u0259lif b\u00f6lg\u0259l\u0259rind\u0259, B\u0259rd\u0259 rayonunun inzibati \u0259razisind\u0259 yerl\u0259\u015f\u0259n Qarad\u0259mir\u00e7i v\u0259 Alpout v\u0259 Tumasl\u0131 v\u0259 Naz\u0131rl\u0131 k\u0259ndl\u0259rind\u0259, A\u011fdam rayonunun inzibati \u0259razi vahidind\u0259 yerl\u0259\u015f\u0259n G\u00fcll\u00fcc\u0259 k\u0259ndind\u0259 d\u0259fn olunmu\u015flar.<\/p>\n\n\n\n<p>Bundan \u0259lav\u0259 q\u0259tliam zaman\u0131 9 n\u0259f\u0259r: \u2013 M\u0259h\u0259rr\u0259mov Yaqub C\u0259mil o\u011flu, M\u0259h\u0259rr\u0259mova Xo\u015fb\u0259xt Kamil q\u0131z\u0131, M\u0259h\u0259rr\u0259mova S\u00fcdab\u0259 C\u0259mil q\u0131z\u0131, Muradova Xuraman M\u0259h\u0259mm\u0259d q\u0131z\u0131, Quliyeva \u015e\u0259hla M\u0259h\u0259mm\u0259d q\u0131z\u0131, Mehdiyeva Lamiy\u0259 R\u0259hb\u0259r q\u0131z\u0131, Mehdiyev Elxan R\u0259hb\u0259r o\u011flu, Mehdiyev M\u0259h\u0259mm\u0259d R\u0259hb\u0259r o\u011flu, Abdullayeva Z\u00fcleyxa \u0130brahimx\u0259lil q\u0131z\u0131 a\u011f\u0131r b\u0259d\u0259n x\u0259sar\u0259ti alm\u0131\u015flar. Uzunm\u00fcdd\u0259tli m\u00fc\u0259lic\u0259 prosesin\u0259 baxmayaraq, onlardan bir \u00e7oxunun sa\u011flaml\u0131\u011f\u0131n\u0131 b\u0259rpa etm\u0259k m\u00fcmk\u00fcn olmam\u0131\u015fd\u0131r. Hadis\u0259 n\u0259tic\u0259sind\u0259 yaralanm\u0131\u015f 3 azya\u015fl\u0131 u\u015faq h\u0259r iki valideynini itirmi\u015fdir.<\/p>\n\n\n\n<p>A\u011f\u0131r b\u0259d\u0259n x\u0259sar\u0259ti alan, lakin sa\u011f qalan \u015f\u0259xsl\u0259rin verdiyi ifad\u0259l\u0259r\u0259 g\u00f6r\u0259, onlar bir ne\u00e7\u0259 g\u00fcn izl\u0259ndikl\u0259rini hiss etmi\u015fl\u0259r. \u015eahid ifad\u0259l\u0259rind\u0259n m\u0259lum olur ki, h\u0259m q\u0259tl\u0259 yetiril\u0259n h\u0259m d\u0259 a\u011f\u0131r b\u0259d\u0259n x\u0259sar\u0259ti alan \u015f\u0259xsl\u0259rin \u00f6zl\u0259rini m\u00fcdafi\u0259 etm\u0259k \u00fc\u00e7\u00fcn he\u00e7 bir odlu v\u0259 ya soyuq silah\u0131 olmam\u0131\u015fd\u0131r.<\/p>\n\n\n\n<p>Q\u0259tliam zaman\u0131 m\u00fclki \u015f\u0259xsl\u0259r\u0259 at\u0131c\u0131 v\u0259 a\u011f\u0131r silahlardan, at\u0259\u015f a\u00e7\u0131lm\u0131\u015f, onlar\u0131n c\u0259s\u0259dl\u0259ri v\u0259 \u015f\u0259xsi \u0259\u015fyalar\u0131 yand\u0131r\u0131lm\u0131\u015fd\u0131r. B\u00fct\u00fcn deyil\u0259nl\u0259r cinay\u0259ti t\u00f6r\u0259d\u0259n terror\u00e7u d\u0259st\u0259nin bil\u0259r\u0259kd\u0259n m\u00fclki \u015f\u0259xsl\u0259ri, o c\u00fcml\u0259d\u0259n qad\u0131nlar\u0131 v\u0259 azya\u015fl\u0131 u\u015faqlar\u0131 h\u0259d\u0259f ald\u0131\u011f\u0131n\u0131, u\u015faqlar v\u0259 qad\u0131nlar da daxil olmaqla b\u00fct\u00fcn insanlar\u0131n \u00f6ld\u00fcr\u00fclm\u0259sinin onlar\u0131n \u0259sas m\u0259qs\u0259di oldu\u011funu g\u00f6st\u0259rir. Ball\u0131qaya q\u0259tliam\u0131 zaman\u0131 beyn\u0259lxaq humanitar h\u00fcququn bir s\u0131ra \u0259sas t\u0259l\u0259bl\u0259ri kobud \u015f\u0259kild\u0259 pozulmu\u015fdur. M\u00fclki insanlar birba\u015fa h\u0259d\u0259f\u0259 g\u00f6t\u00fcr\u00fclm\u00fc\u015f, \u00f6ld\u00fcr\u00fclm\u00fc\u015f, b\u00fct\u00fcn beyn\u0259lxalq h\u00fcquq normalar\u0131na v\u0259 b\u0259\u015f\u0259ri d\u0259y\u0259rl\u0259r\u0259 zidd olaraq azya\u015fl\u0131 u\u015faqlar, qad\u0131nlar v\u0259 ya\u015fl\u0131 insanlar q\u0259tl\u0259 yetirilmi\u015fdir. Ba\u015f vermi\u015f q\u0259tliam zaman\u0131 maldarl\u0131qla m\u0259\u015f\u011ful olan m\u00fclki \u015f\u0259xsl\u0259r, \u00e7obanlar v\u0259 onlar\u0131n ail\u0259 \u00fczvl\u0259ri ya\u015famaq h\u00fcququndan m\u0259hrum edilmi\u015fdir.<\/p>\n\n\n\n<figure class=\"wp-block-gallery columns-2 is-cropped wp-block-gallery-1 is-layout-flex wp-block-gallery-is-layout-flex\"><ul class=\"blocks-gallery-grid\"><li class=\"blocks-gallery-item\"><figure><img decoding=\"async\" src=\"http:\/\/fedai.az\/wp-content\/uploads\/2020\/08\/118660702_4444629332277453_2845612040093335922_n.jpg\" alt=\"\" data-id=\"14134\" data-link=\"http:\/\/fedai.az\/?attachment_id=14134\" class=\"wp-image-14134\"\/><\/figure><\/li><li class=\"blocks-gallery-item\"><figure><img decoding=\"async\" src=\"http:\/\/fedai.az\/wp-content\/uploads\/2020\/08\/118430320_4444629532277433_4519524261506302670_o.jpg\" alt=\"\" data-id=\"14136\" data-full-url=\"http:\/\/fedai.az\/wp-content\/uploads\/2020\/08\/118430320_4444629532277433_4519524261506302670_o.jpg\" data-link=\"http:\/\/fedai.az\/?attachment_id=14136\" class=\"wp-image-14136\"\/><\/figure><\/li><\/ul><\/figure>\n\n\n\n<p>Ba\u015f vermi\u015f q\u0259tliamla ba\u011fl\u0131 28 avqust 1992-ci tarixind\u0259 Az\u0259rbaycan Respublikas\u0131, Goranboy Rayon H\u0259rbi Prokurorlu\u011funda cinay\u0259t i\u015fi ba\u015flanm\u0131\u015f, apar\u0131lm\u0131\u015f istintaq t\u0259dbirl\u0259ri n\u0259tic\u0259sind\u0259 q\u0259tliamda i\u015ftirak ed\u0259n terror\u00e7ulardan b\u0259zil\u0259rinin \u015f\u0259xsiyy\u0259ti m\u00fc\u0259yy\u0259n edilmi\u015fdir. Ball\u0131qaya q\u0259tliam\u0131 il\u0259 ba\u011fl\u0131 materiallar, maddi s\u00fcbutlar v\u0259 faktlar Az\u0259rbaycan Respublikas\u0131 H\u0259rbi Prokurorlu\u011funun Memorial Soyq\u0131r\u0131m Muzeyind\u0259 saxlan\u0131l\u0131r. Az\u0259rbaycan Respublikas\u0131 t\u0259r\u0259find\u0259n aidiyy\u0259ti beyn\u0259lxalq t\u0259\u015fklilatlara v\u0259 o c\u00fcml\u0259d\u0259n Erm\u0259nistan Respublikas\u0131na cinay\u0259tkarlar\u0131n tap\u0131laraq \u0259dal\u0259t\u0259 t\u0259slim edilm\u0259si il\u0259 ba\u011fl\u0131 m\u00fcraci\u0259t edilm\u0259sin\u0259 baxmayaraq, bu g\u00fcn\u0259 q\u0259d\u0259r bu cinay\u0259t akt\u0131n\u0131 t\u00f6r\u0259d\u0259n cinay\u0259tkarlar layiqli c\u0259zas\u0131n\u0131 almam\u0131\u015fd\u0131r. Az\u0259rbaycan Respublikas\u0131 \u018fsir v\u0259 itkin d\u00fc\u015fm\u00fc\u015f, girov g\u00f6t\u00fcr\u00fclm\u00fc\u015f v\u0259t\u0259nda\u015flarla \u0259laq\u0259dar D\u00f6vl\u0259t Komissiyas\u0131d\u00fcnya birliyini bu amans\u0131z q\u0259tliama bigan\u0259 qalmama\u011fa, cinay\u0259tkarlar\u0131n layiq olduqlar\u0131 c\u0259zan\u0131 almas\u0131na yard\u0131m etm\u0259y\u0259 \u00e7a\u011f\u0131r\u0131r.<\/p>\n\n\n\n<p>Erm\u0259nil\u0259r t\u0259r\u0259find\u0259n t\u00f6r\u0259dilmi\u015f bu soyq\u0131r\u0131m hadis\u0259sin\u0259 aid a\u00e7\u0131lm\u0131\u015f cinay\u0259t i\u015finin materiallar\u0131 v\u0259 faktlar Az\u0259rbaycan Respublikas\u0131 H\u0259rbi Prokurorlu\u011funda Memorial Soyq\u0131r\u0131m Muzeyind\u0259 qorunub saxlan\u0131l\u0131r.<\/p>\n\n\n\n<p><br>Az\u0259rbaycan Respublikas\u0131 Nazirl\u0259r Kabinetinin 17 sentyabr 1996-c\u0131 il tarixli 125 sayl\u0131 q\u0259rar\u0131 il\u0259 La\u00e7\u0131n rayonunun Na\u011fdal\u0131 k\u0259nd klubuna Mehdiyev R\u0259hb\u0259r M\u0259h\u0259mm\u0259d o\u011flunun ad\u0131 verilmi\u015fdir.<\/p>\n\n\n\n<p><strong>P.S.Ball\u0131qayada soyqr\u0131m zaman\u0131 erm\u0259nil\u0259r t\u0259r\u0259find\u0259n x\u00fcsusi q\u0259ddarl\u0131qla q\u0259tl\u0259 yetirilmi\u015f dinc sakinl\u0259r: Mehdiyeva Q\u0259nir\u0259 \u0130brahim q\u0131z\u0131, Mehdiyev Fikr\u0259t H\u00fcmb\u0259t o\u011flu, Mehdiyev Mehti H\u00fcmb\u0259t o\u011flu v\u0259 Mehdiyeva Ayna H\u00fcmb\u0259t q\u0131z\u0131n\u0131n n\u0259\u015fi.<\/strong><a href=\"https:\/\/www.facebook.com\/photo.php?fbid=747427136035219&amp;set=pcb.747427256035207&amp;type=3&amp;__tn__=HH-R&amp;eid=ARAY3RCLjSnqLm_Sm9oBb5K1g7F7tdRYcb1ZQR147maRJXBsn4Ui_WLdLRnwnGpPHOeNn17tHfnrbS_7\"><\/a><\/p>\n\n\n\n<figure class=\"wp-block-image size-large is-resized\"><img loading=\"lazy\" decoding=\"async\" src=\"http:\/\/fedai.az\/wp-content\/uploads\/2020\/08\/118616637_4336860729718719_1403185537779084673_n.jpg\" alt=\"\" class=\"wp-image-14088\" width=\"912\" height=\"513\"\/><\/figure>\n","protected":false},"excerpt":{"rendered":"<p>Elmar H\u0259s\u0259nli 1992-ci ilin avqust ay\u0131nda G\u00f6ranboy rayonunun Ball\u0131qaya k\u0259ndind\u0259 erm\u0259ni terror\u00e7u-quldur birl\u0259\u015fm\u0259l\u0259ri t\u0259r\u0259find\u0259n daha bir qanl\u0131 v\u0259 amans\u0131z cinayy\u0259t &#8212; Ball\u0131qaya q\u0259tliam\u0131 t\u00f6r\u0259dilmi\u015fdir.<\/p>\n","protected":false},"author":2,"featured_media":0,"comment_status":"closed","ping_status":"closed","sticky":false,"template":"","format":"standard","meta":{"footnotes":""},"categories":[4],"tags":[],"class_list":["post-14082","post","type-post","status-publish","format-standard","hentry","category-qarabag"],"aioseo_notices":[],"_links":{"self":[{"href":"https:\/\/fedai.az\/index.php?rest_route=\/wp\/v2\/posts\/14082","targetHints":{"allow":["GET"]}}],"collection":[{"href":"https:\/\/fedai.az\/index.php?rest_route=\/wp\/v2\/posts"}],"about":[{"href":"https:\/\/fedai.az\/index.php?rest_route=\/wp\/v2\/types\/post"}],"author":[{"embeddable":true,"href":"https:\/\/fedai.az\/index.php?rest_route=\/wp\/v2\/users\/2"}],"replies":[{"embeddable":true,"href":"https:\/\/fedai.az\/index.php?rest_route=%2Fwp%2Fv2%2Fcomments&post=14082"}],"version-history":[{"count":4,"href":"https:\/\/fedai.az\/index.php?rest_route=\/wp\/v2\/posts\/14082\/revisions"}],"predecessor-version":[{"id":14138,"href":"https:\/\/fedai.az\/index.php?rest_route=\/wp\/v2\/posts\/14082\/revisions\/14138"}],"wp:attachment":[{"href":"https:\/\/fedai.az\/index.php?rest_route=%2Fwp%2Fv2%2Fmedia&parent=14082"}],"wp:term":[{"taxonomy":"category","embeddable":true,"href":"https:\/\/fedai.az\/index.php?rest_route=%2Fwp%2Fv2%2Fcategories&post=14082"},{"taxonomy":"post_tag","embeddable":true,"href":"https:\/\/fedai.az\/index.php?rest_route=%2Fwp%2Fv2%2Ftags&post=14082"}],"curies":[{"name":"wp","href":"https:\/\/api.w.org\/{rel}","templated":true}]}}