{"id":14092,"date":"2020-08-28T03:26:55","date_gmt":"2020-08-27T23:26:55","guid":{"rendered":"http:\/\/fedai.az\/?p=14092"},"modified":"2020-08-28T03:26:56","modified_gmt":"2020-08-27T23:26:56","slug":"nazirlik-iki-s%c9%99hid-ovladini-himay%c9%99sin%c9%99-goturub-foto","status":"publish","type":"post","link":"https:\/\/fedai.az\/?p=14092","title":{"rendered":"Nazirlik iki \u015f\u0259hid \u00f6vlad\u0131n\u0131 himay\u0259sin\u0259 g\u00f6t\u00fcr\u00fcb &#8212; FOTO"},"content":{"rendered":"\n<p><strong>Aprel d\u00f6y\u00fc\u015fl\u0259ri zaman\u0131 \u015f\u0259hid olan ki\u00e7ik gizir Orxan H\u0259midovun \u00f6vladlar\u0131 &#8212; 2007-ci il t\u0259v\u0259ll\u00fcdl\u00fc H\u0259midli V\u00fcsal v\u0259 2009-cu il t\u0259v\u0259ll\u00fcdl\u00fc H\u0259midli F\u0259rid F\u00f6vq\u0259lad\u0259 Hallar Nazirliyi \u0130\u015f\u00e7il\u0259rinin H\u0259mkarlar \u0130ttifaq\u0131 t\u0259r\u0259find\u0259n himay\u0259y\u0259 g\u00f6t\u00fcr\u00fcl\u00fcb. Sentyabr ay\u0131n\u0131n 1-d\u0259n etibar\u0259n \u015f\u0259hidin ail\u0259sin\u0259 h\u0259r \u00f6vlada 18 ya\u015f\u0131 tamam olana kimi h\u0259r ay 150 manat olmaqla 300 manat m\u0259bl\u0259\u011find\u0259 maddi yard\u0131m veril\u0259c\u0259k.<\/strong><\/p>\n\n\n\n<p><br>Avqustun 26-da F\u00f6vq\u0259lad\u0259 Hallar Nazirliyi i\u015f\u00e7il\u0259rinin H\u0259mkarlar \u0130ttifaq\u0131n\u0131n s\u0259dri Mehman \u0130smay\u0131lov \u015f\u0259hid Orxan H\u0259midovun ail\u0259si il\u0259 g\u00f6r\u00fc\u015f\u00fcb.<\/p>\n\n\n\n<p><br>G\u00f6r\u00fc\u015f zaman\u0131 Mehman \u0130smay\u0131lov Az\u0259rbaycan xalq\u0131n\u0131n V\u0259t\u0259n u\u011frunda can\u0131n\u0131 f\u0259da ed\u0259n \u015f\u0259hidl\u0259rimizin xatir\u0259sini h\u0259r zaman uca tutdu\u011funu bildirib. O qeyd edib ki, Orxan H\u0259midov da \u00f6z qan\u0131 bahas\u0131na torpaqlar\u0131m\u0131z\u0131n azad olunmas\u0131 u\u011frunda i\u015ftirak ed\u0259r\u0259k \u015f\u0259hidlik zirv\u0259sin\u0259 ucal\u0131b. V\u0259t\u0259n, torpaq yolunda can\u0131n\u0131 qurban ver\u0259nl\u0259rin xatir\u0259si q\u0259lbimizd\u0259 daim ya\u015fayacaq, onlar\u0131n \u015f\u00fcca\u0259ti Az\u0259rbaycan xalq\u0131n\u0131n tarixin\u0259 q\u0131z\u0131l h\u0259rfl\u0259rl\u0259 yaz\u0131lacaq.<\/p>\n\n\n\n<p><br>M. \u0130smay\u0131lov Az\u0259rbaycan d\u00f6vl\u0259tinin \u015f\u0259hid ail\u0259l\u0259rin\u0259 g\u00f6st\u0259rdiyi diqq\u0259t v\u0259 qay\u011f\u0131dan, onlar\u0131n \u00fczl\u0259\u015fdikl\u0259ri probleml\u0259rin h\u0259lli istiqam\u0259tind\u0259 g\u00f6r\u00fcl\u0259n i\u015fl\u0259rd\u0259n d\u0259 dan\u0131\u015f\u0131b.<\/p>\n\n\n\n<p><br>\u015e\u0259hidin anas\u0131 Tamella M\u0259mm\u0259dova, \u00f6z n\u00f6vb\u0259sind\u0259, \u015f\u0259hid ail\u0259l\u0259rin\u0259 g\u00f6st\u0259ril\u0259n d\u00f6vl\u0259t qay\u011f\u0131s\u0131ndan dan\u0131\u015faraq minn\u0259tdarl\u0131\u011f\u0131n\u0131 bildirib.<br>\u015e\u0259hid ail\u0259sin\u0259 yard\u0131m paketl\u0259ri t\u0259qdim olunub.<br><\/p>\n\n\n\n<p>Sonra M. \u0130smay\u0131lov v\u0259 \u015f\u0259hidin ail\u0259 \u00fczvl\u0259ri Orxan H\u0259midovun m\u0259zar\u0131n\u0131 ziyar\u0259t ed\u0259r\u0259k xatir\u0259sini an\u0131blar.<\/p>\n\n\n\n<p><strong>Leyla H\u0259s\u0259nova<\/strong><\/p>\n\n\n\n<figure class=\"wp-block-gallery columns-2 is-cropped wp-block-gallery-1 is-layout-flex wp-block-gallery-is-layout-flex\"><ul class=\"blocks-gallery-grid\"><li class=\"blocks-gallery-item\"><figure><img loading=\"lazy\" decoding=\"async\" width=\"590\" height=\"344\" src=\"http:\/\/fedai.az\/wp-content\/uploads\/2020\/08\/118569704_4336332406438218_8657513616883690014_n.jpg\" alt=\"\" data-id=\"14093\" data-link=\"http:\/\/fedai.az\/?attachment_id=14093\" class=\"wp-image-14093\" srcset=\"https:\/\/fedai.az\/wp-content\/uploads\/2020\/08\/118569704_4336332406438218_8657513616883690014_n.jpg 590w, https:\/\/fedai.az\/wp-content\/uploads\/2020\/08\/118569704_4336332406438218_8657513616883690014_n-300x175.jpg 300w, https:\/\/fedai.az\/wp-content\/uploads\/2020\/08\/118569704_4336332406438218_8657513616883690014_n-150x87.jpg 150w\" sizes=\"auto, (max-width: 590px) 100vw, 590px\" \/><\/figure><\/li><li class=\"blocks-gallery-item\"><figure><img decoding=\"async\" src=\"http:\/\/fedai.az\/wp-content\/uploads\/2020\/08\/118681819_4336332143104911_7465094249441110007_n.jpg\" alt=\"\" data-id=\"14094\" data-full-url=\"http:\/\/fedai.az\/wp-content\/uploads\/2020\/08\/118681819_4336332143104911_7465094249441110007_n.jpg\" data-link=\"http:\/\/fedai.az\/?attachment_id=14094\" class=\"wp-image-14094\"\/><\/figure><\/li><\/ul><\/figure>\n","protected":false},"excerpt":{"rendered":"<p>Aprel d\u00f6y\u00fc\u015fl\u0259ri zaman\u0131 \u015f\u0259hid olan ki\u00e7ik gizir Orxan H\u0259midovun \u00f6vladlar\u0131 &#8212; 2007-ci il t\u0259v\u0259ll\u00fcdl\u00fc H\u0259midli V\u00fcsal v\u0259 2009-cu il t\u0259v\u0259ll\u00fcdl\u00fc H\u0259midli F\u0259rid F\u00f6vq\u0259lad\u0259 Hallar<\/p>\n","protected":false},"author":2,"featured_media":14095,"comment_status":"closed","ping_status":"closed","sticky":false,"template":"","format":"standard","meta":{"footnotes":""},"categories":[12],"tags":[],"class_list":["post-14092","post","type-post","status-publish","format-standard","has-post-thumbnail","hentry","category-sosial"],"aioseo_notices":[],"_links":{"self":[{"href":"https:\/\/fedai.az\/index.php?rest_route=\/wp\/v2\/posts\/14092","targetHints":{"allow":["GET"]}}],"collection":[{"href":"https:\/\/fedai.az\/index.php?rest_route=\/wp\/v2\/posts"}],"about":[{"href":"https:\/\/fedai.az\/index.php?rest_route=\/wp\/v2\/types\/post"}],"author":[{"embeddable":true,"href":"https:\/\/fedai.az\/index.php?rest_route=\/wp\/v2\/users\/2"}],"replies":[{"embeddable":true,"href":"https:\/\/fedai.az\/index.php?rest_route=%2Fwp%2Fv2%2Fcomments&post=14092"}],"version-history":[{"count":1,"href":"https:\/\/fedai.az\/index.php?rest_route=\/wp\/v2\/posts\/14092\/revisions"}],"predecessor-version":[{"id":14096,"href":"https:\/\/fedai.az\/index.php?rest_route=\/wp\/v2\/posts\/14092\/revisions\/14096"}],"wp:featuredmedia":[{"embeddable":true,"href":"https:\/\/fedai.az\/index.php?rest_route=\/wp\/v2\/media\/14095"}],"wp:attachment":[{"href":"https:\/\/fedai.az\/index.php?rest_route=%2Fwp%2Fv2%2Fmedia&parent=14092"}],"wp:term":[{"taxonomy":"category","embeddable":true,"href":"https:\/\/fedai.az\/index.php?rest_route=%2Fwp%2Fv2%2Fcategories&post=14092"},{"taxonomy":"post_tag","embeddable":true,"href":"https:\/\/fedai.az\/index.php?rest_route=%2Fwp%2Fv2%2Ftags&post=14092"}],"curies":[{"name":"wp","href":"https:\/\/api.w.org\/{rel}","templated":true}]}}