{"id":14295,"date":"2020-08-30T05:07:23","date_gmt":"2020-08-30T01:07:23","guid":{"rendered":"http:\/\/fedai.az\/?p=14295"},"modified":"2020-08-30T10:59:05","modified_gmt":"2020-08-30T06:59:05","slug":"avmvib-30-agustos-zafer-bayramini-kutladi","status":"publish","type":"post","link":"https:\/\/fedai.az\/?p=14295","title":{"rendered":"AVMV\u0130B 30 A\u011fustos Zafer Bayram\u0131n\u0131 kutlad\u0131"},"content":{"rendered":"\n<p class=\"wp-block-paragraph\">T\u00fcm De\u011ferli Arkada\u015flar\u0131m\u0131n 30 A\u011fustos Zafer Bayram\u0131n\u0131 en i\u00e7ten dileklerimle kutluyor, B\u00fcy\u00fck Kurtar\u0131c\u0131, Mustafa Kemal ATAT\u00dcRK ba\u015fta, Kurtulu\u015f Sava\u015f\u0131m\u0131z\u0131n t\u00fcm kahramanlar\u0131n\u0131, \u015eehitlerimizi, Gazilerimizi rahmet ve \u015f\u00fckranla an\u0131yoruz.<\/p>\n\n\n\n<p class=\"wp-block-paragraph\"><br><strong>Ne Mutlu T\u00fcrk&#8217;\u00fcm diyene!<\/strong><\/p>\n\n\n\n<p class=\"wp-block-paragraph\"><strong>Azerbaycan Vatan Muharibesi (Sava\u015f\u0131) Veteranlar\u0131 (Gazileri) \u0130ctimai Birliyi (AVMV\u0130B) Gaziler ad\u0131ndan T\u00fcrk halk\u0131n\u0131n ve Turan ellerinin Zafer bayram\u0131n\u0131 kutlay\u0131r. <\/strong><\/p>\n\n\n\n<figure class=\"wp-block-image size-large is-resized\"><img loading=\"lazy\" decoding=\"async\" src=\"http:\/\/fedai.az\/wp-content\/uploads\/2020\/08\/images-5.jpg\" alt=\"\" class=\"wp-image-14296\" width=\"857\" height=\"581\"\/><\/figure>\n","protected":false},"excerpt":{"rendered":"<p>T\u00fcm De\u011ferli Arkada\u015flar\u0131m\u0131n 30 A\u011fustos Zafer Bayram\u0131n\u0131 en i\u00e7ten dileklerimle kutluyor, B\u00fcy\u00fck Kurtar\u0131c\u0131, Mustafa Kemal ATAT\u00dcRK ba\u015fta, Kurtulu\u015f Sava\u015f\u0131m\u0131z\u0131n t\u00fcm kahramanlar\u0131n\u0131, \u015eehitlerimizi, Gazilerimizi rahmet<\/p>\n","protected":false},"author":2,"featured_media":0,"comment_status":"closed","ping_status":"closed","sticky":false,"template":"","format":"standard","meta":{"footnotes":""},"categories":[16],"tags":[],"class_list":["post-14295","post","type-post","status-publish","format-standard","hentry","category-turkish"],"aioseo_notices":[],"aioseo_head":"\n\t\t<!-- All in One SEO 5.0.0.1 - aioseo.com -->\n\t<meta name=\"description\" content=\"T\u00fcm De\u011ferli Arkada\u015flar\u0131m\u0131n 30 A\u011fustos Zafer Bayram\u0131n\u0131 en i\u00e7ten dileklerimle kutluyor, B\u00fcy\u00fck Kurtar\u0131c\u0131, Mustafa Kemal ATAT\u00dcRK ba\u015fta, Kurtulu\u015f Sava\u015f\u0131m\u0131z\u0131n t\u00fcm kahramanlar\u0131n\u0131, \u015eehitlerimizi, Gazilerimizi rahmet ve \u015f\u00fckranla an\u0131yoruz. Ne Mutlu T\u00fcrk&#039;\u00fcm diyene! Azerbaycan Vatan Muharibesi (Sava\u015f\u0131) Veteranlar\u0131 (Gazileri) \u0130ctimai Birliyi (AVMV\u0130B) Gaziler ad\u0131ndan T\u00fcrk halk\u0131n\u0131n ve Turan ellerinin Zafer bayram\u0131n\u0131 kutlay\u0131r.\" \/>\n\t<meta name=\"robots\" content=\"max-image-preview:large\" \/>\n\t<meta name=\"author\" content=\"www.Fedai.az\"\/>\n\t<link rel=\"canonical\" href=\"https:\/\/fedai.az\/?p=14295\" \/>\n\t<meta name=\"generator\" content=\"All in One SEO (AIOSEO) 5.0.0.1\" \/>\n\t\t<meta property=\"og:locale\" content=\"ru_RU\" \/>\n\t\t<meta property=\"og:site_name\" content=\"&quot;F\u0259dai&quot; q\u0259zeti\" \/>\n\t\t<meta property=\"og:type\" content=\"article\" \/>\n\t\t<meta property=\"og:title\" content=\"AVMV\u0130B 30 A\u011fustos Zafer Bayram\u0131n\u0131 kutlad\u0131 | &quot;F\u0259dai&quot; q\u0259zeti\" \/>\n\t\t<meta property=\"og:description\" content=\"T\u00fcm De\u011ferli Arkada\u015flar\u0131m\u0131n 30 A\u011fustos Zafer Bayram\u0131n\u0131 en i\u00e7ten dileklerimle kutluyor, B\u00fcy\u00fck Kurtar\u0131c\u0131, Mustafa Kemal ATAT\u00dcRK ba\u015fta, Kurtulu\u015f Sava\u015f\u0131m\u0131z\u0131n t\u00fcm kahramanlar\u0131n\u0131, \u015eehitlerimizi, Gazilerimizi rahmet ve \u015f\u00fckranla an\u0131yoruz. Ne Mutlu T\u00fcrk&#039;\u00fcm diyene! Azerbaycan Vatan Muharibesi (Sava\u015f\u0131) Veteranlar\u0131 (Gazileri) \u0130ctimai Birliyi (AVMV\u0130B) Gaziler ad\u0131ndan T\u00fcrk halk\u0131n\u0131n ve Turan ellerinin Zafer bayram\u0131n\u0131 kutlay\u0131r.\" \/>\n\t\t<meta property=\"og:url\" content=\"https:\/\/fedai.az\/?p=14295\" \/>\n\t\t<meta property=\"fb:app_id\" content=\"696809432257740\" \/>\n\t\t<meta property=\"og:image\" content=\"https:\/\/fedai.az\/wp-content\/uploads\/2022\/09\/logo3.png\" \/>\n\t\t<meta property=\"og:image:secure_url\" content=\"https:\/\/fedai.az\/wp-content\/uploads\/2022\/09\/logo3.png\" \/>\n\t\t<meta property=\"article:published_time\" content=\"2020-08-30T01:07:23+00:00\" \/>\n\t\t<meta property=\"article:modified_time\" content=\"2020-08-30T06:59:05+00:00\" \/>\n\t\t<meta property=\"article:publisher\" content=\"https:\/\/facebook.com\/fedai.az\" \/>\n\t\t<meta name=\"twitter:card\" content=\"summary\" \/>\n\t\t<meta name=\"twitter:site\" content=\"@fedai.az\" \/>\n\t\t<meta name=\"twitter:title\" content=\"AVMV\u0130B 30 A\u011fustos Zafer Bayram\u0131n\u0131 kutlad\u0131 | &quot;F\u0259dai&quot; q\u0259zeti\" \/>\n\t\t<meta name=\"twitter:description\" content=\"T\u00fcm De\u011ferli Arkada\u015flar\u0131m\u0131n 30 A\u011fustos Zafer Bayram\u0131n\u0131 en i\u00e7ten dileklerimle kutluyor, B\u00fcy\u00fck Kurtar\u0131c\u0131, Mustafa Kemal ATAT\u00dcRK ba\u015fta, Kurtulu\u015f Sava\u015f\u0131m\u0131z\u0131n t\u00fcm kahramanlar\u0131n\u0131, \u015eehitlerimizi, Gazilerimizi rahmet ve \u015f\u00fckranla an\u0131yoruz. Ne Mutlu T\u00fcrk&#039;\u00fcm diyene! Azerbaycan Vatan Muharibesi (Sava\u015f\u0131) Veteranlar\u0131 (Gazileri) \u0130ctimai Birliyi (AVMV\u0130B) Gaziler ad\u0131ndan T\u00fcrk halk\u0131n\u0131n ve Turan ellerinin Zafer bayram\u0131n\u0131 kutlay\u0131r.\" \/>\n\t\t<meta name=\"twitter:image\" content=\"https:\/\/fedai.az\/wp-content\/uploads\/2022\/09\/logo3.png\" \/>\n\t\t<script type=\"application\/ld+json\" class=\"aioseo-schema\">\n\t\t\t{\"@context\":\"https:\\\/\\\/schema.org\",\"@graph\":[{\"@type\":\"Article\",\"@id\":\"https:\\\/\\\/fedai.az\\\/?p=14295#article\",\"name\":\"AVMV\\u0130B 30 A\\u011fustos Zafer Bayram\\u0131n\\u0131 kutlad\\u0131 | \\\"F\\u0259dai\\\" q\\u0259zeti\",\"headline\":\"AVMV\\u0130B 30 A\\u011fustos Zafer Bayram\\u0131n\\u0131 kutlad\\u0131\",\"author\":{\"@id\":\"https:\\\/\\\/fedai.az\\\/?author=2#author\"},\"publisher\":{\"@id\":\"https:\\\/\\\/fedai.az\\\/#organization\"},\"image\":{\"@type\":\"ImageObject\",\"url\":\"http:\\\/\\\/fedai.az\\\/wp-content\\\/uploads\\\/2020\\\/08\\\/images-5.jpg\",\"@id\":\"https:\\\/\\\/fedai.az\\\/?p=14295\\\/#articleImage\"},\"datePublished\":\"2020-08-30T05:07:23+04:00\",\"dateModified\":\"2020-08-30T10:59:05+04:00\",\"inLanguage\":\"ru-RU\",\"mainEntityOfPage\":{\"@id\":\"https:\\\/\\\/fedai.az\\\/?p=14295#webpage\"},\"isPartOf\":{\"@id\":\"https:\\\/\\\/fedai.az\\\/?p=14295#webpage\"},\"articleSection\":\"T\\u00fcrkc\\u0259\"},{\"@type\":\"BreadcrumbList\",\"@id\":\"https:\\\/\\\/fedai.az\\\/?p=14295#breadcrumblist\",\"itemListElement\":[{\"@type\":\"ListItem\",\"@id\":\"https:\\\/\\\/fedai.az#listItem\",\"position\":1,\"name\":\"Home\",\"item\":\"https:\\\/\\\/fedai.az\",\"nextItem\":{\"@type\":\"ListItem\",\"@id\":\"https:\\\/\\\/fedai.az\\\/?cat=16#listItem\",\"name\":\"T\\u00fcrkc\\u0259\"}},{\"@type\":\"ListItem\",\"@id\":\"https:\\\/\\\/fedai.az\\\/?cat=16#listItem\",\"position\":2,\"name\":\"T\\u00fcrkc\\u0259\",\"item\":\"https:\\\/\\\/fedai.az\\\/?cat=16\",\"nextItem\":{\"@type\":\"ListItem\",\"@id\":\"https:\\\/\\\/fedai.az\\\/?p=14295#listItem\",\"name\":\"AVMV\\u0130B 30 A\\u011fustos Zafer Bayram\\u0131n\\u0131 kutlad\\u0131\"},\"previousItem\":{\"@type\":\"ListItem\",\"@id\":\"https:\\\/\\\/fedai.az#listItem\",\"name\":\"Home\"}},{\"@type\":\"ListItem\",\"@id\":\"https:\\\/\\\/fedai.az\\\/?p=14295#listItem\",\"position\":3,\"name\":\"AVMV\\u0130B 30 A\\u011fustos Zafer Bayram\\u0131n\\u0131 kutlad\\u0131\",\"previousItem\":{\"@type\":\"ListItem\",\"@id\":\"https:\\\/\\\/fedai.az\\\/?cat=16#listItem\",\"name\":\"T\\u00fcrkc\\u0259\"}}]},{\"@type\":\"Organization\",\"@id\":\"https:\\\/\\\/fedai.az\\\/#organization\",\"name\":\"\\\"F\\u0259dai\\\" q\\u0259zeti\",\"description\":\"Az\\u0259rbaycan V\\u0259t\\u0259n M\\u00fcharib\\u0259si Veteranlar\\u0131 \\u0130ctimai Birliyi\",\"url\":\"https:\\\/\\\/fedai.az\\\/\",\"logo\":{\"@type\":\"ImageObject\",\"url\":\"https:\\\/\\\/fedai.az\\\/wp-content\\\/uploads\\\/2022\\\/09\\\/logo3.png\",\"@id\":\"https:\\\/\\\/fedai.az\\\/?p=14295\\\/#organizationLogo\",\"width\":500,\"height\":100},\"image\":{\"@id\":\"https:\\\/\\\/fedai.az\\\/?p=14295\\\/#organizationLogo\"},\"sameAs\":[\"https:\\\/\\\/instagram.com\\\/fedai.az\",\"https:\\\/\\\/pinterest.com\\\/fedai.az\",\"https:\\\/\\\/youtube.com\\\/fedai.az\",\"https:\\\/\\\/linkedin.com\\\/in\\\/fedai.az\"]},{\"@type\":\"Person\",\"@id\":\"https:\\\/\\\/fedai.az\\\/?author=2#author\",\"url\":\"https:\\\/\\\/fedai.az\\\/?author=2\",\"name\":\"www.Fedai.az\",\"image\":{\"@type\":\"ImageObject\",\"@id\":\"https:\\\/\\\/fedai.az\\\/?p=14295#authorImage\",\"url\":\"https:\\\/\\\/secure.gravatar.com\\\/avatar\\\/d861e138a4bd3ce6812a7aa95e796aa05e165f28ecde9a972c6789a09fcd1daa?s=96&d=mm&r=g\",\"width\":96,\"height\":96,\"caption\":\"www.Fedai.az\"}},{\"@type\":\"WebPage\",\"@id\":\"https:\\\/\\\/fedai.az\\\/?p=14295#webpage\",\"url\":\"https:\\\/\\\/fedai.az\\\/?p=14295\",\"name\":\"AVMV\\u0130B 30 A\\u011fustos Zafer Bayram\\u0131n\\u0131 kutlad\\u0131 | \\\"F\\u0259dai\\\" q\\u0259zeti\",\"description\":\"T\\u00fcm De\\u011ferli Arkada\\u015flar\\u0131m\\u0131n 30 A\\u011fustos Zafer Bayram\\u0131n\\u0131 en i\\u00e7ten dileklerimle kutluyor, B\\u00fcy\\u00fck Kurtar\\u0131c\\u0131, Mustafa Kemal ATAT\\u00dcRK ba\\u015fta, Kurtulu\\u015f Sava\\u015f\\u0131m\\u0131z\\u0131n t\\u00fcm kahramanlar\\u0131n\\u0131, \\u015eehitlerimizi, Gazilerimizi rahmet ve \\u015f\\u00fckranla an\\u0131yoruz. Ne Mutlu T\\u00fcrk'\\u00fcm diyene! Azerbaycan Vatan Muharibesi (Sava\\u015f\\u0131) Veteranlar\\u0131 (Gazileri) \\u0130ctimai Birliyi (AVMV\\u0130B) Gaziler ad\\u0131ndan T\\u00fcrk halk\\u0131n\\u0131n ve Turan ellerinin Zafer bayram\\u0131n\\u0131 kutlay\\u0131r.\",\"inLanguage\":\"ru-RU\",\"isPartOf\":{\"@id\":\"https:\\\/\\\/fedai.az\\\/#website\"},\"breadcrumb\":{\"@id\":\"https:\\\/\\\/fedai.az\\\/?p=14295#breadcrumblist\"},\"author\":{\"@id\":\"https:\\\/\\\/fedai.az\\\/?author=2#author\"},\"creator\":{\"@id\":\"https:\\\/\\\/fedai.az\\\/?author=2#author\"},\"datePublished\":\"2020-08-30T05:07:23+04:00\",\"dateModified\":\"2020-08-30T10:59:05+04:00\"},{\"@type\":\"WebSite\",\"@id\":\"https:\\\/\\\/fedai.az\\\/#website\",\"url\":\"https:\\\/\\\/fedai.az\\\/\",\"name\":\"\\\"F\\u0259dai\\\" q\\u0259zeti\",\"description\":\"Az\\u0259rbaycan V\\u0259t\\u0259n M\\u00fcharib\\u0259si Veteranlar\\u0131 \\u0130ctimai Birliyi\",\"inLanguage\":\"ru-RU\",\"publisher\":{\"@id\":\"https:\\\/\\\/fedai.az\\\/#organization\"}}]}\n\t\t<\/script>\n\t\t<!-- All in One SEO -->\n\n","aioseo_head_json":{"title":"AVMV\u0130B 30 A\u011fustos Zafer Bayram\u0131n\u0131 kutlad\u0131 | \"F\u0259dai\" q\u0259zeti","description":"T\u00fcm De\u011ferli Arkada\u015flar\u0131m\u0131n 30 A\u011fustos Zafer Bayram\u0131n\u0131 en i\u00e7ten dileklerimle kutluyor, B\u00fcy\u00fck Kurtar\u0131c\u0131, Mustafa Kemal ATAT\u00dcRK ba\u015fta, Kurtulu\u015f Sava\u015f\u0131m\u0131z\u0131n t\u00fcm kahramanlar\u0131n\u0131, \u015eehitlerimizi, Gazilerimizi rahmet ve \u015f\u00fckranla an\u0131yoruz. Ne Mutlu T\u00fcrk'\u00fcm diyene! Azerbaycan Vatan Muharibesi (Sava\u015f\u0131) Veteranlar\u0131 (Gazileri) \u0130ctimai Birliyi (AVMV\u0130B) Gaziler ad\u0131ndan T\u00fcrk halk\u0131n\u0131n ve Turan ellerinin Zafer bayram\u0131n\u0131 kutlay\u0131r.","canonical_url":"https:\/\/fedai.az\/?p=14295","robots":"max-image-preview:large","keywords":"","webmasterTools":{"miscellaneous":""},"schema":{"@context":"https:\/\/schema.org","@graph":[{"@type":"Article","@id":"https:\/\/fedai.az\/?p=14295#article","name":"AVMV\u0130B 30 A\u011fustos Zafer Bayram\u0131n\u0131 kutlad\u0131 | \"F\u0259dai\" q\u0259zeti","headline":"AVMV\u0130B 30 A\u011fustos Zafer Bayram\u0131n\u0131 kutlad\u0131","author":{"@id":"https:\/\/fedai.az\/?author=2#author"},"publisher":{"@id":"https:\/\/fedai.az\/#organization"},"image":{"@type":"ImageObject","url":"http:\/\/fedai.az\/wp-content\/uploads\/2020\/08\/images-5.jpg","@id":"https:\/\/fedai.az\/?p=14295\/#articleImage"},"datePublished":"2020-08-30T05:07:23+04:00","dateModified":"2020-08-30T10:59:05+04:00","inLanguage":"ru-RU","mainEntityOfPage":{"@id":"https:\/\/fedai.az\/?p=14295#webpage"},"isPartOf":{"@id":"https:\/\/fedai.az\/?p=14295#webpage"},"articleSection":"T\u00fcrkc\u0259"},{"@type":"BreadcrumbList","@id":"https:\/\/fedai.az\/?p=14295#breadcrumblist","itemListElement":[{"@type":"ListItem","@id":"https:\/\/fedai.az#listItem","position":1,"name":"Home","item":"https:\/\/fedai.az","nextItem":{"@type":"ListItem","@id":"https:\/\/fedai.az\/?cat=16#listItem","name":"T\u00fcrkc\u0259"}},{"@type":"ListItem","@id":"https:\/\/fedai.az\/?cat=16#listItem","position":2,"name":"T\u00fcrkc\u0259","item":"https:\/\/fedai.az\/?cat=16","nextItem":{"@type":"ListItem","@id":"https:\/\/fedai.az\/?p=14295#listItem","name":"AVMV\u0130B 30 A\u011fustos Zafer Bayram\u0131n\u0131 kutlad\u0131"},"previousItem":{"@type":"ListItem","@id":"https:\/\/fedai.az#listItem","name":"Home"}},{"@type":"ListItem","@id":"https:\/\/fedai.az\/?p=14295#listItem","position":3,"name":"AVMV\u0130B 30 A\u011fustos Zafer Bayram\u0131n\u0131 kutlad\u0131","previousItem":{"@type":"ListItem","@id":"https:\/\/fedai.az\/?cat=16#listItem","name":"T\u00fcrkc\u0259"}}]},{"@type":"Organization","@id":"https:\/\/fedai.az\/#organization","name":"\"F\u0259dai\" q\u0259zeti","description":"Az\u0259rbaycan V\u0259t\u0259n M\u00fcharib\u0259si Veteranlar\u0131 \u0130ctimai Birliyi","url":"https:\/\/fedai.az\/","logo":{"@type":"ImageObject","url":"https:\/\/fedai.az\/wp-content\/uploads\/2022\/09\/logo3.png","@id":"https:\/\/fedai.az\/?p=14295\/#organizationLogo","width":500,"height":100},"image":{"@id":"https:\/\/fedai.az\/?p=14295\/#organizationLogo"},"sameAs":["https:\/\/instagram.com\/fedai.az","https:\/\/pinterest.com\/fedai.az","https:\/\/youtube.com\/fedai.az","https:\/\/linkedin.com\/in\/fedai.az"]},{"@type":"Person","@id":"https:\/\/fedai.az\/?author=2#author","url":"https:\/\/fedai.az\/?author=2","name":"www.Fedai.az","image":{"@type":"ImageObject","@id":"https:\/\/fedai.az\/?p=14295#authorImage","url":"https:\/\/secure.gravatar.com\/avatar\/d861e138a4bd3ce6812a7aa95e796aa05e165f28ecde9a972c6789a09fcd1daa?s=96&d=mm&r=g","width":96,"height":96,"caption":"www.Fedai.az"}},{"@type":"WebPage","@id":"https:\/\/fedai.az\/?p=14295#webpage","url":"https:\/\/fedai.az\/?p=14295","name":"AVMV\u0130B 30 A\u011fustos Zafer Bayram\u0131n\u0131 kutlad\u0131 | \"F\u0259dai\" q\u0259zeti","description":"T\u00fcm De\u011ferli Arkada\u015flar\u0131m\u0131n 30 A\u011fustos Zafer Bayram\u0131n\u0131 en i\u00e7ten dileklerimle kutluyor, B\u00fcy\u00fck Kurtar\u0131c\u0131, Mustafa Kemal ATAT\u00dcRK ba\u015fta, Kurtulu\u015f Sava\u015f\u0131m\u0131z\u0131n t\u00fcm kahramanlar\u0131n\u0131, \u015eehitlerimizi, Gazilerimizi rahmet ve \u015f\u00fckranla an\u0131yoruz. Ne Mutlu T\u00fcrk'\u00fcm diyene! Azerbaycan Vatan Muharibesi (Sava\u015f\u0131) Veteranlar\u0131 (Gazileri) \u0130ctimai Birliyi (AVMV\u0130B) Gaziler ad\u0131ndan T\u00fcrk halk\u0131n\u0131n ve Turan ellerinin Zafer bayram\u0131n\u0131 kutlay\u0131r.","inLanguage":"ru-RU","isPartOf":{"@id":"https:\/\/fedai.az\/#website"},"breadcrumb":{"@id":"https:\/\/fedai.az\/?p=14295#breadcrumblist"},"author":{"@id":"https:\/\/fedai.az\/?author=2#author"},"creator":{"@id":"https:\/\/fedai.az\/?author=2#author"},"datePublished":"2020-08-30T05:07:23+04:00","dateModified":"2020-08-30T10:59:05+04:00"},{"@type":"WebSite","@id":"https:\/\/fedai.az\/#website","url":"https:\/\/fedai.az\/","name":"\"F\u0259dai\" q\u0259zeti","description":"Az\u0259rbaycan V\u0259t\u0259n M\u00fcharib\u0259si Veteranlar\u0131 \u0130ctimai Birliyi","inLanguage":"ru-RU","publisher":{"@id":"https:\/\/fedai.az\/#organization"}}]},"og:locale":"ru_RU","og:site_name":"&quot;F\u0259dai&quot; q\u0259zeti","og:type":"article","og:title":"AVMV\u0130B 30 A\u011fustos Zafer Bayram\u0131n\u0131 kutlad\u0131 | &quot;F\u0259dai&quot; q\u0259zeti","og:description":"T\u00fcm De\u011ferli Arkada\u015flar\u0131m\u0131n 30 A\u011fustos Zafer Bayram\u0131n\u0131 en i\u00e7ten dileklerimle kutluyor, B\u00fcy\u00fck Kurtar\u0131c\u0131, Mustafa Kemal ATAT\u00dcRK ba\u015fta, Kurtulu\u015f Sava\u015f\u0131m\u0131z\u0131n t\u00fcm kahramanlar\u0131n\u0131, \u015eehitlerimizi, Gazilerimizi rahmet ve \u015f\u00fckranla an\u0131yoruz. Ne Mutlu T\u00fcrk'\u00fcm diyene! Azerbaycan Vatan Muharibesi (Sava\u015f\u0131) Veteranlar\u0131 (Gazileri) \u0130ctimai Birliyi (AVMV\u0130B) Gaziler ad\u0131ndan T\u00fcrk halk\u0131n\u0131n ve Turan ellerinin Zafer bayram\u0131n\u0131 kutlay\u0131r.","og:url":"https:\/\/fedai.az\/?p=14295","fb:app_id":"696809432257740","og:image":"https:\/\/fedai.az\/wp-content\/uploads\/2022\/09\/logo3.png","og:image:secure_url":"https:\/\/fedai.az\/wp-content\/uploads\/2022\/09\/logo3.png","article:published_time":"2020-08-30T01:07:23+00:00","article:modified_time":"2020-08-30T06:59:05+00:00","article:publisher":"https:\/\/facebook.com\/fedai.az","twitter:card":"summary","twitter:site":"@fedai.az","twitter:title":"AVMV\u0130B 30 A\u011fustos Zafer Bayram\u0131n\u0131 kutlad\u0131 | &quot;F\u0259dai&quot; q\u0259zeti","twitter:description":"T\u00fcm De\u011ferli Arkada\u015flar\u0131m\u0131n 30 A\u011fustos Zafer Bayram\u0131n\u0131 en i\u00e7ten dileklerimle kutluyor, B\u00fcy\u00fck Kurtar\u0131c\u0131, Mustafa Kemal ATAT\u00dcRK ba\u015fta, Kurtulu\u015f Sava\u015f\u0131m\u0131z\u0131n t\u00fcm kahramanlar\u0131n\u0131, \u015eehitlerimizi, Gazilerimizi rahmet ve \u015f\u00fckranla an\u0131yoruz. Ne Mutlu T\u00fcrk'\u00fcm diyene! Azerbaycan Vatan Muharibesi (Sava\u015f\u0131) Veteranlar\u0131 (Gazileri) \u0130ctimai Birliyi (AVMV\u0130B) Gaziler ad\u0131ndan T\u00fcrk halk\u0131n\u0131n ve Turan ellerinin Zafer bayram\u0131n\u0131 kutlay\u0131r.","twitter:image":"https:\/\/fedai.az\/wp-content\/uploads\/2022\/09\/logo3.png"},"aioseo_meta_data":{"post_id":"14295","title":null,"description":null,"keywords":null,"keyphrases":null,"primary_term":null,"canonical_url":null,"og_title":null,"og_description":null,"og_object_type":"default","og_image_type":"default","og_image_url":null,"og_image_width":null,"og_image_height":null,"og_image_custom_url":null,"og_image_custom_fields":null,"og_video":null,"og_custom_url":null,"og_article_section":null,"og_article_tags":null,"twitter_use_og":false,"twitter_card":"default","twitter_image_type":"default","twitter_image_url":null,"twitter_image_custom_url":null,"twitter_image_custom_fields":null,"twitter_title":null,"twitter_description":null,"schema":{"blockGraphs":[],"customGraphs":[],"default":{"data":{"Article":[],"Course":[],"Dataset":[],"FAQPage":[],"Movie":[],"Person":[],"Product":[],"ProductReview":[],"Car":[],"Recipe":[],"Service":[],"SoftwareApplication":[],"WebPage":[]},"graphName":"Article","isEnabled":true},"graphs":[]},"schema_type":null,"schema_type_options":null,"pillar_content":false,"robots_default":true,"robots_noindex":false,"robots_noarchive":false,"robots_nosnippet":false,"robots_nofollow":false,"robots_noimageindex":false,"robots_noodp":false,"robots_notranslate":false,"robots_max_snippet":null,"robots_max_videopreview":null,"robots_max_imagepreview":"large","priority":null,"frequency":null,"local_seo":null,"breadcrumb_settings":null,"limit_modified_date":false,"ai":null,"created":"2021-07-04 19:16:30","updated":"2025-06-07 16:45:03","seo_analyzer_scan_date":null,"focus_keyword":null,"additional_keywords":null,"truseo_locale":null},"aioseo_breadcrumb":"<div class=\"aioseo-breadcrumbs\"><span class=\"aioseo-breadcrumb\">\n\t\t\t<a href=\"https:\/\/fedai.az\" title=\"Home\">Home<\/a>\n\t\t<\/span><span class=\"aioseo-breadcrumb-separator\">\u00bb<\/span><span class=\"aioseo-breadcrumb\">\n\t\t\t<a href=\"https:\/\/fedai.az\/?cat=16\" title=\"T\u00fcrkc\u0259\">T\u00fcrkc\u0259<\/a>\n\t\t<\/span><span class=\"aioseo-breadcrumb-separator\">\u00bb<\/span><span class=\"aioseo-breadcrumb\">\n\t\t\tAVMV\u0130B 30 A\u011fustos Zafer Bayram\u0131n\u0131 kutlad\u0131\n\t\t<\/span><\/div>","aioseo_breadcrumb_json":[{"label":"Home","link":"https:\/\/fedai.az"},{"label":"T\u00fcrkc\u0259","link":"https:\/\/fedai.az\/?cat=16"},{"label":"AVMV\u0130B 30 A\u011fustos Zafer Bayram\u0131n\u0131 kutlad\u0131","link":"https:\/\/fedai.az\/?p=14295"}],"_links":{"self":[{"href":"https:\/\/fedai.az\/index.php?rest_route=\/wp\/v2\/posts\/14295","targetHints":{"allow":["GET"]}}],"collection":[{"href":"https:\/\/fedai.az\/index.php?rest_route=\/wp\/v2\/posts"}],"about":[{"href":"https:\/\/fedai.az\/index.php?rest_route=\/wp\/v2\/types\/post"}],"author":[{"embeddable":true,"href":"https:\/\/fedai.az\/index.php?rest_route=\/wp\/v2\/users\/2"}],"replies":[{"embeddable":true,"href":"https:\/\/fedai.az\/index.php?rest_route=%2Fwp%2Fv2%2Fcomments&post=14295"}],"version-history":[{"count":2,"href":"https:\/\/fedai.az\/index.php?rest_route=\/wp\/v2\/posts\/14295\/revisions"}],"predecessor-version":[{"id":14300,"href":"https:\/\/fedai.az\/index.php?rest_route=\/wp\/v2\/posts\/14295\/revisions\/14300"}],"wp:attachment":[{"href":"https:\/\/fedai.az\/index.php?rest_route=%2Fwp%2Fv2%2Fmedia&parent=14295"}],"wp:term":[{"taxonomy":"category","embeddable":true,"href":"https:\/\/fedai.az\/index.php?rest_route=%2Fwp%2Fv2%2Fcategories&post=14295"},{"taxonomy":"post_tag","embeddable":true,"href":"https:\/\/fedai.az\/index.php?rest_route=%2Fwp%2Fv2%2Ftags&post=14295"}],"curies":[{"name":"wp","href":"https:\/\/api.w.org\/{rel}","templated":true}]}}