{"id":14314,"date":"2020-08-30T13:46:31","date_gmt":"2020-08-30T09:46:31","guid":{"rendered":"http:\/\/fedai.az\/?p=14314"},"modified":"2020-08-30T13:48:55","modified_gmt":"2020-08-30T09:48:55","slug":"%c9%99rdoganin-z%c9%99f%c9%99r-bayrami-t%c9%99briki","status":"publish","type":"post","link":"https:\/\/fedai.az\/?p=14314","title":{"rendered":"\u018frdo\u011fan\u0131n Z\u0259f\u0259r Bayram\u0131 t\u0259briki"},"content":{"rendered":"\n<p><em><strong>\u201c30 avqust z\u0259f\u0259ril\u0259 bu torpaqlar\u0131n \u0259z\u0259li v\u0259 \u0259b\u0259di v\u0259t\u0259nimiz oldu\u011fu b\u00fct\u00fcn d\u00fcnyaya bir daha elan olunub. Bu z\u0259f\u0259r tarix\u0259 qovu\u015fdurulmaq ist\u0259n\u0259n bir mill\u0259tin k\u00fcll\u0259rind\u0259n yenid\u0259n do\u011fulmas\u0131n\u0131n, \u015f\u0259xsl\u0259rinin tarix s\u0259hn\u0259sind\u0259 yenid\u0259n \u00e7\u0131x\u0131\u015f\u0131n\u0131n elan\u0131d\u0131r\u201d.<\/strong><\/em><\/p>\n\n\n\n<p>T\u00fcrkiy\u0259 Prezidenti R\u0259c\u0259b Tayyib \u018frdo\u011fan 30 Avqust Z\u0259f\u0259r Bayram\u0131n\u0131n 98-ci ild\u00f6n\u00fcm\u00fc il\u0259 \u0259laq\u0259dar s\u0259sl\u0259ndirdiyi t\u0259brik mesaj\u0131nda bel\u0259 bildirib.<\/p>\n\n\n\n<figure class=\"wp-block-image size-large is-resized\"><img loading=\"lazy\" decoding=\"async\" src=\"http:\/\/fedai.az\/wp-content\/uploads\/2020\/08\/images-3-5.jpg\" alt=\"\" class=\"wp-image-14315\" width=\"632\" height=\"421\"\/><\/figure>\n\n\n\n<p>R.T.\u018frdo\u011fan deyib ki, bu g\u00fcn \u015eimali Kipr T\u00fcrk Respublikas\u0131 \u0259halisi da daxil olmaqla t\u00fcrk mill\u0259ti olaraq bu z\u0259f\u0259ri bayram edirl\u0259r.<\/p>\n\n\n\n<p>Haz\u0131rda \u015e\u0259rqi Aral\u0131q d\u0259nizind\u0259 T\u00fcrkiy\u0259y\u0259 qar\u015f\u0131 yunanlar t\u0259r\u0259find\u0259n edil\u0259n haqs\u0131z h\u00fccumlarla tarixin t\u0259krarland\u0131\u011f\u0131n\u0131 xat\u0131rladan T\u00fcrkiy\u0259 Prezidenti xalq\u0131n\u0131n m\u00fcst\u0259qillik u\u011frunda sava\u015f\u0131n\u0131n bu d\u0259f\u0259 d\u0259 z\u0259f\u0259rl\u0259 ba\u015fa \u00e7ataca\u011f\u0131na inand\u0131\u011f\u0131n\u0131 vur\u011fulay\u0131b:&nbsp;\u201c\u015e\u0259rqi Aral\u0131q d\u0259nizind\u0259n \u00f6lk\u0259mizi qovma\u011fa \u00e7al\u0131\u015fanlar\u0131n bir \u0259sr \u0259vv\u0259lki hadis\u0259l\u0259rl\u0259 eyni m\u00fcst\u0259vid\u0259 olmas\u0131, \u0259lb\u0259tt\u0259, t\u0259sad\u00fcf deyil. Xalq\u0131m\u0131z 98 il \u00f6nc\u0259 yoxluq v\u0259 imkans\u0131zl\u0131\u011fa r\u0259\u011fm\u0259n qurtulu\u015f sava\u015f\u0131nda q\u0259l\u0259b\u0259 qazand\u0131. Bu g\u00fcn d\u0259 Mavi V\u0259t\u0259nimiz\u0259 edil\u0259n haqs\u0131z h\u00fccumlara q\u0259tiyy\u0259tli m\u00fcbariz\u0259d\u0259 z\u0259f\u0259r \u00e7alaca\u011f\u0131m\u0131za tam \u0259minik.<\/p>\n\n\n\n<p><strong>Bu m\u00fcnasib\u0259tl\u0259 T\u00fcrkiy\u0259 Respublikas\u0131n\u0131n banisi Mustafa Kamal Atat\u00fcrk\u00fc v\u0259 \u0259qid\u0259da\u015flar\u0131n\u0131 d\u0259rin h\u00f6rm\u0259tl\u0259 yad edir\u0259m. Min ildir bu v\u0259t\u0259ni qorumaq \u00fc\u00e7\u00fcn h\u0259yatlar\u0131n\u0131 f\u0259da ed\u0259n b\u00fct\u00fcn \u015f\u0259hidl\u0259rimiz\u0259 Allahdan r\u0259hm\u0259t, qazil\u0259rimiz\u0259 sa\u011fl\u0131ql\u0131, uzun \u00f6m\u00fcr dil\u0259yir\u0259m. 30 Avqust Z\u0259f\u0259r Bayram\u0131n\u0131z M\u00fcbar\u0259k!\u201d.<\/strong><\/p>\n\n\n\n<p><\/p>\n","protected":false},"excerpt":{"rendered":"<p>\u201c30 avqust z\u0259f\u0259ril\u0259 bu torpaqlar\u0131n \u0259z\u0259li v\u0259 \u0259b\u0259di v\u0259t\u0259nimiz oldu\u011fu b\u00fct\u00fcn d\u00fcnyaya bir daha elan olunub. Bu z\u0259f\u0259r tarix\u0259 qovu\u015fdurulmaq ist\u0259n\u0259n bir mill\u0259tin k\u00fcll\u0259rind\u0259n<\/p>\n","protected":false},"author":2,"featured_media":0,"comment_status":"closed","ping_status":"closed","sticky":false,"template":"","format":"standard","meta":{"footnotes":""},"categories":[11],"tags":[],"class_list":["post-14314","post","type-post","status-publish","format-standard","hentry","category-tbrik"],"aioseo_notices":[],"_links":{"self":[{"href":"https:\/\/fedai.az\/index.php?rest_route=\/wp\/v2\/posts\/14314","targetHints":{"allow":["GET"]}}],"collection":[{"href":"https:\/\/fedai.az\/index.php?rest_route=\/wp\/v2\/posts"}],"about":[{"href":"https:\/\/fedai.az\/index.php?rest_route=\/wp\/v2\/types\/post"}],"author":[{"embeddable":true,"href":"https:\/\/fedai.az\/index.php?rest_route=\/wp\/v2\/users\/2"}],"replies":[{"embeddable":true,"href":"https:\/\/fedai.az\/index.php?rest_route=%2Fwp%2Fv2%2Fcomments&post=14314"}],"version-history":[{"count":2,"href":"https:\/\/fedai.az\/index.php?rest_route=\/wp\/v2\/posts\/14314\/revisions"}],"predecessor-version":[{"id":14319,"href":"https:\/\/fedai.az\/index.php?rest_route=\/wp\/v2\/posts\/14314\/revisions\/14319"}],"wp:attachment":[{"href":"https:\/\/fedai.az\/index.php?rest_route=%2Fwp%2Fv2%2Fmedia&parent=14314"}],"wp:term":[{"taxonomy":"category","embeddable":true,"href":"https:\/\/fedai.az\/index.php?rest_route=%2Fwp%2Fv2%2Fcategories&post=14314"},{"taxonomy":"post_tag","embeddable":true,"href":"https:\/\/fedai.az\/index.php?rest_route=%2Fwp%2Fv2%2Ftags&post=14314"}],"curies":[{"name":"wp","href":"https:\/\/api.w.org\/{rel}","templated":true}]}}