{"id":14322,"date":"2020-08-30T16:20:24","date_gmt":"2020-08-30T12:20:24","guid":{"rendered":"http:\/\/fedai.az\/?p=14322"},"modified":"2020-08-30T16:21:21","modified_gmt":"2020-08-30T12:21:21","slug":"pasinyan-generallari-xank%c9%99ndin%c9%99-toplayib","status":"publish","type":"post","link":"https:\/\/fedai.az\/?p=14322","title":{"rendered":"Pa\u015finyan generallar\u0131 Xank\u0259ndin\u0259 toplay\u0131b"},"content":{"rendered":"\n<p><strong>Erm\u0259nistan\u0131n Ba\u015f naziri Nikol Pa\u015finyan n\u00f6vb\u0259ti d\u0259f\u0259 Az\u0259rbaycan\u0131n i\u015f\u011fal olunmu\u015f \u0259razil\u0259rin\u0259 g\u0259ldi v\u0259 orada generallarla g\u00f6r\u00fc\u015fl\u0259r ke\u00e7irdi.<\/strong><\/p>\n\n\n\n<p><br>Erm\u0259ni K\u0130V-l\u0259rinin m\u0259lumat\u0131na g\u00f6r\u0259, Nikol Pa\u015finyan h\u0259rb\u00e7il\u0259rl\u0259 g\u00f6r\u00fc\u015f ke\u00e7ir\u0259r\u0259k, separat\u00e7\u0131 rejiml\u0259 &#171;h\u0259rbi \u0259m\u0259kda\u015fl\u0131\u011f\u0131 d\u0259rinl\u0259\u015fdirm\u0259k&#187; m\u0259s\u0259l\u0259sini m\u00fczakir\u0259 edib.<\/p>\n\n\n\n<p><br>Erm\u0259nistan\u0131n h\u0259rbi-siyasi r\u0259hb\u0259rliyinin Az\u0259rbaycan\u0131n i\u015f\u011fal olunmu\u015f \u0259razil\u0259rin\u0259 getdikc\u0259 artan s\u0259f\u0259rl\u0259ri \u0130r\u0259van\u0131n t\u0259xribat siyas\u0259tinin davam etdiyini g\u00f6st\u0259rir.<\/p>\n\n\n\n<p><br>Dig\u0259r t\u0259r\u0259fd\u0259n, t\u0259xminl\u0259r\u0259 g\u00f6r\u0259, Erm\u0259nistan\u0131n yax\u0131nlarda Rusiyadan g\u0259tiril\u0259n silahlar\u0131n d\u0259rhal Qaraba\u011fda yerl\u0259\u015fdirm\u0259si m\u00fcmk\u00fcnd\u00fcr.<\/p>\n\n\n\n<p><br>Silahlar\u0131n siyah\u0131s\u0131na dronlara qar\u015f\u0131 elektron m\u00fcharib\u0259 vasit\u0259l\u0259ri d\u0259 daxildir.<\/p>\n\n\n\n<p><strong>Elnur S\u0259lim<\/strong><\/p>\n\n\n\n<figure class=\"wp-block-image size-large\"><img decoding=\"async\" src=\"http:\/\/fedai.az\/wp-content\/uploads\/2020\/08\/118597194_592094158154628_3691936039882517251_o.jpg\" alt=\"\" class=\"wp-image-14323\"\/><\/figure>\n","protected":false},"excerpt":{"rendered":"<p>Erm\u0259nistan\u0131n Ba\u015f naziri Nikol Pa\u015finyan n\u00f6vb\u0259ti d\u0259f\u0259 Az\u0259rbaycan\u0131n i\u015f\u011fal olunmu\u015f \u0259razil\u0259rin\u0259 g\u0259ldi v\u0259 orada generallarla g\u00f6r\u00fc\u015fl\u0259r ke\u00e7irdi. Erm\u0259ni K\u0130V-l\u0259rinin m\u0259lumat\u0131na g\u00f6r\u0259, Nikol Pa\u015finyan h\u0259rb\u00e7il\u0259rl\u0259<\/p>\n","protected":false},"author":2,"featured_media":0,"comment_status":"closed","ping_status":"closed","sticky":false,"template":"","format":"standard","meta":{"footnotes":""},"categories":[4],"tags":[],"class_list":["post-14322","post","type-post","status-publish","format-standard","hentry","category-qarabag"],"aioseo_notices":[],"_links":{"self":[{"href":"https:\/\/fedai.az\/index.php?rest_route=\/wp\/v2\/posts\/14322","targetHints":{"allow":["GET"]}}],"collection":[{"href":"https:\/\/fedai.az\/index.php?rest_route=\/wp\/v2\/posts"}],"about":[{"href":"https:\/\/fedai.az\/index.php?rest_route=\/wp\/v2\/types\/post"}],"author":[{"embeddable":true,"href":"https:\/\/fedai.az\/index.php?rest_route=\/wp\/v2\/users\/2"}],"replies":[{"embeddable":true,"href":"https:\/\/fedai.az\/index.php?rest_route=%2Fwp%2Fv2%2Fcomments&post=14322"}],"version-history":[{"count":1,"href":"https:\/\/fedai.az\/index.php?rest_route=\/wp\/v2\/posts\/14322\/revisions"}],"predecessor-version":[{"id":14325,"href":"https:\/\/fedai.az\/index.php?rest_route=\/wp\/v2\/posts\/14322\/revisions\/14325"}],"wp:attachment":[{"href":"https:\/\/fedai.az\/index.php?rest_route=%2Fwp%2Fv2%2Fmedia&parent=14322"}],"wp:term":[{"taxonomy":"category","embeddable":true,"href":"https:\/\/fedai.az\/index.php?rest_route=%2Fwp%2Fv2%2Fcategories&post=14322"},{"taxonomy":"post_tag","embeddable":true,"href":"https:\/\/fedai.az\/index.php?rest_route=%2Fwp%2Fv2%2Ftags&post=14322"}],"curies":[{"name":"wp","href":"https:\/\/api.w.org\/{rel}","templated":true}]}}