{"id":14336,"date":"2020-08-31T00:29:50","date_gmt":"2020-08-30T20:29:50","guid":{"rendered":"http:\/\/fedai.az\/?p=14336"},"modified":"2020-08-31T00:29:53","modified_gmt":"2020-08-30T20:29:53","slug":"qubadlinin-isgalindan-27-il-otur","status":"publish","type":"post","link":"https:\/\/fedai.az\/?p=14336","title":{"rendered":"Qubadl\u0131n\u0131n i\u015f\u011fal\u0131ndan 27 il \u00f6t\u00fcr"},"content":{"rendered":"\n<p><strong>Bu g\u00fcn Erm\u0259nistan silahl\u0131 q\u00fcvv\u0259l\u0259rinin<\/strong> <strong>Az\u0259rbaycan\u0131n Qubadl\u0131 rayonunu i\u015f\u011fal etm\u0259sinin n\u00f6vb\u0259ti ild\u00f6n\u00fcm\u00fcd\u00fcr.<\/strong><\/p>\n\n\n\n<p>Open.az x\u0259b\u0259r verir ki, Qubadl\u0131n\u0131n i\u015f\u011fal\u0131ndan 27 il \u00f6t\u00fcr.<\/p>\n\n\n\n<p>Erm\u0259nil\u0259r 1993-c\u00fc ilin avqustun 31-d\u0259 rayonu i\u015f\u011fal edibl\u0259r.<\/p>\n\n\n\n<p>Z\u0259ng\u0259zur da\u011flar\u0131 il\u0259 Da\u011fl\u0131q Qaraba\u011f silsil\u0259si aras\u0131nda yerl\u0259\u015f\u0259n Qubadl\u0131 rayonu inzibati vahid kimi 1933-c\u00fc ild\u0259 yarad\u0131l\u0131b.<\/p>\n\n\n\n<p>\u0130\u015f\u011fal \u0259r\u0259f\u0259sind\u0259 Qubadl\u0131 rayonunun \u0259halisi 29 903 n\u0259f\u0259r olub. Haz\u0131rda rayonun \u0259halisi 40 min n\u0259f\u0259r\u0259 yax\u0131nd\u0131r (01.10.2019-cu il\u0259 \u043elan \u043c\u0259lumata g\u00f6r\u0259 38 289 n\u0259f\u0259r idi). \u018fhalinin m\u00fctl\u0259q \u0259ks\u0259riyy\u0259ti Sumqay\u0131t v\u0259 Bak\u0131 \u015f\u0259h\u0259rl\u0259rind\u0259, Ab\u015feron rayonu \u0259razisind\u0259dir. Rayon \u0259halisinin \u0259ks\u0259riyy\u0259ti (64 faiz\u0259 q\u0259d\u0259ri) Sumqay\u0131t \u0259razisind\u0259 m\u0259skunla\u015fd\u0131\u011f\u0131ndan Qubadl\u0131 rayon \u0130cra hakimiyy\u0259ti, dig\u0259r icra strukturlar\u0131, f\u0259aliyy\u0259ti b\u0259rpa olunan idar\u0259, m\u00fc\u0259ssis\u0259 v\u0259 t\u0259\u015fkilatlar Sumqay\u0131t \u015f\u0259h\u0259rind\u0259 yerl\u0259\u015fir.<\/p>\n\n\n\n<p>Rayonun m\u00fcdafi\u0259si zaman\u0131 283 k\u00f6n\u00fcll\u00fc q\u0259hr\u0259mancas\u0131na h\u0259lak olub, onlar\u0131n yeddisi Az\u0259rbaycan\u0131n Milli Q\u0259hr\u0259man\u0131 ad\u0131na layiq g\u00f6r\u00fcl\u00fcb.<\/p>\n\n\n\n<p>Rayon \u0259razisind\u0259 m\u00fcxt\u0259lif n\u00f6v a\u011faclardan ibar\u0259t 13 160 hektar d\u00f6vl\u0259t me\u015f\u0259 fondu m\u00f6vcud idi. Qubadl\u0131 rayonunda nadir n\u00f6vl\u0259rd\u0259n ibar\u0259t 10-dan art\u0131q iri diametrli a\u011faclar t\u0259bi\u0259t abid\u0259si kimi qorunurdu. D\u0259niz s\u0259viyy\u0259sind\u0259n 1 600 metr y\u00fcks\u0259klikd\u0259 yerl\u0259\u015f\u0259n v\u0259 sah\u0259si 20 min hektar olan, z\u0259ngin flora v\u0259 faunaya malik Qubadl\u0131 D\u00f6vl\u0259t T\u0259bi\u0259t Yasaql\u0131\u011f\u0131nda n\u0259sli k\u0259silm\u0259kd\u0259 olan bir \u00e7ox heyvan v\u0259 qu\u015f n\u00f6vl\u0259ri m\u00fchafiz\u0259 olunurdu.<\/p>\n\n\n\n<p>Qubadl\u0131 rayonunun \u0259razisind\u0259 ehtiyatlar\u0131 6 247 min kubmetr v\u0259 mi\u015far da\u015f\u0131 \u00fc\u00e7\u00fcn yararl\u0131, istismara c\u0259lb olunmu\u015f Hac\u0131l\u0131 tuf, ehtiyatlar\u0131 990 min kubmetr olan tikintiy\u0259 yararl\u0131 Xanl\u0131q k\u0259ndind\u0259 yerl\u0259\u015f\u0259n gil, ehtiyatlar\u0131 1,1 min ton olan Eyvazl\u0131 b\u0259z\u0259k-\u0259lvan (\u0259qiq) v\u0259 H\u0259k\u0259ri \u00e7ay\u0131 sahilind\u0259 ehtiyatlar\u0131 84 min kubmetr \/g\u00fcn olan yeralt\u0131 \u015firin su yataqlar\u0131 var idi.<\/p>\n\n\n\n<p>Erm\u0259ni i\u015f\u011fal\u00e7\u0131lar\u0131 t\u0259r\u0259find\u0259n rayon \u0259razisind\u0259 geni\u015f sah\u0259l\u0259ri \u0259hat\u0259 ed\u0259n qiym\u0259tli a\u011fac n\u00f6vl\u0259rind\u0259n ibar\u0259t me\u015f\u0259l\u0259r, b\u00f6y\u00fck ehtiyata malik yeralt\u0131 s\u0259rv\u0259tl\u0259r, mineral madd\u0259l\u0259rl\u0259 z\u0259ngin su m\u0259nb\u0259l\u0259ri istismar olunub, \u00f6z\u00fcn\u00fcn qeyri-adi flora v\u0259 faunas\u0131 il\u0259 se\u00e7il\u0259n \u0259srar\u0259ngiz t\u0259bi\u0259t gu\u015f\u0259l\u0259ri da\u011f\u0131d\u0131l\u0131b v\u0259 m\u0259hv edilib.(open.az)<\/p>\n\n\n\n<figure class=\"wp-block-gallery columns-3 is-cropped wp-block-gallery-1 is-layout-flex wp-block-gallery-is-layout-flex\"><ul class=\"blocks-gallery-grid\"><li class=\"blocks-gallery-item\"><figure><img decoding=\"async\" src=\"http:\/\/fedai.az\/wp-content\/uploads\/2020\/08\/zengilan.jpg\" alt=\"\" data-id=\"14338\" data-link=\"http:\/\/fedai.az\/?attachment_id=14338\" class=\"wp-image-14338\"\/><\/figure><\/li><li class=\"blocks-gallery-item\"><figure><img decoding=\"async\" src=\"http:\/\/fedai.az\/wp-content\/uploads\/2020\/08\/207178_src.jpg\" alt=\"\" data-id=\"14339\" data-link=\"http:\/\/fedai.az\/?attachment_id=14339\" class=\"wp-image-14339\"\/><\/figure><\/li><li class=\"blocks-gallery-item\"><figure><img decoding=\"async\" src=\"http:\/\/fedai.az\/wp-content\/uploads\/2020\/08\/d619ae1b5a9dbae4c8def381c728bf04.jpg\" alt=\"\" data-id=\"14340\" data-full-url=\"http:\/\/fedai.az\/wp-content\/uploads\/2020\/08\/d619ae1b5a9dbae4c8def381c728bf04.jpg\" data-link=\"http:\/\/fedai.az\/?attachment_id=14340\" class=\"wp-image-14340\"\/><\/figure><\/li><\/ul><\/figure>\n","protected":false},"excerpt":{"rendered":"<p>Bu g\u00fcn Erm\u0259nistan silahl\u0131 q\u00fcvv\u0259l\u0259rinin Az\u0259rbaycan\u0131n Qubadl\u0131 rayonunu i\u015f\u011fal etm\u0259sinin n\u00f6vb\u0259ti ild\u00f6n\u00fcm\u00fcd\u00fcr. Open.az x\u0259b\u0259r verir ki, Qubadl\u0131n\u0131n i\u015f\u011fal\u0131ndan 27 il \u00f6t\u00fcr. Erm\u0259nil\u0259r 1993-c\u00fc ilin<\/p>\n","protected":false},"author":2,"featured_media":0,"comment_status":"closed","ping_status":"closed","sticky":false,"template":"","format":"standard","meta":{"footnotes":""},"categories":[4],"tags":[],"class_list":["post-14336","post","type-post","status-publish","format-standard","hentry","category-qarabag"],"aioseo_notices":[],"_links":{"self":[{"href":"https:\/\/fedai.az\/index.php?rest_route=\/wp\/v2\/posts\/14336","targetHints":{"allow":["GET"]}}],"collection":[{"href":"https:\/\/fedai.az\/index.php?rest_route=\/wp\/v2\/posts"}],"about":[{"href":"https:\/\/fedai.az\/index.php?rest_route=\/wp\/v2\/types\/post"}],"author":[{"embeddable":true,"href":"https:\/\/fedai.az\/index.php?rest_route=\/wp\/v2\/users\/2"}],"replies":[{"embeddable":true,"href":"https:\/\/fedai.az\/index.php?rest_route=%2Fwp%2Fv2%2Fcomments&post=14336"}],"version-history":[{"count":1,"href":"https:\/\/fedai.az\/index.php?rest_route=\/wp\/v2\/posts\/14336\/revisions"}],"predecessor-version":[{"id":14341,"href":"https:\/\/fedai.az\/index.php?rest_route=\/wp\/v2\/posts\/14336\/revisions\/14341"}],"wp:attachment":[{"href":"https:\/\/fedai.az\/index.php?rest_route=%2Fwp%2Fv2%2Fmedia&parent=14336"}],"wp:term":[{"taxonomy":"category","embeddable":true,"href":"https:\/\/fedai.az\/index.php?rest_route=%2Fwp%2Fv2%2Fcategories&post=14336"},{"taxonomy":"post_tag","embeddable":true,"href":"https:\/\/fedai.az\/index.php?rest_route=%2Fwp%2Fv2%2Ftags&post=14336"}],"curies":[{"name":"wp","href":"https:\/\/api.w.org\/{rel}","templated":true}]}}