{"id":14348,"date":"2020-08-31T00:46:54","date_gmt":"2020-08-30T20:46:54","guid":{"rendered":"http:\/\/fedai.az\/?p=14348"},"modified":"2020-08-31T00:46:56","modified_gmt":"2020-08-30T20:46:56","slug":"lukasenkonun-iqam%c9%99tgahi-muhasir%c9%99d%c9%99-h%c9%99rbi-texnikalar-kuc%c9%99l%c9%99r%c9%99-cixdi-video","status":"publish","type":"post","link":"https:\/\/fedai.az\/?p=14348","title":{"rendered":"Luka\u015fenkonun iqam\u0259tgah\u0131 m\u00fchasir\u0259d\u0259. H\u0259rbi texnikalar k\u00fc\u00e7\u0259l\u0259r\u0259 \u00e7\u0131xd\u0131 &#8212; Video"},"content":{"rendered":"\n<p><strong>T\u0259hl\u00fck\u0259sizlik q\u00fcvv\u0259l\u0259ri<\/strong> <strong>Belarus Prezidenti Aleksandr Luka\u015fenkonun Minskd\u0259ki iqam\u0259tgah\u0131n\u0131 &#8212; M\u00fcst\u0259qillik Saray\u0131n\u0131 m\u00fchasir\u0259y\u0259 al\u0131b<\/strong>.<\/p>\n\n\n\n<p>Fedai.az x\u0259b\u0259r verir ki, bu bar\u0259d\u0259 Belarus medias\u0131nda m\u0259lumat yay\u0131l\u0131b.<\/p>\n\n\n\n<p>M\u0259lumatda t\u0259hl\u00fck\u0259sizlik m\u0259qs\u0259dil\u0259 prezidentin iqam\u0259tgah\u0131 \u0259traf\u0131nda qoruma t\u0259dbirl\u0259rinin g\u00fccl\u0259ndirildiyi bildirilib. Bu g\u00fcn Minskd\u0259 &#171;S\u00fclh v\u0259 Azadl\u0131q Y\u00fcr\u00fc\u015f\u00fc&#187; adl\u0131 etiraz aksiyas\u0131 ba\u015flay\u0131b. Azad\u0131q meydan\u0131ndan ba\u015flayan y\u00fcr\u00fc\u015f zaman\u0131 n\u00fcmayi\u015f\u00e7il\u0259rl\u0259 t\u0259hl\u00fck\u0259sizlik q\u00fcvv\u0259l\u0259ri aras\u0131nda toqqu\u015fmalar bar\u0259d\u0259 x\u0259b\u0259rl\u0259r var.<\/p>\n\n\n\n<p>S\u0259h\u0259r saatlar\u0131ndan \u00c7evik Polis Alay\u0131na m\u0259xsus (\u00c7PA) n\u0259qliyyat vasit\u0259l\u0259ri v\u0259 zirehli texnikalar Minskin m\u0259rk\u0259zin\u0259 \u00e7\u0259kilm\u0259y\u0259 ba\u015flay\u0131b.<\/p>\n\n\n\n<p>Belarusda art\u0131q \u00fc\u00e7 h\u0259ft\u0259dir etirazlar davam edir. M\u00fcxalif\u0259t m\u00f6vcud h\u00f6kum\u0259td\u0259n istefaya getm\u0259yi, yeni prezident se\u00e7kil\u0259ri ke\u00e7irm\u0259yi v\u0259 etiraz\u0131n ilk g\u00fcnl\u0259rind\u0259 n\u00fcmayi\u015f\u00e7il\u0259r\u0259 qar\u015f\u0131 sui-q\u0259sd hallar\u0131n\u0131 ara\u015fd\u0131rma\u011f\u0131 t\u0259l\u0259b edir.(Teleqraf.com)<\/p>\n\n\n\n<figure class=\"wp-block-embed-youtube wp-block-embed is-type-video is-provider-youtube wp-embed-aspect-16-9 wp-has-aspect-ratio\"><div class=\"wp-block-embed__wrapper\">\n<iframe loading=\"lazy\" title=\"\u041a\u043e\u043b\u043e\u043d\u043d\u0430 \u0411\u041c\u041f \u0440\u0430\u0437\u0431\u0438\u0432\u0430\u0435\u0442 \u0430\u0441\u0444\u0430\u043b\u044c\u0442 \u043d\u0430 \u0443\u043b\u0438\u0446\u0430\u0445 \u041c\u0438\u043d\u0441\u043a\u0430. \u041d\u0438\u0447\u0435\u0433\u043e, \u0440\u043e\u0441\u0441\u0438\u044f\u043d\u0435 \u0435\u0449\u0435 \u0434\u0435\u043d\u0435\u0433 \u043f\u0440\u0438\u0448\u043b\u044e\u0442.\" width=\"715\" height=\"402\" src=\"https:\/\/www.youtube.com\/embed\/9nHD1Jijb6U?feature=oembed\" frameborder=\"0\" allow=\"accelerometer; autoplay; encrypted-media; gyroscope; picture-in-picture\" allowfullscreen><\/iframe>\n<\/div><\/figure>\n","protected":false},"excerpt":{"rendered":"<p>T\u0259hl\u00fck\u0259sizlik q\u00fcvv\u0259l\u0259ri Belarus Prezidenti Aleksandr Luka\u015fenkonun Minskd\u0259ki iqam\u0259tgah\u0131n\u0131 &#8212; M\u00fcst\u0259qillik Saray\u0131n\u0131 m\u00fchasir\u0259y\u0259 al\u0131b. Fedai.az x\u0259b\u0259r verir ki, bu bar\u0259d\u0259 Belarus medias\u0131nda m\u0259lumat yay\u0131l\u0131b. M\u0259lumatda<\/p>\n","protected":false},"author":2,"featured_media":0,"comment_status":"closed","ping_status":"closed","sticky":false,"template":"","format":"standard","meta":{"footnotes":""},"categories":[13],"tags":[],"class_list":["post-14348","post","type-post","status-publish","format-standard","hentry","category-xarici"],"aioseo_notices":[],"_links":{"self":[{"href":"https:\/\/fedai.az\/index.php?rest_route=\/wp\/v2\/posts\/14348","targetHints":{"allow":["GET"]}}],"collection":[{"href":"https:\/\/fedai.az\/index.php?rest_route=\/wp\/v2\/posts"}],"about":[{"href":"https:\/\/fedai.az\/index.php?rest_route=\/wp\/v2\/types\/post"}],"author":[{"embeddable":true,"href":"https:\/\/fedai.az\/index.php?rest_route=\/wp\/v2\/users\/2"}],"replies":[{"embeddable":true,"href":"https:\/\/fedai.az\/index.php?rest_route=%2Fwp%2Fv2%2Fcomments&post=14348"}],"version-history":[{"count":1,"href":"https:\/\/fedai.az\/index.php?rest_route=\/wp\/v2\/posts\/14348\/revisions"}],"predecessor-version":[{"id":14350,"href":"https:\/\/fedai.az\/index.php?rest_route=\/wp\/v2\/posts\/14348\/revisions\/14350"}],"wp:attachment":[{"href":"https:\/\/fedai.az\/index.php?rest_route=%2Fwp%2Fv2%2Fmedia&parent=14348"}],"wp:term":[{"taxonomy":"category","embeddable":true,"href":"https:\/\/fedai.az\/index.php?rest_route=%2Fwp%2Fv2%2Fcategories&post=14348"},{"taxonomy":"post_tag","embeddable":true,"href":"https:\/\/fedai.az\/index.php?rest_route=%2Fwp%2Fv2%2Ftags&post=14348"}],"curies":[{"name":"wp","href":"https:\/\/api.w.org\/{rel}","templated":true}]}}