{"id":14421,"date":"2020-09-01T00:34:55","date_gmt":"2020-08-31T20:34:55","guid":{"rendered":"http:\/\/fedai.az\/?p=14421"},"modified":"2020-09-01T00:34:57","modified_gmt":"2020-08-31T20:34:57","slug":"lavrov-erm%c9%99ni-terrorcularini-moskvaya-dasiyir","status":"publish","type":"post","link":"https:\/\/fedai.az\/?p=14421","title":{"rendered":"Lavrov erm\u0259ni terror\u00e7ular\u0131n\u0131 Moskvaya da\u015f\u0131y\u0131r"},"content":{"rendered":"\n<p><strong>PKK terror t\u0259\u015fkilat\u0131n\u0131n Suriya qanad\u0131 \u2013 PYD\/YPG-nin liderl\u0259rind\u0259n biri \u0130lham \u018fhm\u0259din ba\u015f\u00e7\u0131l\u0131q etdiyi n\u00fcmay\u0259nd\u0259 hey\u0259ti Rusiyaya gedib.<\/strong><\/p>\n\n\n\n<p><strong>Fedai.az<\/strong>\u00a0x\u0259b\u0259r verir ki, \u0130lham \u018fhm\u0259dl\u0259 Xalq\u0131n \u0130rad\u0259si Partiyas\u0131n\u0131n s\u0259dri Q\u0259dri C\u0259mil paytaxt Moskvada anla\u015fma imzalay\u0131b.<\/p>\n\n\n\n<p><strong>Raz\u0131la\u015fma haqda a\u00e7\u0131qlama ver\u0259n Q\u0259dri C\u0259mil bunun Suriya m\u0259s\u0259l\u0259sinin h\u0259lli il\u0259 ba\u011fl\u0131 oldu\u011funu s\u00f6yl\u0259yib:<\/strong><\/p>\n\n\n\n<p>\u201cBu, Suriya m\u0259s\u0259l\u0259sinin h\u0259lli \u00fc\u00e7\u00fcn yeni bir add\u0131md\u0131r\u201d.<\/p>\n\n\n\n<p>PYD-nin n\u00fcmay\u0259nd\u0259 hey\u0259ti anla\u015fman\u0131 imzalad\u0131qdan sonra Rusiya Xarici i\u015fl\u0259r naziri Sergey Lavrovla g\u00f6r\u00fc\u015f\u00fcb. G\u00f6r\u00fc\u015fd\u0259 Suriya b\u00f6hran\u0131n\u0131n h\u0259lli v\u0259 bu y\u00f6nd\u0259 Cenevr\u0259d\u0259 apar\u0131lan dan\u0131\u015f\u0131qlar m\u00fczakir\u0259 edilib.<\/p>\n\n\n\n<p>T\u00fcrk medias\u0131 Moskvadak\u0131 bu m\u00fczakir\u0259l\u0259ri T\u00fcrkiy\u0259 \u0259leyhin\u0259 h\u0259ml\u0259 kimi q\u0259bul edildiyini yaz\u0131b.<\/p>\n\n\n\n<p><strong>P.S. PKK- ASALA i\u015f birliyi art\u0131q s\u00fcbuta ehtiyac\u0131 olmayan aksiomad\u0131r. Y\u0259ni Kalantaryan\u0131n Lavrov olmas\u0131 il\u0259 ASALA-n\u0131n PKK olmas\u0131 \u00e7ox ox\u015fard\u0131r&#8230;<\/strong><\/p>\n\n\n\n<figure class=\"wp-block-image size-large is-resized\"><img loading=\"lazy\" decoding=\"async\" src=\"http:\/\/fedai.az\/wp-content\/uploads\/2020\/09\/109428649_573197486895514_3246215779068438091_o.jpg\" alt=\"\" class=\"wp-image-14422\" width=\"904\" height=\"1959\" srcset=\"https:\/\/fedai.az\/wp-content\/uploads\/2020\/09\/109428649_573197486895514_3246215779068438091_o.jpg 443w, https:\/\/fedai.az\/wp-content\/uploads\/2020\/09\/109428649_573197486895514_3246215779068438091_o-138x300.jpg 138w, https:\/\/fedai.az\/wp-content\/uploads\/2020\/09\/109428649_573197486895514_3246215779068438091_o-69x150.jpg 69w\" sizes=\"auto, (max-width: 904px) 100vw, 904px\" \/><\/figure>\n","protected":false},"excerpt":{"rendered":"<p>PKK terror t\u0259\u015fkilat\u0131n\u0131n Suriya qanad\u0131 \u2013 PYD\/YPG-nin liderl\u0259rind\u0259n biri \u0130lham \u018fhm\u0259din ba\u015f\u00e7\u0131l\u0131q etdiyi n\u00fcmay\u0259nd\u0259 hey\u0259ti Rusiyaya gedib. Fedai.az\u00a0x\u0259b\u0259r verir ki, \u0130lham \u018fhm\u0259dl\u0259 Xalq\u0131n \u0130rad\u0259si<\/p>\n","protected":false},"author":2,"featured_media":14423,"comment_status":"closed","ping_status":"closed","sticky":false,"template":"","format":"standard","meta":{"footnotes":""},"categories":[13],"tags":[],"class_list":["post-14421","post","type-post","status-publish","format-standard","has-post-thumbnail","hentry","category-xarici"],"aioseo_notices":[],"_links":{"self":[{"href":"https:\/\/fedai.az\/index.php?rest_route=\/wp\/v2\/posts\/14421","targetHints":{"allow":["GET"]}}],"collection":[{"href":"https:\/\/fedai.az\/index.php?rest_route=\/wp\/v2\/posts"}],"about":[{"href":"https:\/\/fedai.az\/index.php?rest_route=\/wp\/v2\/types\/post"}],"author":[{"embeddable":true,"href":"https:\/\/fedai.az\/index.php?rest_route=\/wp\/v2\/users\/2"}],"replies":[{"embeddable":true,"href":"https:\/\/fedai.az\/index.php?rest_route=%2Fwp%2Fv2%2Fcomments&post=14421"}],"version-history":[{"count":1,"href":"https:\/\/fedai.az\/index.php?rest_route=\/wp\/v2\/posts\/14421\/revisions"}],"predecessor-version":[{"id":14424,"href":"https:\/\/fedai.az\/index.php?rest_route=\/wp\/v2\/posts\/14421\/revisions\/14424"}],"wp:featuredmedia":[{"embeddable":true,"href":"https:\/\/fedai.az\/index.php?rest_route=\/wp\/v2\/media\/14423"}],"wp:attachment":[{"href":"https:\/\/fedai.az\/index.php?rest_route=%2Fwp%2Fv2%2Fmedia&parent=14421"}],"wp:term":[{"taxonomy":"category","embeddable":true,"href":"https:\/\/fedai.az\/index.php?rest_route=%2Fwp%2Fv2%2Fcategories&post=14421"},{"taxonomy":"post_tag","embeddable":true,"href":"https:\/\/fedai.az\/index.php?rest_route=%2Fwp%2Fv2%2Ftags&post=14421"}],"curies":[{"name":"wp","href":"https:\/\/api.w.org\/{rel}","templated":true}]}}