{"id":14425,"date":"2020-09-01T00:38:05","date_gmt":"2020-08-31T20:38:05","guid":{"rendered":"http:\/\/fedai.az\/?p=14425"},"modified":"2020-09-01T00:38:07","modified_gmt":"2020-08-31T20:38:07","slug":"terrorcu-pkk-nin-kreml%c9%99-d%c9%99v%c9%99t-olunmasi-turkiy%c9%99nin-etirazina-s%c9%99b%c9%99b-olub","status":"publish","type":"post","link":"https:\/\/fedai.az\/?p=14425","title":{"rendered":"Terror\u00e7u PKK-n\u0131n Kreml\u0259 d\u0259v\u0259t olunmas\u0131 T\u00fcrkiy\u0259nin etiraz\u0131na s\u0259b\u0259b olub"},"content":{"rendered":"\n<p><strong>Terror\u00e7u PKK t\u0259\u015fkilat\u0131n\u0131n Suriya uzant\u0131s\u0131 PKK\/YPG-nin r\u0259hb\u0259rliyinin Rusiyaya d\u0259v\u0259t edilm\u0259si Ankarada b\u00f6y\u00fck narahatl\u0131\u011fa v\u0259 etiraza s\u0259b\u0259b olub.<\/strong><\/p>\n\n\n\n<p>Bununla ba\u011fl\u0131 T\u00fcrkiy\u0259 Xarici \u0130\u015fl\u0259r Nazirliyi Rusiyaya etiraz\u0131n\u0131 bildirdi.<\/p>\n\n\n\n<p>X\u0130N-nin a\u00e7\u0131qlamas\u0131nda deyilir ki, \u201cTerror t\u0259\u015fkilat\u0131 PKK \/ YPG-nin r\u0259hb\u0259rliyi alt\u0131nda qondarma\u201d Suriya Demokratik \u015euras\u0131 \u201cn\u0131n t\u0259msil\u00e7il\u0259rind\u0259n ibar\u0259t bir qrupun Rusiya Federasiyas\u0131na d\u0259v\u0259t edilm\u0259si v\u0259 Rusiya r\u0259smi orqanlar\u0131 t\u0259r\u0259find\u0259n y\u00fcks\u0259k s\u0259viyy\u0259d\u0259 q\u0259bul edil\u0259c\u0259yi bizi narahat edir.<\/p>\n\n\n\n<p>PKK\/YPG Suriyan\u0131n \u0259razi b\u00fct\u00f6vl\u00fcy\u00fcn\u00fc v\u0259 x\u00fcsusil\u0259 d\u0259 T\u00fcrkiy\u0259nin milli t\u0259hl\u00fck\u0259sizliyini t\u0259hdid ed\u0259n bir terror t\u0259\u015fkilat\u0131d\u0131r.<\/p>\n\n\n\n<p>Terrorizmin b\u00fct\u00fcn formalar\u0131 v\u0259 t\u0259zah\u00fcrl\u0259ri il\u0259 m\u00fcbariz\u0259 aparmaq v\u0259 qon\u015fu \u00f6lk\u0259l\u0259rin milli t\u0259hl\u00fck\u0259sizliyin\u0259 v\u0259 Suriyan\u0131n \u0259razi b\u00fct\u00f6vl\u00fcy\u00fcn\u0259 z\u0259r\u0259r ver\u0259c\u0259k separat\u00e7\u0131 g\u00fcnd\u0259ml\u0259r\u0259 qar\u015f\u0131 durmaq, bu g\u00fcn\u0259 q\u0259d\u0259r Astana format\u0131nda ke\u00e7iril\u0259n y\u00fcks\u0259k s\u0259viyy\u0259li g\u00f6r\u00fc\u015fl\u0259rin sonunda verilmi\u015f ortaq a\u00e7\u0131qlamalarda qeyd edil\u0259n ortaq bir \u00f6hd\u0259likdir.<\/p>\n\n\n\n<p>Rusiya Federasiyas\u0131n\u0131n Astana ruhuna v\u0259 Astana formatl\u0131 g\u00f6r\u00fc\u015fl\u0259rd\u0259 al\u0131nan \u00f6hd\u0259likl\u0259r\u0259 uy\u011fun h\u0259r\u0259k\u0259t etm\u0259sini v\u0259 terror t\u0259\u015fkilat\u0131 PKK \/ YPG-y\u0259 ba\u011fl\u0131 birl\u0259\u015fm\u0259l\u0259rin g\u00fcnd\u0259min\u0259 xidm\u0259t ed\u0259c\u0259k add\u0131mlar\u0131n at\u0131lmas\u0131n\u0131 g\u00f6zl\u0259yirik.<\/p>\n\n\n\n<p>Bu m\u00f6vzuda reaksiyam\u0131z\u0131 Rusiyaya s\u0259lahiyy\u0259tlil\u0259rimiz\u0259 \u00e7atd\u0131rmaq \u00fc\u00e7\u00fcn Sedat \u00d6nal\u0131n ba\u015f\u00e7\u0131l\u0131q etdiyi n\u00fcmay\u0259nd\u0259 hey\u0259ti Moskvaya s\u0259f\u0259r ed\u0259c\u0259k.(GADTP)<\/p>\n","protected":false},"excerpt":{"rendered":"<p>Terror\u00e7u PKK t\u0259\u015fkilat\u0131n\u0131n Suriya uzant\u0131s\u0131 PKK\/YPG-nin r\u0259hb\u0259rliyinin Rusiyaya d\u0259v\u0259t edilm\u0259si Ankarada b\u00f6y\u00fck narahatl\u0131\u011fa v\u0259 etiraza s\u0259b\u0259b olub. Bununla ba\u011fl\u0131 T\u00fcrkiy\u0259 Xarici \u0130\u015fl\u0259r Nazirliyi Rusiyaya<\/p>\n","protected":false},"author":2,"featured_media":14426,"comment_status":"closed","ping_status":"closed","sticky":false,"template":"","format":"standard","meta":{"footnotes":""},"categories":[13],"tags":[],"class_list":["post-14425","post","type-post","status-publish","format-standard","has-post-thumbnail","hentry","category-xarici"],"aioseo_notices":[],"_links":{"self":[{"href":"https:\/\/fedai.az\/index.php?rest_route=\/wp\/v2\/posts\/14425","targetHints":{"allow":["GET"]}}],"collection":[{"href":"https:\/\/fedai.az\/index.php?rest_route=\/wp\/v2\/posts"}],"about":[{"href":"https:\/\/fedai.az\/index.php?rest_route=\/wp\/v2\/types\/post"}],"author":[{"embeddable":true,"href":"https:\/\/fedai.az\/index.php?rest_route=\/wp\/v2\/users\/2"}],"replies":[{"embeddable":true,"href":"https:\/\/fedai.az\/index.php?rest_route=%2Fwp%2Fv2%2Fcomments&post=14425"}],"version-history":[{"count":1,"href":"https:\/\/fedai.az\/index.php?rest_route=\/wp\/v2\/posts\/14425\/revisions"}],"predecessor-version":[{"id":14427,"href":"https:\/\/fedai.az\/index.php?rest_route=\/wp\/v2\/posts\/14425\/revisions\/14427"}],"wp:featuredmedia":[{"embeddable":true,"href":"https:\/\/fedai.az\/index.php?rest_route=\/wp\/v2\/media\/14426"}],"wp:attachment":[{"href":"https:\/\/fedai.az\/index.php?rest_route=%2Fwp%2Fv2%2Fmedia&parent=14425"}],"wp:term":[{"taxonomy":"category","embeddable":true,"href":"https:\/\/fedai.az\/index.php?rest_route=%2Fwp%2Fv2%2Fcategories&post=14425"},{"taxonomy":"post_tag","embeddable":true,"href":"https:\/\/fedai.az\/index.php?rest_route=%2Fwp%2Fv2%2Ftags&post=14425"}],"curies":[{"name":"wp","href":"https:\/\/api.w.org\/{rel}","templated":true}]}}