{"id":15167,"date":"2020-09-07T17:01:18","date_gmt":"2020-09-07T13:01:18","guid":{"rendered":"http:\/\/fedai.az\/?p=15167"},"modified":"2020-09-07T17:01:20","modified_gmt":"2020-09-07T13:01:20","slug":"ilham-%c9%99liyev-iranin-yeni-s%c9%99firinin-etimadnam%c9%99sini-q%c9%99bul-edib","status":"publish","type":"post","link":"https:\/\/fedai.az\/?p=15167","title":{"rendered":"\u0130lham \u018fliyev \u0130ran\u0131n yeni s\u0259firinin etimadnam\u0259sini q\u0259bul edib"},"content":{"rendered":"\n<p>Az\u0259rbaycan Respublikas\u0131n\u0131n Prezidenti \u0130lham \u018fliyev sentyabr\u0131n 7-d\u0259 \u0130ran \u0130slam Respublikas\u0131n\u0131n \u00f6lk\u0259mizd\u0259 yeni t\u0259yin olunmu\u015f f\u00f6vq\u0259lad\u0259 v\u0259 s\u0259lahiyy\u0259tli s\u0259firi Seyid Abbas Mus\u0259vinin etimadnam\u0259sini q\u0259bul edib.<\/p>\n\n\n\n<p>Fedai.az x\u0259b\u0259r verir ki, bu bar\u0259d\u0259 Prezidentin M\u0259tbuat Xidm\u0259ti m\u0259lumat yay\u0131b.\u00a0<\/p>\n\n\n\n<figure class=\"wp-block-image size-large\"><img loading=\"lazy\" decoding=\"async\" width=\"1024\" height=\"663\" src=\"http:\/\/fedai.az\/wp-content\/uploads\/2020\/09\/795985d6-8d3b-3179-8da9-d53b04c68620-1024x663.jpg\" alt=\"\" class=\"wp-image-15168\" srcset=\"https:\/\/fedai.az\/wp-content\/uploads\/2020\/09\/795985d6-8d3b-3179-8da9-d53b04c68620-1024x663.jpg 1024w, https:\/\/fedai.az\/wp-content\/uploads\/2020\/09\/795985d6-8d3b-3179-8da9-d53b04c68620-300x194.jpg 300w, https:\/\/fedai.az\/wp-content\/uploads\/2020\/09\/795985d6-8d3b-3179-8da9-d53b04c68620-150x97.jpg 150w, https:\/\/fedai.az\/wp-content\/uploads\/2020\/09\/795985d6-8d3b-3179-8da9-d53b04c68620-768x497.jpg 768w, https:\/\/fedai.az\/wp-content\/uploads\/2020\/09\/795985d6-8d3b-3179-8da9-d53b04c68620-1536x994.jpg 1536w, https:\/\/fedai.az\/wp-content\/uploads\/2020\/09\/795985d6-8d3b-3179-8da9-d53b04c68620-2048x1326.jpg 2048w, https:\/\/fedai.az\/wp-content\/uploads\/2020\/09\/795985d6-8d3b-3179-8da9-d53b04c68620-115x73.jpg 115w\" sizes=\"auto, (max-width: 1024px) 100vw, 1024px\" \/><\/figure>\n","protected":false},"excerpt":{"rendered":"<p>Az\u0259rbaycan Respublikas\u0131n\u0131n Prezidenti \u0130lham \u018fliyev sentyabr\u0131n 7-d\u0259 \u0130ran \u0130slam Respublikas\u0131n\u0131n \u00f6lk\u0259mizd\u0259 yeni t\u0259yin olunmu\u015f f\u00f6vq\u0259lad\u0259 v\u0259 s\u0259lahiyy\u0259tli s\u0259firi Seyid Abbas Mus\u0259vinin etimadnam\u0259sini q\u0259bul edib.<\/p>\n","protected":false},"author":2,"featured_media":15169,"comment_status":"closed","ping_status":"closed","sticky":false,"template":"","format":"standard","meta":{"footnotes":""},"categories":[3],"tags":[],"class_list":["post-15167","post","type-post","status-publish","format-standard","has-post-thumbnail","hentry","category-gundm"],"aioseo_notices":[],"_links":{"self":[{"href":"https:\/\/fedai.az\/index.php?rest_route=\/wp\/v2\/posts\/15167","targetHints":{"allow":["GET"]}}],"collection":[{"href":"https:\/\/fedai.az\/index.php?rest_route=\/wp\/v2\/posts"}],"about":[{"href":"https:\/\/fedai.az\/index.php?rest_route=\/wp\/v2\/types\/post"}],"author":[{"embeddable":true,"href":"https:\/\/fedai.az\/index.php?rest_route=\/wp\/v2\/users\/2"}],"replies":[{"embeddable":true,"href":"https:\/\/fedai.az\/index.php?rest_route=%2Fwp%2Fv2%2Fcomments&post=15167"}],"version-history":[{"count":1,"href":"https:\/\/fedai.az\/index.php?rest_route=\/wp\/v2\/posts\/15167\/revisions"}],"predecessor-version":[{"id":15170,"href":"https:\/\/fedai.az\/index.php?rest_route=\/wp\/v2\/posts\/15167\/revisions\/15170"}],"wp:featuredmedia":[{"embeddable":true,"href":"https:\/\/fedai.az\/index.php?rest_route=\/wp\/v2\/media\/15169"}],"wp:attachment":[{"href":"https:\/\/fedai.az\/index.php?rest_route=%2Fwp%2Fv2%2Fmedia&parent=15167"}],"wp:term":[{"taxonomy":"category","embeddable":true,"href":"https:\/\/fedai.az\/index.php?rest_route=%2Fwp%2Fv2%2Fcategories&post=15167"},{"taxonomy":"post_tag","embeddable":true,"href":"https:\/\/fedai.az\/index.php?rest_route=%2Fwp%2Fv2%2Ftags&post=15167"}],"curies":[{"name":"wp","href":"https:\/\/api.w.org\/{rel}","templated":true}]}}