{"id":15172,"date":"2020-09-08T00:05:05","date_gmt":"2020-09-07T20:05:05","guid":{"rendered":"http:\/\/fedai.az\/?p=15172"},"modified":"2020-09-08T00:06:42","modified_gmt":"2020-09-07T20:06:42","slug":"kafe-v%c9%99-restoranlarda-qapali-xidm%c9%99t-gost%c9%99rilm%c9%99sin%c9%99-icaz%c9%99-verildi","status":"publish","type":"post","link":"https:\/\/fedai.az\/?p=15172","title":{"rendered":"Kafe v\u0259 restoranlarda qapal\u0131 xidm\u0259t g\u00f6st\u0259rilm\u0259sin\u0259 icaz\u0259 verildi"},"content":{"rendered":"\n<p><strong>Az\u0259rbaycan Respublikas\u0131n\u0131n Nazirl\u0259r Kabineti yan\u0131nda Operativ Q\u0259rargah\u0131n q\u0259bul etdiyi q\u0259rara \u0259sas\u0259n bu g\u00fcnd\u0259n \u00f6lk\u0259d\u0259 kafe v\u0259 restoranlar\u0131n daxilind\u0259 xidm\u0259t g\u00f6st\u0259rilm\u0259sin\u0259 icaz\u0259 verilir.<\/strong><\/p>\n\n\n\n<p>X\u00fcsusi karantin rejiminin t\u0259tbiqi il\u0259 \u0259laq\u0259dar h\u0259yata ke\u00e7iril\u0259n qabaqlay\u0131c\u0131 t\u0259dbirl\u0259r n\u0259tic\u0259sind\u0259 v\u0259 v\u0259t\u0259nda\u015flar\u0131n m\u0259suliyy\u0259tli davran\u0131\u015f\u0131 say\u0259sind\u0259 koronavirus (COVID-19) infeksiyas\u0131n\u0131n yay\u0131lmas\u0131 m\u0259hdudla\u015fd\u0131r\u0131l\u0131b, yoluxma hallar\u0131n\u0131n say\u0131nda azalmaya nail olunub.<\/p>\n\n\n\n<p>Sanitar-epidemioloji v\u0259ziyy\u0259t\u0259 uy\u011fun olaraq, m\u00fcvafiq karantin qaydalar\u0131na riay\u0259t olunmaqla v\u0259 Nazirl\u0259r Kabinetinin \u201cKoronavirus (COVID-19) pandemiyas\u0131 d\u00f6vr\u00fcnd\u0259 ictimai ia\u015f\u0259 m\u00fc\u0259ssis\u0259l\u0259rin\u0259 m\u00fc\u015ft\u0259ri q\u0259bulu il\u0259 ba\u011fl\u0131 b\u0259zi m\u0259s\u0259l\u0259l\u0259rin t\u0259nziml\u0259nm\u0259si bar\u0259d\u0259\u201d 2020-ci il 6 iyul tarixli 237 n\u00f6mr\u0259li q\u0259rar\u0131na uy\u011fun olaraq ictimai ia\u015f\u0259 obyektl\u0259ri saat 00:00-a q\u0259d\u0259r daxild\u0259 xidm\u0259t g\u00f6st\u0259r\u0259 bil\u0259rl\u0259r.<\/p>\n\n\n\n<p>Qeyd ed\u0259k ki, avqustun 5-d\u0259n ba\u015flayaraq s\u0259rt karantin rejiminin m\u00f6vcud oldu\u011fu \u015f\u0259h\u0259r v\u0259 rayonlarda, el\u0259c\u0259 d\u0259 \u00f6lk\u0259 \u00fczr\u0259 b\u0259zi m\u0259hdudiyy\u0259tl\u0259r aradan qald\u0131r\u0131l\u0131b v\u0259 yum\u015falmalar t\u0259min edilib.<\/p>\n","protected":false},"excerpt":{"rendered":"<p>Az\u0259rbaycan Respublikas\u0131n\u0131n Nazirl\u0259r Kabineti yan\u0131nda Operativ Q\u0259rargah\u0131n q\u0259bul etdiyi q\u0259rara \u0259sas\u0259n bu g\u00fcnd\u0259n \u00f6lk\u0259d\u0259 kafe v\u0259 restoranlar\u0131n daxilind\u0259 xidm\u0259t g\u00f6st\u0259rilm\u0259sin\u0259 icaz\u0259 verilir. X\u00fcsusi karantin<\/p>\n","protected":false},"author":2,"featured_media":15175,"comment_status":"closed","ping_status":"closed","sticky":false,"template":"","format":"standard","meta":{"footnotes":""},"categories":[3],"tags":[],"class_list":["post-15172","post","type-post","status-publish","format-standard","has-post-thumbnail","hentry","category-gundm"],"aioseo_notices":[],"_links":{"self":[{"href":"https:\/\/fedai.az\/index.php?rest_route=\/wp\/v2\/posts\/15172","targetHints":{"allow":["GET"]}}],"collection":[{"href":"https:\/\/fedai.az\/index.php?rest_route=\/wp\/v2\/posts"}],"about":[{"href":"https:\/\/fedai.az\/index.php?rest_route=\/wp\/v2\/types\/post"}],"author":[{"embeddable":true,"href":"https:\/\/fedai.az\/index.php?rest_route=\/wp\/v2\/users\/2"}],"replies":[{"embeddable":true,"href":"https:\/\/fedai.az\/index.php?rest_route=%2Fwp%2Fv2%2Fcomments&post=15172"}],"version-history":[{"count":1,"href":"https:\/\/fedai.az\/index.php?rest_route=\/wp\/v2\/posts\/15172\/revisions"}],"predecessor-version":[{"id":15174,"href":"https:\/\/fedai.az\/index.php?rest_route=\/wp\/v2\/posts\/15172\/revisions\/15174"}],"wp:featuredmedia":[{"embeddable":true,"href":"https:\/\/fedai.az\/index.php?rest_route=\/wp\/v2\/media\/15175"}],"wp:attachment":[{"href":"https:\/\/fedai.az\/index.php?rest_route=%2Fwp%2Fv2%2Fmedia&parent=15172"}],"wp:term":[{"taxonomy":"category","embeddable":true,"href":"https:\/\/fedai.az\/index.php?rest_route=%2Fwp%2Fv2%2Fcategories&post=15172"},{"taxonomy":"post_tag","embeddable":true,"href":"https:\/\/fedai.az\/index.php?rest_route=%2Fwp%2Fv2%2Ftags&post=15172"}],"curies":[{"name":"wp","href":"https:\/\/api.w.org\/{rel}","templated":true}]}}