{"id":15176,"date":"2020-09-08T00:30:16","date_gmt":"2020-09-07T20:30:16","guid":{"rendered":"http:\/\/fedai.az\/?p=15176"},"modified":"2020-09-08T00:34:14","modified_gmt":"2020-09-07T20:34:14","slug":"ramila-saitova-erm%c9%99ni-ekspansiyasina-qarsi-acliga-basladi","status":"publish","type":"post","link":"https:\/\/fedai.az\/?p=15176","title":{"rendered":"Ramila Saitova erm\u0259ni ekspansiyas\u0131na qar\u015f\u0131 acl\u0131\u011fa ba\u015flad\u0131"},"content":{"rendered":"\n<p><strong>Cabarov v\u0259 Avetisyan adl\u0131 iki \u015f\u0259xs m\u0259nim bar\u0259md\u0259 prokurorlu\u011fa \u015fikay\u0259t edib. Onlar b\u0259yanatda videonun m\u0259zmununda erm\u0259nil\u0259rin t\u0259hqir edildiyini bildiribl\u0259r. Avetisyan\u0131 \u201cVahid Rusiya\u201d fraksiyas\u0131n\u0131n r\u0259hb\u0259ri R\u00fcst\u0259m \u0130\u015fmuxametov d\u0259st\u0259kl\u0259yib.<\/strong><\/p>\n\n\n\n<p>Bunu&nbsp;<a target=\"_blank\" href=\"http:\/\/axar.az\/\" rel=\"noreferrer noopener\">Axar.az<\/a>-a Ba\u015fq\u0131rd\u0131standa erm\u0259nil\u0259rin h\u00f6kmranl\u0131\u011f\u0131na v\u0259 \u00f6zba\u015f\u0131nal\u0131\u011f\u0131na qar\u015f\u0131 \u00e7\u0131xan ufal\u0131 ictimai f\u0259al v\u0259 bloger Ramila Saitova h\u0259bs edilm\u0259si il\u0259 ba\u011fl\u0131 dan\u0131\u015fark\u0259n deyib.<\/p>\n\n\n\n<figure class=\"wp-block-image size-large is-resized\"><img loading=\"lazy\" decoding=\"async\" src=\"http:\/\/fedai.az\/wp-content\/uploads\/2020\/09\/\u0437\u0430\u0433\u0440\u0443\u0436\u0435\u043d\u043e-5-4.jpg\" alt=\"\" class=\"wp-image-15179\" width=\"401\" height=\"260\"\/><\/figure>\n\n\n\n<p>Onun s\u00f6zl\u0259rin\u0259 g\u00f6r\u0259, Cabarov v\u0259 Avetisyan z\u0259r\u0259r\u00e7\u0259kmi\u015f kimi t\u0259qdim olunur, lakin icra\u00e7\u0131 t\u0259r\u0259f bunu q\u0259bul etm\u0259yib v\u0259 onlar\u0131 \u00e7a\u011f\u0131rmay\u0131b:<\/p>\n\n\n\n<p>\u201cZ\u0259r\u0259r\u00e7\u0259kmi\u015fin g\u0259lm\u0259diyi m\u0259hk\u0259m\u0259 is\u0259 etibars\u0131z say\u0131l\u0131r. M\u00fcbariz\u0259min qar\u015f\u0131s\u0131n\u0131 almaq ist\u0259y\u0259nl\u0259r olub, indi d\u0259 var. T\u0259bii ki, bunlar videolar\u0131mda h\u0259yas\u0131zl\u0131qlar\u0131 bar\u0259d\u0259 d\u0259f\u0259l\u0259rl\u0259 b\u0259hs etdiyim insanlard\u0131r\u201d.<\/p>\n\n\n\n<p>R.Saitova qeyd edib ki, h\u0259bsd\u0259 ona h\u00f6rm\u0259tl\u0259 yana\u015f\u0131rlar, lakin 10 g\u00fcnd\u0259n sonra s\u0259rb\u0259st burax\u0131lmama t\u0259hl\u00fck\u0259si var:<\/p>\n\n\n\n<p>\u201cBu, \u00fcmumi q\u0259bul edilmi\u015f bir t\u0259cr\u00fcb\u0259dir, 10 g\u00fcn h\u0259bs m\u00fcdd\u0259ti \u0259rzind\u0259 b\u0259zi ba\u015fqa inzibati v\u0259 ya cinay\u0259t i\u015fl\u0259ri qald\u0131r\u0131l\u0131r v\u0259 n\u0259tic\u0259d\u0259 s\u0259rb\u0259st burax\u0131lm\u0131rsan.<\/p>\n\n\n\n<p>Acl\u0131q aksiyas\u0131 davam edir. Bilir\u0259m ki, 30 g\u00fcn acl\u0131\u011fa tab g\u0259tir\u0259c\u0259y\u0259m, amma bunun \u00f6l\u00fcml\u0259 sonlanaca\u011f\u0131n\u0131 d\u00fc\u015f\u00fcn\u00fcr\u0259m. Bu, azadl\u0131q v\u0259 \u00f6l\u00fcm \u015f\u00fcar\u0131d\u0131r. \u00d6z\u00fcm\u00fc yax\u015f\u0131 hiss etmir\u0259m, amma acl\u0131q aksiyas\u0131n\u0131 dayand\u0131rmaq fikrind\u0259 deyil\u0259m. Azadl\u0131q v\u0259 ya \u00f6l\u00fcm!\u201d<\/p>\n\n\n\n<p>Bu ilin iyul ay\u0131nda Saitova Yutub kanal\u0131nda \u201cBa\u015fq\u0131rd\u0131standa bu q\u0259d\u0259r erm\u0259ni hardand\u0131r?\u201d ba\u015fl\u0131\u011f\u0131 il\u0259 bir video yay\u0131mlay\u0131b. Sosial \u015f\u0259b\u0259k\u0259l\u0259rd\u0259 videonun yaratd\u0131\u011f\u0131 rezonansdan sonra bloger\u0259 t\u0259hdidl\u0259r \u00fcnvanlan\u0131b, bir m\u00fcdd\u0259t sonra is\u0259 r\u0259hb\u0259r v\u0259zif\u0259l\u0259ri erm\u0259nil\u0259r\u0259 m\u0259xsus olan m\u0259hk\u0259m\u0259y\u0259 \u00e7a\u011f\u0131r\u0131l\u0131b. O, 10 g\u00fcn m\u00fcdd\u0259tin\u0259 azadl\u0131qdan m\u0259hrum edilib.<\/p>\n\n\n\n<p>M\u0259hk\u0259m\u0259 q\u0259rar\u0131n\u0131 q\u0259r\u0259zli hesab ed\u0259n Ramila Saitova Ba\u015fq\u0131rd\u0131standa erm\u0259nil\u0259rin h\u00f6kmranl\u0131\u011f\u0131na v\u0259 \u00f6zba\u015f\u0131nal\u0131\u011f\u0131na qar\u015f\u0131 acl\u0131q aksiyas\u0131na start verib.<\/p>\n\n\n\n<figure class=\"wp-block-image size-large is-resized\"><img loading=\"lazy\" decoding=\"async\" src=\"http:\/\/fedai.az\/wp-content\/uploads\/2020\/09\/1539930915_geg7nlegcre-820x1024.jpg\" alt=\"\" class=\"wp-image-14804\" width=\"919\" height=\"1148\" srcset=\"https:\/\/fedai.az\/wp-content\/uploads\/2020\/09\/1539930915_geg7nlegcre-820x1024.jpg 820w, https:\/\/fedai.az\/wp-content\/uploads\/2020\/09\/1539930915_geg7nlegcre-240x300.jpg 240w, https:\/\/fedai.az\/wp-content\/uploads\/2020\/09\/1539930915_geg7nlegcre-120x150.jpg 120w, https:\/\/fedai.az\/wp-content\/uploads\/2020\/09\/1539930915_geg7nlegcre-768x959.jpg 768w, https:\/\/fedai.az\/wp-content\/uploads\/2020\/09\/1539930915_geg7nlegcre.jpg 865w\" sizes=\"auto, (max-width: 919px) 100vw, 919px\" \/><\/figure>\n\n\n\n<p>***************<\/p>\n\n\n\n<p><strong>Xat\u0131rladaq ki, qarda\u015f Ba\u015fq\u0131rdstanda ba\u015f ver\u0259n erm\u0259ni ekspansiyas\u0131 bar\u0259d\u0259 d\u0259f\u0259l\u0259rl\u0259 yaz\u0131lar vermi\u015fik. Erm\u0259ni mafiyas\u0131n\u0131n bir g\u0259lini Xabirova s\u0131r\u0131maqla, \u00f6lk\u0259ni nec\u0259 talan etdikl\u0259rini v\u0259 Az\u0259rbaycanda \u0259n az\u0131 100 min bel\u0259 g\u0259lin oldu\u011funu d\u0259f\u0259l\u0259rl\u0259 yazm\u0131\u015fd\u0131q. Biz Ramila xan\u0131m\u0131n haqq davas\u0131n\u0131n yan\u0131nda olmal\u0131y\u0131q v\u0259 h\u0259m d\u0259 \u00f6z g\u00fcn\u00fcm\u00fcz\u0259 d\u0259 n\u0259z\u0259r salmal\u0131y\u0131q. Bizim \u00f6lk\u0259ni talan etdir\u0259n g\u0259linl\u0259ri ortaya \u00e7\u0131xarmal\u0131y\u0131q&#8230;<\/strong><\/p>\n\n\n\n<p>Video: Erm\u0259ni Dav\u0131dovun (yan) \u00e7\u0131x\u0131\u015f\u0131na diqq\u0259t edin (Fedai.az):<\/p>\n\n\n\n<figure class=\"wp-block-embed-youtube wp-block-embed is-type-video is-provider-youtube wp-embed-aspect-16-9 wp-has-aspect-ratio\"><div class=\"wp-block-embed__wrapper\">\n<iframe loading=\"lazy\" title=\"\u0411\u0430\u0448\u043a\u0443\u0440\u0442\u044b \u043f\u043e\u0431\u0435\u0434\u0438\u043b\u0438 \u0430\u0440\u043c\u044f\u043d\u0441\u043a\u0443\u044e \u043c\u0430\u0444\u0438\u044e \u0432 \u0431\u043e\u0440\u044c\u0431\u0435 \u0437\u0430 \u0428\u0438\u0445\u0430\u043d \u041a\u0443\u0448\u0442\u0430\u0443 \u043f\u043e\u0441\u043b\u0435 \u0432\u043c\u0435\u0448\u0430\u0442\u0435\u043b\u044c\u0441\u0442\u0432\u0430 \u041f\u0443\u0442\u0438\u043d\u0430.\" width=\"715\" height=\"402\" src=\"https:\/\/www.youtube.com\/embed\/SY3Rx1tBBSk?feature=oembed\" frameborder=\"0\" allow=\"accelerometer; autoplay; encrypted-media; gyroscope; picture-in-picture\" allowfullscreen><\/iframe>\n<\/div><\/figure>\n\n\n\n<figure class=\"wp-block-embed-youtube wp-block-embed is-type-video is-provider-youtube wp-embed-aspect-16-9 wp-has-aspect-ratio\"><div class=\"wp-block-embed__wrapper\">\n<iframe loading=\"lazy\" title=\"\u0412\u0442\u043e\u0440\u043e\u0439 \u041a\u0443\u0448\u0442\u0430\u0443? \u0416\u0438\u0442\u0435\u043b\u0438 \u0411\u0430\u0448\u043a\u0438\u0440\u0438\u0438 \u0432\u044b\u0441\u0442\u0443\u043f\u0438\u043b\u0438 \u043f\u0440\u043e\u0442\u0438\u0432 \u0437\u043e\u043b\u043e\u0442\u043e\u0434\u043e\u0431\u044b\u0447\u0438\" width=\"715\" height=\"402\" src=\"https:\/\/www.youtube.com\/embed\/gL6HItRm0zs?feature=oembed\" frameborder=\"0\" allow=\"accelerometer; autoplay; encrypted-media; gyroscope; picture-in-picture\" allowfullscreen><\/iframe>\n<\/div><\/figure>\n\n\n\n<p>Video: Ba\u015fq\u0131rdlar q\u0131z\u0131l m\u0259d\u0259nl\u0259rinin talan\u0131na qar\u015f\u0131 m\u00fcbariz\u0259y\u0259 qalx\u0131blar&#8230;<\/p>\n","protected":false},"excerpt":{"rendered":"<p>Cabarov v\u0259 Avetisyan adl\u0131 iki \u015f\u0259xs m\u0259nim bar\u0259md\u0259 prokurorlu\u011fa \u015fikay\u0259t edib. Onlar b\u0259yanatda videonun m\u0259zmununda erm\u0259nil\u0259rin t\u0259hqir edildiyini bildiribl\u0259r. Avetisyan\u0131 \u201cVahid Rusiya\u201d fraksiyas\u0131n\u0131n r\u0259hb\u0259ri<\/p>\n","protected":false},"author":2,"featured_media":0,"comment_status":"closed","ping_status":"closed","sticky":false,"template":"","format":"standard","meta":{"footnotes":""},"categories":[13],"tags":[],"class_list":["post-15176","post","type-post","status-publish","format-standard","hentry","category-xarici"],"aioseo_notices":[],"_links":{"self":[{"href":"https:\/\/fedai.az\/index.php?rest_route=\/wp\/v2\/posts\/15176","targetHints":{"allow":["GET"]}}],"collection":[{"href":"https:\/\/fedai.az\/index.php?rest_route=\/wp\/v2\/posts"}],"about":[{"href":"https:\/\/fedai.az\/index.php?rest_route=\/wp\/v2\/types\/post"}],"author":[{"embeddable":true,"href":"https:\/\/fedai.az\/index.php?rest_route=\/wp\/v2\/users\/2"}],"replies":[{"embeddable":true,"href":"https:\/\/fedai.az\/index.php?rest_route=%2Fwp%2Fv2%2Fcomments&post=15176"}],"version-history":[{"count":2,"href":"https:\/\/fedai.az\/index.php?rest_route=\/wp\/v2\/posts\/15176\/revisions"}],"predecessor-version":[{"id":15180,"href":"https:\/\/fedai.az\/index.php?rest_route=\/wp\/v2\/posts\/15176\/revisions\/15180"}],"wp:attachment":[{"href":"https:\/\/fedai.az\/index.php?rest_route=%2Fwp%2Fv2%2Fmedia&parent=15176"}],"wp:term":[{"taxonomy":"category","embeddable":true,"href":"https:\/\/fedai.az\/index.php?rest_route=%2Fwp%2Fv2%2Fcategories&post=15176"},{"taxonomy":"post_tag","embeddable":true,"href":"https:\/\/fedai.az\/index.php?rest_route=%2Fwp%2Fv2%2Ftags&post=15176"}],"curies":[{"name":"wp","href":"https:\/\/api.w.org\/{rel}","templated":true}]}}