{"id":15199,"date":"2020-09-08T01:42:07","date_gmt":"2020-09-07T21:42:07","guid":{"rendered":"http:\/\/fedai.az\/?p=15199"},"modified":"2020-09-08T02:14:06","modified_gmt":"2020-09-07T22:14:06","slug":"15199","status":"publish","type":"post","link":"https:\/\/fedai.az\/?p=15199","title":{"rendered":"\u0130lham \u018fliyev: &#171;\u0130\u015f\u011fal edilmi\u015f \u0259razil\u0259rd\u0259 m\u0259scidl\u0259rimiz erm\u0259nil\u0259r t\u0259r\u0259find\u0259n da\u011f\u0131d\u0131l\u0131b&#187;"},"content":{"rendered":"\n<p><strong>&#171;T\u0259xmin\u0259n iki ay bundan \u0259vv\u0259l Erm\u0259nistan\u0131n Az\u0259rbaycana qar\u015f\u0131 t\u00f6r\u0259tdiyi n\u00f6vb\u0259ti h\u0259rbi t\u0259cav\u00fcz\u00fc il\u0259 \u0259laq\u0259dar Qo\u015fulmama H\u0259r\u0259kat\u0131 v\u0259 \u0130slam \u018fm\u0259kda\u015fl\u0131q T\u0259\u015fkilat\u0131 Az\u0259rbaycan\u0131n m\u00f6vqeyini v\u0259 haqq i\u015fini d\u0259st\u0259kl\u0259y\u0259n, Erm\u0259nistan\u0131n add\u0131mlar\u0131n\u0131 pisl\u0259y\u0259n q\u0259tnam\u0259l\u0259r q\u0259bul etmi\u015f v\u0259 a\u00e7\u0131qlamalar vermi\u015fdir.&#187;<\/strong><\/p>\n\n\n\n<p>Fedai.az x\u0259b\u0259r verir ki, bunu Prezident \u0130lham \u018fliyev \u0130ran\u0131n yeni s\u0259firi Seyid Abbas Mus\u0259vinin etimadnam\u0259sini q\u0259bul ed\u0259rk\u0259n bildirib.<\/p>\n\n\n\n<p>\u201c\u0130ran \u0130slam Respublikas\u0131 bu iki t\u0259\u015fkilat\u0131n f\u0259al \u00fczv\u00fc kimi bu m\u00f6vqey\u0259 qo\u015fularaq n\u00f6vb\u0259ti d\u0259f\u0259 Az\u0259rbaycana \u00f6z d\u0259st\u0259yini g\u00f6st\u0259rmi\u015fdir. Buna g\u00f6r\u0259 m\u0259n siz\u0259 minn\u0259tdaram.<\/p>\n\n\n\n<p>Erm\u0259nistan\u0131n Az\u0259rbaycana qar\u015f\u0131 t\u0259cav\u00fcz\u00fc davam edir. Bu t\u0259cav\u00fcz n\u0259tic\u0259sind\u0259 torpaqlar\u0131m\u0131z\u0131n t\u0259xmin\u0259n 20 faizi i\u015f\u011fal alt\u0131na d\u00fc\u015f\u00fcb. Az\u0259rbaycan v\u0259t\u0259nda\u015flar\u0131n\u0131n qa\u00e7q\u0131n-k\u00f6\u00e7k\u00fcn v\u0259ziyy\u0259tin\u0259 d\u00fc\u015fm\u0259si m\u0259hz bu i\u015f\u011fal\u0131n n\u0259tic\u0259sidir. Biz\u0259 \u2013 az\u0259rbaycanl\u0131lara qar\u015f\u0131 etnik t\u0259mizl\u0259m\u0259 siyas\u0259ti apar\u0131l\u0131b, Xocal\u0131 soyq\u0131r\u0131m\u0131 t\u00f6r\u0259dilib. Bizim tarixi-dini abid\u0259l\u0259rimiz Erm\u0259nistan t\u0259r\u0259find\u0259n da\u011f\u0131d\u0131l\u0131b. Dini abid\u0259l\u0259rimiz t\u0259hqir edilib. \u0130\u015f\u011fal edilmi\u015f \u0259razil\u0259rd\u0259 m\u0259scidl\u0259rimiz erm\u0259nil\u0259r t\u0259r\u0259find\u0259n da\u011f\u0131d\u0131l\u0131b v\u0259 b\u0259zi m\u0259scidl\u0259rd\u0259 h\u0259tta onlar heyvan saxlay\u0131rlar. Bu \u00e7irkin \u0259m\u0259ll\u0259ri \u0259ks etdir\u0259n bir \u00e7ox video v\u0259 foto s\u0259n\u0259dl\u0259r, s\u00fcbutlar vard\u0131r. Onlar\u0131 internetd\u0259 tapmaq olar. Bu, t\u0259kc\u0259 biz\u0259 qar\u015f\u0131 yox, b\u00fct\u00fcn m\u00fcs\u0259lman d\u00fcnyas\u0131na qar\u015f\u0131 edil\u0259n cinay\u0259tdir\u201d, \u2013 \u0130. \u018fliyev s\u00f6yl\u0259yib.<\/p>\n\n\n\n<p>\u0130ran\u0131n Az\u0259rbaycanda yeni t\u0259yin olunmu\u015f s\u0259firi Seyid Abbas Mus\u0259vi etimadnam\u0259sini&nbsp;<strong>Prezident \u0130lham \u018fliyev<\/strong>\u0259 t\u0259qdim ed\u0259rk\u0259n s\u0259fir qeyd edib ki, \u0130ran \u0130slam Respublikas\u0131 Az\u0259rbaycan Respublikas\u0131n\u0131n i\u015f\u011fal olunmu\u015f \u0259razil\u0259ri m\u0259s\u0259l\u0259sind\u0259, Da\u011fl\u0131q Qaraba\u011f m\u00fcnaqi\u015f\u0259sind\u0259 Az\u0259rbaycan\u0131n \u0259dal\u0259tli v\u0259 haqq m\u00f6vqeyini d\u0259st\u0259kl\u0259yir. <strong>Bizim qon\u015fuluq, dostluq m\u00fcnasib\u0259tl\u0259rimiz x\u00fcsusi m\u00fcnasib\u0259tl\u0259rdir v\u0259 he\u00e7 bir \u00fc\u00e7\u00fcnc\u00fc q\u00fcvv\u0259 bu m\u00fcnasib\u0259tl\u0259r\u0259 x\u0259l\u0259l g\u0259tir\u0259 bilm\u0259z.<\/strong><\/p>\n\n\n\n<p>\u201cBiz hesab edirik ki, bu m\u00fcnaqi\u015f\u0259 beyn\u0259lxalq qanunlar, Az\u0259rbaycan\u0131n \u0259razi b\u00fct\u00f6vl\u00fcy\u00fc v\u0259 suverenliyi \u00e7\u0259r\u00e7iv\u0259sind\u0259 h\u0259ll olunmal\u0131d\u0131r\u201d, \u2013 dey\u0259 o \u0259lav\u0259 edib.<\/p>\n","protected":false},"excerpt":{"rendered":"<p>&#171;T\u0259xmin\u0259n iki ay bundan \u0259vv\u0259l Erm\u0259nistan\u0131n Az\u0259rbaycana qar\u015f\u0131 t\u00f6r\u0259tdiyi n\u00f6vb\u0259ti h\u0259rbi t\u0259cav\u00fcz\u00fc il\u0259 \u0259laq\u0259dar Qo\u015fulmama H\u0259r\u0259kat\u0131 v\u0259 \u0130slam \u018fm\u0259kda\u015fl\u0131q T\u0259\u015fkilat\u0131 Az\u0259rbaycan\u0131n m\u00f6vqeyini v\u0259 haqq<\/p>\n","protected":false},"author":2,"featured_media":15168,"comment_status":"closed","ping_status":"closed","sticky":false,"template":"","format":"standard","meta":{"footnotes":""},"categories":[3],"tags":[],"class_list":["post-15199","post","type-post","status-publish","format-standard","has-post-thumbnail","hentry","category-gundm"],"aioseo_notices":[],"_links":{"self":[{"href":"https:\/\/fedai.az\/index.php?rest_route=\/wp\/v2\/posts\/15199","targetHints":{"allow":["GET"]}}],"collection":[{"href":"https:\/\/fedai.az\/index.php?rest_route=\/wp\/v2\/posts"}],"about":[{"href":"https:\/\/fedai.az\/index.php?rest_route=\/wp\/v2\/types\/post"}],"author":[{"embeddable":true,"href":"https:\/\/fedai.az\/index.php?rest_route=\/wp\/v2\/users\/2"}],"replies":[{"embeddable":true,"href":"https:\/\/fedai.az\/index.php?rest_route=%2Fwp%2Fv2%2Fcomments&post=15199"}],"version-history":[{"count":2,"href":"https:\/\/fedai.az\/index.php?rest_route=\/wp\/v2\/posts\/15199\/revisions"}],"predecessor-version":[{"id":15207,"href":"https:\/\/fedai.az\/index.php?rest_route=\/wp\/v2\/posts\/15199\/revisions\/15207"}],"wp:featuredmedia":[{"embeddable":true,"href":"https:\/\/fedai.az\/index.php?rest_route=\/wp\/v2\/media\/15168"}],"wp:attachment":[{"href":"https:\/\/fedai.az\/index.php?rest_route=%2Fwp%2Fv2%2Fmedia&parent=15199"}],"wp:term":[{"taxonomy":"category","embeddable":true,"href":"https:\/\/fedai.az\/index.php?rest_route=%2Fwp%2Fv2%2Fcategories&post=15199"},{"taxonomy":"post_tag","embeddable":true,"href":"https:\/\/fedai.az\/index.php?rest_route=%2Fwp%2Fv2%2Ftags&post=15199"}],"curies":[{"name":"wp","href":"https:\/\/api.w.org\/{rel}","templated":true}]}}