{"id":15204,"date":"2020-09-08T01:52:02","date_gmt":"2020-09-07T21:52:02","guid":{"rendered":"http:\/\/fedai.az\/?p=15204"},"modified":"2020-09-08T01:52:05","modified_gmt":"2020-09-07T21:52:05","slug":"bir-mill%c9%99t-iki-dovl%c9%99t-turkiy%c9%99-prezident-administrasiyasinin-yeni-s%c9%99n%c9%99dli-filmi-video","status":"publish","type":"post","link":"https:\/\/fedai.az\/?p=15204","title":{"rendered":"&#171;Bir Mill\u0259t, \u0130ki D\u00f6vl\u0259t&#187; &#8212; T\u00fcrkiy\u0259 Prezident Administrasiyas\u0131n\u0131n yeni s\u0259n\u0259dli filmi &#8212; V\u0130DEO"},"content":{"rendered":"\n<p><strong>T\u00fcrkiy\u0259 Prezident Administrasiyas\u0131 Az\u0259rbaycan-T\u00fcrkiy\u0259 \u0259laq\u0259l\u0259rini v\u0259 Tovuz d\u00f6y\u00fc\u015fl\u0259rini \u0259ks etdir\u0259n\u00a0&#171;Bir Mill\u0259t, \u0130ki D\u00f6vl\u0259t&#187; ba\u015fl\u0131ql\u0131 s\u0259n\u0259dli film \u00e7\u0259kib.<\/strong><\/p>\n\n\n\n<p>Filmd\u0259 az\u0259rbaycanl\u0131 h\u0259rbi\u00e7il\u0259rin, d\u00f6vl\u0259t v\u0259 bir s\u0131ra i\u00e7timai xadiml\u0259rin, eyni zamanda s\u0131rav\u0131 insanlar\u0131n da fikirl\u0259ri d\u0259 \u0259ks olunub.<\/p>\n\n\n\n<p>Tovuz d\u00f6y\u00fc\u015fl\u0259ri zaman\u0131 T\u00fcrkiy\u0259nin Az\u0259rbaycana a\u00e7\u0131q d\u0259st\u0259yi v\u0259 iki qarda\u015f \u00f6lk\u0259nin birliyi s\u0259n\u0259dli filmd\u0259 vur\u011fulan\u0131b.<\/p>\n\n\n\n<p>Fedai.az <a href=\"https:\/\/ednews.net\/az\">Eurasia Diary<\/a>-a istinad\u0259n\u00a0filmi t\u0259qdim edir.<\/p>\n\n\n\n<figure class=\"wp-block-embed-youtube wp-block-embed is-type-video is-provider-youtube wp-embed-aspect-16-9 wp-has-aspect-ratio\"><div class=\"wp-block-embed__wrapper\">\n<iframe loading=\"lazy\" title=\"T\u00fcrkiye-Azerbaycan: \u201cBir Millet, \u0130ki Devlet\u201d\" width=\"715\" height=\"402\" src=\"https:\/\/www.youtube.com\/embed\/UDOnR3ZoTag?feature=oembed\" frameborder=\"0\" allow=\"accelerometer; autoplay; encrypted-media; gyroscope; picture-in-picture\" allowfullscreen><\/iframe>\n<\/div><\/figure>\n","protected":false},"excerpt":{"rendered":"<p>T\u00fcrkiy\u0259 Prezident Administrasiyas\u0131 Az\u0259rbaycan-T\u00fcrkiy\u0259 \u0259laq\u0259l\u0259rini v\u0259 Tovuz d\u00f6y\u00fc\u015fl\u0259rini \u0259ks etdir\u0259n\u00a0&#171;Bir Mill\u0259t, \u0130ki D\u00f6vl\u0259t&#187; ba\u015fl\u0131ql\u0131 s\u0259n\u0259dli film \u00e7\u0259kib. Filmd\u0259 az\u0259rbaycanl\u0131 h\u0259rbi\u00e7il\u0259rin, d\u00f6vl\u0259t v\u0259 bir s\u0131ra<\/p>\n","protected":false},"author":2,"featured_media":15205,"comment_status":"closed","ping_status":"closed","sticky":false,"template":"","format":"standard","meta":{"footnotes":""},"categories":[1],"tags":[],"class_list":["post-15204","post","type-post","status-publish","format-standard","has-post-thumbnail","hentry","category-siyast"],"aioseo_notices":[],"_links":{"self":[{"href":"https:\/\/fedai.az\/index.php?rest_route=\/wp\/v2\/posts\/15204","targetHints":{"allow":["GET"]}}],"collection":[{"href":"https:\/\/fedai.az\/index.php?rest_route=\/wp\/v2\/posts"}],"about":[{"href":"https:\/\/fedai.az\/index.php?rest_route=\/wp\/v2\/types\/post"}],"author":[{"embeddable":true,"href":"https:\/\/fedai.az\/index.php?rest_route=\/wp\/v2\/users\/2"}],"replies":[{"embeddable":true,"href":"https:\/\/fedai.az\/index.php?rest_route=%2Fwp%2Fv2%2Fcomments&post=15204"}],"version-history":[{"count":1,"href":"https:\/\/fedai.az\/index.php?rest_route=\/wp\/v2\/posts\/15204\/revisions"}],"predecessor-version":[{"id":15206,"href":"https:\/\/fedai.az\/index.php?rest_route=\/wp\/v2\/posts\/15204\/revisions\/15206"}],"wp:featuredmedia":[{"embeddable":true,"href":"https:\/\/fedai.az\/index.php?rest_route=\/wp\/v2\/media\/15205"}],"wp:attachment":[{"href":"https:\/\/fedai.az\/index.php?rest_route=%2Fwp%2Fv2%2Fmedia&parent=15204"}],"wp:term":[{"taxonomy":"category","embeddable":true,"href":"https:\/\/fedai.az\/index.php?rest_route=%2Fwp%2Fv2%2Fcategories&post=15204"},{"taxonomy":"post_tag","embeddable":true,"href":"https:\/\/fedai.az\/index.php?rest_route=%2Fwp%2Fv2%2Ftags&post=15204"}],"curies":[{"name":"wp","href":"https:\/\/api.w.org\/{rel}","templated":true}]}}