{"id":15530,"date":"2020-09-12T08:56:56","date_gmt":"2020-09-12T04:56:56","guid":{"rendered":"http:\/\/fedai.az\/?p=15530"},"modified":"2020-09-12T08:57:00","modified_gmt":"2020-09-12T04:57:00","slug":"x%c9%99st%c9%99xanadan-%c9%99li-h%c9%99s%c9%99novla-bagli-daha-bir-aciqlama","status":"publish","type":"post","link":"https:\/\/fedai.az\/?p=15530","title":{"rendered":"X\u0259st\u0259xanadan \u018fli H\u0259s\u0259novla ba\u011fl\u0131 daha bir a\u00e7\u0131qlama"},"content":{"rendered":"\n<p><strong>X\u0259b\u0259r verdiyimiz kimi, Prezidentin sabiq k\u00f6m\u0259k\u00e7isi \u018fli H\u0259s\u0259nov T\u00fcrkiy\u0259nin &#171;Siyami Ersek\u201d \u00fcr\u0259k-damar x\u0259st\u0259likl\u0259ri x\u0259st\u0259xanas\u0131nda m\u00fcalic\u0259 v\u0259 m\u00fcayin\u0259 ald\u0131\u011f\u0131n\u0131 a\u00e7\u0131qlay\u0131b.&nbsp;<\/strong><\/p>\n\n\n\n<p>Fedai.az x\u0259b\u0259r verir ki, Demokrat.az m\u0259s\u0259l\u0259 il\u0259 ba\u011fl\u0131 informasiya \u0259ld\u0259 etm\u0259k \u00fc\u00e7\u00fcn &#171;Siyami Ersek&#187; \u00fcr\u0259k-damar x\u0259st\u0259likl\u0259ri x\u0259st\u0259xanas\u0131 il\u0259 \u0259laq\u0259 saxlay\u0131b.<\/p>\n\n\n\n<p>Tibb oca\u011f\u0131ndan sayta bildirilib ki, s\u00f6z\u00fcged\u0259n x\u0259st\u0259xanada \u018fli H\u0259s\u0259nov adl\u0131 \u015f\u0259xs olmay\u0131b. O da deyildi ki, x\u0259st\u0259xanada ciddi rejimd\u0259 m\u00fcalic\u0259 alan pasiyentl\u0259r qeydiyyata d\u00fc\u015f\u00fcr. Lakin \u018fli H\u0259s\u0259nov ad\u0131nda kims\u0259 pasiyent kimi n\u0259 x\u0259st\u0259xanaya m\u00fcraci\u0259t edib v\u0259 n\u0259 d\u0259 h\u0259min x\u0259st\u0259xanada qeydiyyata d\u00fc\u015f\u00fcb.<\/p>\n\n\n\n<p>Xat\u0131rladaq ki, \u018f.H\u0259s\u0259nov avqustun sonlar\u0131nda ad\u0131\u00e7\u0259kil\u0259n x\u0259st\u0259xanada m\u00fcayin\u0259 v\u0259 m\u00fcalic\u0259 ald\u0131\u011f\u0131n\u0131 m\u0259tbuata a\u00e7\u0131qlam\u0131\u015fd\u0131. O, Abu-Dabid\u0259ki Klivlend x\u0259st\u0259xanas\u0131na getm\u0259k \u00fc\u00e7\u00fcn b\u0259lli zamana ehtiyac oldu\u011funu bildirmi\u015fdi.<\/p>\n","protected":false},"excerpt":{"rendered":"<p>X\u0259b\u0259r verdiyimiz kimi, Prezidentin sabiq k\u00f6m\u0259k\u00e7isi \u018fli H\u0259s\u0259nov T\u00fcrkiy\u0259nin &#171;Siyami Ersek\u201d \u00fcr\u0259k-damar x\u0259st\u0259likl\u0259ri x\u0259st\u0259xanas\u0131nda m\u00fcalic\u0259 v\u0259 m\u00fcayin\u0259 ald\u0131\u011f\u0131n\u0131 a\u00e7\u0131qlay\u0131b.&nbsp; Fedai.az x\u0259b\u0259r verir ki, Demokrat.az<\/p>\n","protected":false},"author":2,"featured_media":0,"comment_status":"closed","ping_status":"closed","sticky":false,"template":"","format":"standard","meta":{"footnotes":""},"categories":[1],"tags":[],"class_list":["post-15530","post","type-post","status-publish","format-standard","hentry","category-siyast"],"aioseo_notices":[],"_links":{"self":[{"href":"https:\/\/fedai.az\/index.php?rest_route=\/wp\/v2\/posts\/15530","targetHints":{"allow":["GET"]}}],"collection":[{"href":"https:\/\/fedai.az\/index.php?rest_route=\/wp\/v2\/posts"}],"about":[{"href":"https:\/\/fedai.az\/index.php?rest_route=\/wp\/v2\/types\/post"}],"author":[{"embeddable":true,"href":"https:\/\/fedai.az\/index.php?rest_route=\/wp\/v2\/users\/2"}],"replies":[{"embeddable":true,"href":"https:\/\/fedai.az\/index.php?rest_route=%2Fwp%2Fv2%2Fcomments&post=15530"}],"version-history":[{"count":1,"href":"https:\/\/fedai.az\/index.php?rest_route=\/wp\/v2\/posts\/15530\/revisions"}],"predecessor-version":[{"id":15532,"href":"https:\/\/fedai.az\/index.php?rest_route=\/wp\/v2\/posts\/15530\/revisions\/15532"}],"wp:attachment":[{"href":"https:\/\/fedai.az\/index.php?rest_route=%2Fwp%2Fv2%2Fmedia&parent=15530"}],"wp:term":[{"taxonomy":"category","embeddable":true,"href":"https:\/\/fedai.az\/index.php?rest_route=%2Fwp%2Fv2%2Fcategories&post=15530"},{"taxonomy":"post_tag","embeddable":true,"href":"https:\/\/fedai.az\/index.php?rest_route=%2Fwp%2Fv2%2Ftags&post=15530"}],"curies":[{"name":"wp","href":"https:\/\/api.w.org\/{rel}","templated":true}]}}