{"id":15745,"date":"2020-09-16T08:58:58","date_gmt":"2020-09-16T04:58:58","guid":{"rendered":"http:\/\/fedai.az\/?p=15745"},"modified":"2020-09-16T08:58:59","modified_gmt":"2020-09-16T04:58:59","slug":"%c9%99rdogan-makronu-yerd%c9%99n-yer%c9%99-vurdu","status":"publish","type":"post","link":"https:\/\/fedai.az\/?p=15745","title":{"rendered":"\u018frdo\u011fan Makronu yerd\u0259n yer\u0259 vurdu"},"content":{"rendered":"\n<p class=\"wp-block-paragraph\"><strong>T\u00fcrkiy\u0259 Prezidenti R\u0259c\u0259b Tayyib \u018frdo\u011fan bug\u00fcnk\u00fc t\u0259dbird\u0259 \u00e7\u0131x\u0131\u015f\u0131 zaman\u0131 deyib:<\/strong> &#171;<strong>Onun ad\u0131n\u0131 \u00e7\u0259km\u0259k ist\u0259mir\u0259m, amma m\u0259cburam, \u00e7\u00fcnki \u015f\u0259xsim\u0259 \u00fcz tutub&#187;.<\/strong><\/p>\n\n\n\n<p class=\"wp-block-paragraph\">T\u00fcrkiy\u0259 prezidenti fransal\u0131 h\u0259mkar\u0131 Emmanuel Makrona xitab\u0259n s\u00f6zl\u0259rin\u0259 bel\u0259 davam edib:&nbsp;&#171;C\u0259nab Makron, s\u0259nin \u015f\u0259xs\u0259n m\u0259niml\u0259 h\u0259l\u0259 \u00e7ox s\u0131x\u0131nt\u0131n olacaq. D\u0259f\u0259l\u0259rl\u0259 bunu s\u0259n\u0259 s\u00f6yl\u0259mi\u015f\u0259m, amma qulaq asm\u0131rsan&#8230; Tarixd\u0259n bilgin yoxdur, t\u00fcrk mill\u0259tiyl\u0259 m\u0259\u015f\u011ful olma. Afrikan\u0131n tarixi T\u00fcrkiy\u0259nin tarixidir.<\/p>\n\n\n\n<p class=\"wp-block-paragraph\">\u018flc\u0259zird\u0259, Ruandada minl\u0259rl\u0259 insan\u0131 \u00f6ld\u00fcr\u0259n sizl\u0259rsiz. Biz\u0259 insanl\u0131q d\u0259rsi ke\u00e7\u0259 bilm\u0259zsiz&#187;.<\/p>\n\n\n\n<p class=\"wp-block-paragraph\">Qeyd ed\u0259k ki, \u015e\u0259rqi Aral\u0131q d\u0259nizind\u0259 yaranm\u0131\u015f g\u0259rginlikd\u0259 Fransa T\u00fcrkiy\u0259y\u0259 qar\u015f\u0131 x\u00fcsusi canf\u0259\u015fanl\u0131q g\u00f6st\u0259rir.<\/p>\n\n\n\n<p class=\"wp-block-paragraph\">Bu yax\u0131nlarda Fransa Prezidenti Emmanuel Makron a\u00e7\u0131qlama ver\u0259r\u0259k T\u00fcrkiy\u0259 xalq\u0131yla he\u00e7 bir probleminin olmad\u0131\u011f\u0131n\u0131 s\u00f6yl\u0259mi\u015f, &#171;problemimiz \u018frdo\u011fand\u0131r&#187; dey\u0259 \u0259lav\u0259 el\u0259mi\u015fdi.<\/p>\n","protected":false},"excerpt":{"rendered":"<p>T\u00fcrkiy\u0259 Prezidenti R\u0259c\u0259b Tayyib \u018frdo\u011fan bug\u00fcnk\u00fc t\u0259dbird\u0259 \u00e7\u0131x\u0131\u015f\u0131 zaman\u0131 deyib: &#171;Onun ad\u0131n\u0131 \u00e7\u0259km\u0259k ist\u0259mir\u0259m, amma m\u0259cburam, \u00e7\u00fcnki \u015f\u0259xsim\u0259 \u00fcz tutub&#187;. T\u00fcrkiy\u0259 prezidenti fransal\u0131 h\u0259mkar\u0131<\/p>\n","protected":false},"author":2,"featured_media":15746,"comment_status":"closed","ping_status":"closed","sticky":false,"template":"","format":"standard","meta":{"footnotes":""},"categories":[1],"tags":[],"class_list":["post-15745","post","type-post","status-publish","format-standard","has-post-thumbnail","hentry","category-siyast"],"aioseo_notices":[],"aioseo_head":"\n\t\t<!-- All in One SEO 5.0.0.1 - aioseo.com -->\n\t<meta name=\"description\" content=\"T\u00fcrkiy\u0259 Prezidenti R\u0259c\u0259b Tayyib \u018frdo\u011fan bug\u00fcnk\u00fc t\u0259dbird\u0259 \u00e7\u0131x\u0131\u015f\u0131 zaman\u0131 deyib: &quot;Onun ad\u0131n\u0131 \u00e7\u0259km\u0259k ist\u0259mir\u0259m, amma m\u0259cburam, \u00e7\u00fcnki \u015f\u0259xsim\u0259 \u00fcz tutub&quot;. T\u00fcrkiy\u0259 prezidenti fransal\u0131 h\u0259mkar\u0131 Emmanuel Makrona xitab\u0259n s\u00f6zl\u0259rin\u0259 bel\u0259 davam edib: &quot;C\u0259nab Makron, s\u0259nin \u015f\u0259xs\u0259n m\u0259niml\u0259 h\u0259l\u0259 \u00e7ox s\u0131x\u0131nt\u0131n olacaq. D\u0259f\u0259l\u0259rl\u0259 bunu s\u0259n\u0259 s\u00f6yl\u0259mi\u015f\u0259m, amma qulaq asm\u0131rsan... Tarixd\u0259n bilgin yoxdur, t\u00fcrk mill\u0259tiyl\u0259 m\u0259\u015f\u011ful olma. Afrikan\u0131n tarixi\" \/>\n\t<meta name=\"robots\" content=\"max-image-preview:large\" \/>\n\t<meta name=\"author\" content=\"www.Fedai.az\"\/>\n\t<link rel=\"canonical\" href=\"https:\/\/fedai.az\/?p=15745\" \/>\n\t<meta name=\"generator\" content=\"All in One SEO (AIOSEO) 5.0.0.1\" \/>\n\t\t<meta property=\"og:locale\" content=\"ru_RU\" \/>\n\t\t<meta property=\"og:site_name\" content=\"&quot;F\u0259dai&quot; q\u0259zeti\" \/>\n\t\t<meta property=\"og:type\" content=\"article\" \/>\n\t\t<meta property=\"og:title\" content=\"\u018frdo\u011fan Makronu yerd\u0259n yer\u0259 vurdu | &quot;F\u0259dai&quot; q\u0259zeti\" \/>\n\t\t<meta property=\"og:description\" content=\"T\u00fcrkiy\u0259 Prezidenti R\u0259c\u0259b Tayyib \u018frdo\u011fan bug\u00fcnk\u00fc t\u0259dbird\u0259 \u00e7\u0131x\u0131\u015f\u0131 zaman\u0131 deyib: &quot;Onun ad\u0131n\u0131 \u00e7\u0259km\u0259k ist\u0259mir\u0259m, amma m\u0259cburam, \u00e7\u00fcnki \u015f\u0259xsim\u0259 \u00fcz tutub&quot;. T\u00fcrkiy\u0259 prezidenti fransal\u0131 h\u0259mkar\u0131 Emmanuel Makrona xitab\u0259n s\u00f6zl\u0259rin\u0259 bel\u0259 davam edib: &quot;C\u0259nab Makron, s\u0259nin \u015f\u0259xs\u0259n m\u0259niml\u0259 h\u0259l\u0259 \u00e7ox s\u0131x\u0131nt\u0131n olacaq. D\u0259f\u0259l\u0259rl\u0259 bunu s\u0259n\u0259 s\u00f6yl\u0259mi\u015f\u0259m, amma qulaq asm\u0131rsan... Tarixd\u0259n bilgin yoxdur, t\u00fcrk mill\u0259tiyl\u0259 m\u0259\u015f\u011ful olma. Afrikan\u0131n tarixi\" \/>\n\t\t<meta property=\"og:url\" content=\"https:\/\/fedai.az\/?p=15745\" \/>\n\t\t<meta property=\"fb:app_id\" content=\"696809432257740\" \/>\n\t\t<meta property=\"og:image\" content=\"https:\/\/fedai.az\/wp-content\/uploads\/2020\/09\/5f46f20dae5ac97df25c278c.jpg\" \/>\n\t\t<meta property=\"og:image:secure_url\" content=\"https:\/\/fedai.az\/wp-content\/uploads\/2020\/09\/5f46f20dae5ac97df25c278c.jpg\" \/>\n\t\t<meta property=\"og:image:width\" content=\"827\" \/>\n\t\t<meta property=\"og:image:height\" content=\"465\" \/>\n\t\t<meta property=\"article:published_time\" content=\"2020-09-16T04:58:58+00:00\" \/>\n\t\t<meta property=\"article:modified_time\" content=\"2020-09-16T04:58:59+00:00\" \/>\n\t\t<meta property=\"article:publisher\" content=\"https:\/\/facebook.com\/fedai.az\" \/>\n\t\t<meta name=\"twitter:card\" content=\"summary\" \/>\n\t\t<meta name=\"twitter:site\" content=\"@fedai.az\" \/>\n\t\t<meta name=\"twitter:title\" content=\"\u018frdo\u011fan Makronu yerd\u0259n yer\u0259 vurdu | &quot;F\u0259dai&quot; q\u0259zeti\" \/>\n\t\t<meta name=\"twitter:description\" content=\"T\u00fcrkiy\u0259 Prezidenti R\u0259c\u0259b Tayyib \u018frdo\u011fan bug\u00fcnk\u00fc t\u0259dbird\u0259 \u00e7\u0131x\u0131\u015f\u0131 zaman\u0131 deyib: &quot;Onun ad\u0131n\u0131 \u00e7\u0259km\u0259k ist\u0259mir\u0259m, amma m\u0259cburam, \u00e7\u00fcnki \u015f\u0259xsim\u0259 \u00fcz tutub&quot;. T\u00fcrkiy\u0259 prezidenti fransal\u0131 h\u0259mkar\u0131 Emmanuel Makrona xitab\u0259n s\u00f6zl\u0259rin\u0259 bel\u0259 davam edib: &quot;C\u0259nab Makron, s\u0259nin \u015f\u0259xs\u0259n m\u0259niml\u0259 h\u0259l\u0259 \u00e7ox s\u0131x\u0131nt\u0131n olacaq. D\u0259f\u0259l\u0259rl\u0259 bunu s\u0259n\u0259 s\u00f6yl\u0259mi\u015f\u0259m, amma qulaq asm\u0131rsan... Tarixd\u0259n bilgin yoxdur, t\u00fcrk mill\u0259tiyl\u0259 m\u0259\u015f\u011ful olma. Afrikan\u0131n tarixi\" \/>\n\t\t<meta name=\"twitter:image\" content=\"https:\/\/fedai.az\/wp-content\/uploads\/2020\/09\/5f46f20dae5ac97df25c278c.jpg\" \/>\n\t\t<script type=\"application\/ld+json\" class=\"aioseo-schema\">\n\t\t\t{\"@context\":\"https:\\\/\\\/schema.org\",\"@graph\":[{\"@type\":\"Article\",\"@id\":\"https:\\\/\\\/fedai.az\\\/?p=15745#article\",\"name\":\"\\u018frdo\\u011fan Makronu yerd\\u0259n yer\\u0259 vurdu | \\\"F\\u0259dai\\\" q\\u0259zeti\",\"headline\":\"\\u018frdo\\u011fan Makronu yerd\\u0259n yer\\u0259 vurdu\",\"author\":{\"@id\":\"https:\\\/\\\/fedai.az\\\/?author=2#author\"},\"publisher\":{\"@id\":\"https:\\\/\\\/fedai.az\\\/#organization\"},\"image\":{\"@type\":\"ImageObject\",\"url\":\"https:\\\/\\\/fedai.az\\\/wp-content\\\/uploads\\\/2020\\\/09\\\/5f46f20dae5ac97df25c278c.jpg\",\"width\":827,\"height\":465},\"datePublished\":\"2020-09-16T08:58:58+04:00\",\"dateModified\":\"2020-09-16T08:58:59+04:00\",\"inLanguage\":\"ru-RU\",\"mainEntityOfPage\":{\"@id\":\"https:\\\/\\\/fedai.az\\\/?p=15745#webpage\"},\"isPartOf\":{\"@id\":\"https:\\\/\\\/fedai.az\\\/?p=15745#webpage\"},\"articleSection\":\"Siyas\\u0259t\"},{\"@type\":\"BreadcrumbList\",\"@id\":\"https:\\\/\\\/fedai.az\\\/?p=15745#breadcrumblist\",\"itemListElement\":[{\"@type\":\"ListItem\",\"@id\":\"https:\\\/\\\/fedai.az#listItem\",\"position\":1,\"name\":\"Home\",\"item\":\"https:\\\/\\\/fedai.az\",\"nextItem\":{\"@type\":\"ListItem\",\"@id\":\"https:\\\/\\\/fedai.az\\\/?cat=1#listItem\",\"name\":\"Siyas\\u0259t\"}},{\"@type\":\"ListItem\",\"@id\":\"https:\\\/\\\/fedai.az\\\/?cat=1#listItem\",\"position\":2,\"name\":\"Siyas\\u0259t\",\"item\":\"https:\\\/\\\/fedai.az\\\/?cat=1\",\"nextItem\":{\"@type\":\"ListItem\",\"@id\":\"https:\\\/\\\/fedai.az\\\/?p=15745#listItem\",\"name\":\"\\u018frdo\\u011fan Makronu yerd\\u0259n yer\\u0259 vurdu\"},\"previousItem\":{\"@type\":\"ListItem\",\"@id\":\"https:\\\/\\\/fedai.az#listItem\",\"name\":\"Home\"}},{\"@type\":\"ListItem\",\"@id\":\"https:\\\/\\\/fedai.az\\\/?p=15745#listItem\",\"position\":3,\"name\":\"\\u018frdo\\u011fan Makronu yerd\\u0259n yer\\u0259 vurdu\",\"previousItem\":{\"@type\":\"ListItem\",\"@id\":\"https:\\\/\\\/fedai.az\\\/?cat=1#listItem\",\"name\":\"Siyas\\u0259t\"}}]},{\"@type\":\"Organization\",\"@id\":\"https:\\\/\\\/fedai.az\\\/#organization\",\"name\":\"\\\"F\\u0259dai\\\" q\\u0259zeti\",\"description\":\"Az\\u0259rbaycan V\\u0259t\\u0259n M\\u00fcharib\\u0259si Veteranlar\\u0131 \\u0130ctimai Birliyi\",\"url\":\"https:\\\/\\\/fedai.az\\\/\",\"logo\":{\"@type\":\"ImageObject\",\"url\":\"https:\\\/\\\/fedai.az\\\/wp-content\\\/uploads\\\/2022\\\/09\\\/logo3.png\",\"@id\":\"https:\\\/\\\/fedai.az\\\/?p=15745\\\/#organizationLogo\",\"width\":500,\"height\":100},\"image\":{\"@id\":\"https:\\\/\\\/fedai.az\\\/?p=15745\\\/#organizationLogo\"},\"sameAs\":[\"https:\\\/\\\/instagram.com\\\/fedai.az\",\"https:\\\/\\\/pinterest.com\\\/fedai.az\",\"https:\\\/\\\/youtube.com\\\/fedai.az\",\"https:\\\/\\\/linkedin.com\\\/in\\\/fedai.az\"]},{\"@type\":\"Person\",\"@id\":\"https:\\\/\\\/fedai.az\\\/?author=2#author\",\"url\":\"https:\\\/\\\/fedai.az\\\/?author=2\",\"name\":\"www.Fedai.az\",\"image\":{\"@type\":\"ImageObject\",\"@id\":\"https:\\\/\\\/fedai.az\\\/?p=15745#authorImage\",\"url\":\"https:\\\/\\\/secure.gravatar.com\\\/avatar\\\/d861e138a4bd3ce6812a7aa95e796aa05e165f28ecde9a972c6789a09fcd1daa?s=96&d=mm&r=g\",\"width\":96,\"height\":96,\"caption\":\"www.Fedai.az\"}},{\"@type\":\"WebPage\",\"@id\":\"https:\\\/\\\/fedai.az\\\/?p=15745#webpage\",\"url\":\"https:\\\/\\\/fedai.az\\\/?p=15745\",\"name\":\"\\u018frdo\\u011fan Makronu yerd\\u0259n yer\\u0259 vurdu | \\\"F\\u0259dai\\\" q\\u0259zeti\",\"description\":\"T\\u00fcrkiy\\u0259 Prezidenti R\\u0259c\\u0259b Tayyib \\u018frdo\\u011fan bug\\u00fcnk\\u00fc t\\u0259dbird\\u0259 \\u00e7\\u0131x\\u0131\\u015f\\u0131 zaman\\u0131 deyib: \\\"Onun ad\\u0131n\\u0131 \\u00e7\\u0259km\\u0259k ist\\u0259mir\\u0259m, amma m\\u0259cburam, \\u00e7\\u00fcnki \\u015f\\u0259xsim\\u0259 \\u00fcz tutub\\\". T\\u00fcrkiy\\u0259 prezidenti fransal\\u0131 h\\u0259mkar\\u0131 Emmanuel Makrona xitab\\u0259n s\\u00f6zl\\u0259rin\\u0259 bel\\u0259 davam edib: \\\"C\\u0259nab Makron, s\\u0259nin \\u015f\\u0259xs\\u0259n m\\u0259niml\\u0259 h\\u0259l\\u0259 \\u00e7ox s\\u0131x\\u0131nt\\u0131n olacaq. D\\u0259f\\u0259l\\u0259rl\\u0259 bunu s\\u0259n\\u0259 s\\u00f6yl\\u0259mi\\u015f\\u0259m, amma qulaq asm\\u0131rsan... Tarixd\\u0259n bilgin yoxdur, t\\u00fcrk mill\\u0259tiyl\\u0259 m\\u0259\\u015f\\u011ful olma. Afrikan\\u0131n tarixi\",\"inLanguage\":\"ru-RU\",\"isPartOf\":{\"@id\":\"https:\\\/\\\/fedai.az\\\/#website\"},\"breadcrumb\":{\"@id\":\"https:\\\/\\\/fedai.az\\\/?p=15745#breadcrumblist\"},\"author\":{\"@id\":\"https:\\\/\\\/fedai.az\\\/?author=2#author\"},\"creator\":{\"@id\":\"https:\\\/\\\/fedai.az\\\/?author=2#author\"},\"image\":{\"@type\":\"ImageObject\",\"url\":\"https:\\\/\\\/fedai.az\\\/wp-content\\\/uploads\\\/2020\\\/09\\\/5f46f20dae5ac97df25c278c.jpg\",\"@id\":\"https:\\\/\\\/fedai.az\\\/?p=15745\\\/#mainImage\",\"width\":827,\"height\":465},\"primaryImageOfPage\":{\"@id\":\"https:\\\/\\\/fedai.az\\\/?p=15745#mainImage\"},\"datePublished\":\"2020-09-16T08:58:58+04:00\",\"dateModified\":\"2020-09-16T08:58:59+04:00\"},{\"@type\":\"WebSite\",\"@id\":\"https:\\\/\\\/fedai.az\\\/#website\",\"url\":\"https:\\\/\\\/fedai.az\\\/\",\"name\":\"\\\"F\\u0259dai\\\" q\\u0259zeti\",\"description\":\"Az\\u0259rbaycan V\\u0259t\\u0259n M\\u00fcharib\\u0259si Veteranlar\\u0131 \\u0130ctimai Birliyi\",\"inLanguage\":\"ru-RU\",\"publisher\":{\"@id\":\"https:\\\/\\\/fedai.az\\\/#organization\"}}]}\n\t\t<\/script>\n\t\t<!-- All in One SEO -->\n\n","aioseo_head_json":{"title":"\u018frdo\u011fan Makronu yerd\u0259n yer\u0259 vurdu | \"F\u0259dai\" q\u0259zeti","description":"T\u00fcrkiy\u0259 Prezidenti R\u0259c\u0259b Tayyib \u018frdo\u011fan bug\u00fcnk\u00fc t\u0259dbird\u0259 \u00e7\u0131x\u0131\u015f\u0131 zaman\u0131 deyib: \"Onun ad\u0131n\u0131 \u00e7\u0259km\u0259k ist\u0259mir\u0259m, amma m\u0259cburam, \u00e7\u00fcnki \u015f\u0259xsim\u0259 \u00fcz tutub\". T\u00fcrkiy\u0259 prezidenti fransal\u0131 h\u0259mkar\u0131 Emmanuel Makrona xitab\u0259n s\u00f6zl\u0259rin\u0259 bel\u0259 davam edib: \"C\u0259nab Makron, s\u0259nin \u015f\u0259xs\u0259n m\u0259niml\u0259 h\u0259l\u0259 \u00e7ox s\u0131x\u0131nt\u0131n olacaq. D\u0259f\u0259l\u0259rl\u0259 bunu s\u0259n\u0259 s\u00f6yl\u0259mi\u015f\u0259m, amma qulaq asm\u0131rsan... Tarixd\u0259n bilgin yoxdur, t\u00fcrk mill\u0259tiyl\u0259 m\u0259\u015f\u011ful olma. Afrikan\u0131n tarixi","canonical_url":"https:\/\/fedai.az\/?p=15745","robots":"max-image-preview:large","keywords":"","webmasterTools":{"miscellaneous":""},"schema":{"@context":"https:\/\/schema.org","@graph":[{"@type":"Article","@id":"https:\/\/fedai.az\/?p=15745#article","name":"\u018frdo\u011fan Makronu yerd\u0259n yer\u0259 vurdu | \"F\u0259dai\" q\u0259zeti","headline":"\u018frdo\u011fan Makronu yerd\u0259n yer\u0259 vurdu","author":{"@id":"https:\/\/fedai.az\/?author=2#author"},"publisher":{"@id":"https:\/\/fedai.az\/#organization"},"image":{"@type":"ImageObject","url":"https:\/\/fedai.az\/wp-content\/uploads\/2020\/09\/5f46f20dae5ac97df25c278c.jpg","width":827,"height":465},"datePublished":"2020-09-16T08:58:58+04:00","dateModified":"2020-09-16T08:58:59+04:00","inLanguage":"ru-RU","mainEntityOfPage":{"@id":"https:\/\/fedai.az\/?p=15745#webpage"},"isPartOf":{"@id":"https:\/\/fedai.az\/?p=15745#webpage"},"articleSection":"Siyas\u0259t"},{"@type":"BreadcrumbList","@id":"https:\/\/fedai.az\/?p=15745#breadcrumblist","itemListElement":[{"@type":"ListItem","@id":"https:\/\/fedai.az#listItem","position":1,"name":"Home","item":"https:\/\/fedai.az","nextItem":{"@type":"ListItem","@id":"https:\/\/fedai.az\/?cat=1#listItem","name":"Siyas\u0259t"}},{"@type":"ListItem","@id":"https:\/\/fedai.az\/?cat=1#listItem","position":2,"name":"Siyas\u0259t","item":"https:\/\/fedai.az\/?cat=1","nextItem":{"@type":"ListItem","@id":"https:\/\/fedai.az\/?p=15745#listItem","name":"\u018frdo\u011fan Makronu yerd\u0259n yer\u0259 vurdu"},"previousItem":{"@type":"ListItem","@id":"https:\/\/fedai.az#listItem","name":"Home"}},{"@type":"ListItem","@id":"https:\/\/fedai.az\/?p=15745#listItem","position":3,"name":"\u018frdo\u011fan Makronu yerd\u0259n yer\u0259 vurdu","previousItem":{"@type":"ListItem","@id":"https:\/\/fedai.az\/?cat=1#listItem","name":"Siyas\u0259t"}}]},{"@type":"Organization","@id":"https:\/\/fedai.az\/#organization","name":"\"F\u0259dai\" q\u0259zeti","description":"Az\u0259rbaycan V\u0259t\u0259n M\u00fcharib\u0259si Veteranlar\u0131 \u0130ctimai Birliyi","url":"https:\/\/fedai.az\/","logo":{"@type":"ImageObject","url":"https:\/\/fedai.az\/wp-content\/uploads\/2022\/09\/logo3.png","@id":"https:\/\/fedai.az\/?p=15745\/#organizationLogo","width":500,"height":100},"image":{"@id":"https:\/\/fedai.az\/?p=15745\/#organizationLogo"},"sameAs":["https:\/\/instagram.com\/fedai.az","https:\/\/pinterest.com\/fedai.az","https:\/\/youtube.com\/fedai.az","https:\/\/linkedin.com\/in\/fedai.az"]},{"@type":"Person","@id":"https:\/\/fedai.az\/?author=2#author","url":"https:\/\/fedai.az\/?author=2","name":"www.Fedai.az","image":{"@type":"ImageObject","@id":"https:\/\/fedai.az\/?p=15745#authorImage","url":"https:\/\/secure.gravatar.com\/avatar\/d861e138a4bd3ce6812a7aa95e796aa05e165f28ecde9a972c6789a09fcd1daa?s=96&d=mm&r=g","width":96,"height":96,"caption":"www.Fedai.az"}},{"@type":"WebPage","@id":"https:\/\/fedai.az\/?p=15745#webpage","url":"https:\/\/fedai.az\/?p=15745","name":"\u018frdo\u011fan Makronu yerd\u0259n yer\u0259 vurdu | \"F\u0259dai\" q\u0259zeti","description":"T\u00fcrkiy\u0259 Prezidenti R\u0259c\u0259b Tayyib \u018frdo\u011fan bug\u00fcnk\u00fc t\u0259dbird\u0259 \u00e7\u0131x\u0131\u015f\u0131 zaman\u0131 deyib: \"Onun ad\u0131n\u0131 \u00e7\u0259km\u0259k ist\u0259mir\u0259m, amma m\u0259cburam, \u00e7\u00fcnki \u015f\u0259xsim\u0259 \u00fcz tutub\". T\u00fcrkiy\u0259 prezidenti fransal\u0131 h\u0259mkar\u0131 Emmanuel Makrona xitab\u0259n s\u00f6zl\u0259rin\u0259 bel\u0259 davam edib: \"C\u0259nab Makron, s\u0259nin \u015f\u0259xs\u0259n m\u0259niml\u0259 h\u0259l\u0259 \u00e7ox s\u0131x\u0131nt\u0131n olacaq. D\u0259f\u0259l\u0259rl\u0259 bunu s\u0259n\u0259 s\u00f6yl\u0259mi\u015f\u0259m, amma qulaq asm\u0131rsan... Tarixd\u0259n bilgin yoxdur, t\u00fcrk mill\u0259tiyl\u0259 m\u0259\u015f\u011ful olma. Afrikan\u0131n tarixi","inLanguage":"ru-RU","isPartOf":{"@id":"https:\/\/fedai.az\/#website"},"breadcrumb":{"@id":"https:\/\/fedai.az\/?p=15745#breadcrumblist"},"author":{"@id":"https:\/\/fedai.az\/?author=2#author"},"creator":{"@id":"https:\/\/fedai.az\/?author=2#author"},"image":{"@type":"ImageObject","url":"https:\/\/fedai.az\/wp-content\/uploads\/2020\/09\/5f46f20dae5ac97df25c278c.jpg","@id":"https:\/\/fedai.az\/?p=15745\/#mainImage","width":827,"height":465},"primaryImageOfPage":{"@id":"https:\/\/fedai.az\/?p=15745#mainImage"},"datePublished":"2020-09-16T08:58:58+04:00","dateModified":"2020-09-16T08:58:59+04:00"},{"@type":"WebSite","@id":"https:\/\/fedai.az\/#website","url":"https:\/\/fedai.az\/","name":"\"F\u0259dai\" q\u0259zeti","description":"Az\u0259rbaycan V\u0259t\u0259n M\u00fcharib\u0259si Veteranlar\u0131 \u0130ctimai Birliyi","inLanguage":"ru-RU","publisher":{"@id":"https:\/\/fedai.az\/#organization"}}]},"og:locale":"ru_RU","og:site_name":"&quot;F\u0259dai&quot; q\u0259zeti","og:type":"article","og:title":"\u018frdo\u011fan Makronu yerd\u0259n yer\u0259 vurdu | &quot;F\u0259dai&quot; q\u0259zeti","og:description":"T\u00fcrkiy\u0259 Prezidenti R\u0259c\u0259b Tayyib \u018frdo\u011fan bug\u00fcnk\u00fc t\u0259dbird\u0259 \u00e7\u0131x\u0131\u015f\u0131 zaman\u0131 deyib: &quot;Onun ad\u0131n\u0131 \u00e7\u0259km\u0259k ist\u0259mir\u0259m, amma m\u0259cburam, \u00e7\u00fcnki \u015f\u0259xsim\u0259 \u00fcz tutub&quot;. T\u00fcrkiy\u0259 prezidenti fransal\u0131 h\u0259mkar\u0131 Emmanuel Makrona xitab\u0259n s\u00f6zl\u0259rin\u0259 bel\u0259 davam edib: &quot;C\u0259nab Makron, s\u0259nin \u015f\u0259xs\u0259n m\u0259niml\u0259 h\u0259l\u0259 \u00e7ox s\u0131x\u0131nt\u0131n olacaq. D\u0259f\u0259l\u0259rl\u0259 bunu s\u0259n\u0259 s\u00f6yl\u0259mi\u015f\u0259m, amma qulaq asm\u0131rsan... Tarixd\u0259n bilgin yoxdur, t\u00fcrk mill\u0259tiyl\u0259 m\u0259\u015f\u011ful olma. Afrikan\u0131n tarixi","og:url":"https:\/\/fedai.az\/?p=15745","fb:app_id":"696809432257740","og:image":"https:\/\/fedai.az\/wp-content\/uploads\/2020\/09\/5f46f20dae5ac97df25c278c.jpg","og:image:secure_url":"https:\/\/fedai.az\/wp-content\/uploads\/2020\/09\/5f46f20dae5ac97df25c278c.jpg","og:image:width":827,"og:image:height":465,"article:published_time":"2020-09-16T04:58:58+00:00","article:modified_time":"2020-09-16T04:58:59+00:00","article:publisher":"https:\/\/facebook.com\/fedai.az","twitter:card":"summary","twitter:site":"@fedai.az","twitter:title":"\u018frdo\u011fan Makronu yerd\u0259n yer\u0259 vurdu | &quot;F\u0259dai&quot; q\u0259zeti","twitter:description":"T\u00fcrkiy\u0259 Prezidenti R\u0259c\u0259b Tayyib \u018frdo\u011fan bug\u00fcnk\u00fc t\u0259dbird\u0259 \u00e7\u0131x\u0131\u015f\u0131 zaman\u0131 deyib: &quot;Onun ad\u0131n\u0131 \u00e7\u0259km\u0259k ist\u0259mir\u0259m, amma m\u0259cburam, \u00e7\u00fcnki \u015f\u0259xsim\u0259 \u00fcz tutub&quot;. T\u00fcrkiy\u0259 prezidenti fransal\u0131 h\u0259mkar\u0131 Emmanuel Makrona xitab\u0259n s\u00f6zl\u0259rin\u0259 bel\u0259 davam edib: &quot;C\u0259nab Makron, s\u0259nin \u015f\u0259xs\u0259n m\u0259niml\u0259 h\u0259l\u0259 \u00e7ox s\u0131x\u0131nt\u0131n olacaq. D\u0259f\u0259l\u0259rl\u0259 bunu s\u0259n\u0259 s\u00f6yl\u0259mi\u015f\u0259m, amma qulaq asm\u0131rsan... Tarixd\u0259n bilgin yoxdur, t\u00fcrk mill\u0259tiyl\u0259 m\u0259\u015f\u011ful olma. Afrikan\u0131n tarixi","twitter:image":"https:\/\/fedai.az\/wp-content\/uploads\/2020\/09\/5f46f20dae5ac97df25c278c.jpg"},"aioseo_meta_data":{"post_id":"15745","title":null,"description":null,"keywords":null,"keyphrases":null,"primary_term":null,"canonical_url":null,"og_title":null,"og_description":null,"og_object_type":"default","og_image_type":"default","og_image_url":null,"og_image_width":null,"og_image_height":null,"og_image_custom_url":null,"og_image_custom_fields":null,"og_video":null,"og_custom_url":null,"og_article_section":null,"og_article_tags":null,"twitter_use_og":false,"twitter_card":"default","twitter_image_type":"default","twitter_image_url":null,"twitter_image_custom_url":null,"twitter_image_custom_fields":null,"twitter_title":null,"twitter_description":null,"schema":{"blockGraphs":[],"customGraphs":[],"default":{"data":{"Article":[],"Course":[],"Dataset":[],"FAQPage":[],"Movie":[],"Person":[],"Product":[],"ProductReview":[],"Car":[],"Recipe":[],"Service":[],"SoftwareApplication":[],"WebPage":[]},"graphName":"Article","isEnabled":true},"graphs":[]},"schema_type":null,"schema_type_options":null,"pillar_content":false,"robots_default":true,"robots_noindex":false,"robots_noarchive":false,"robots_nosnippet":false,"robots_nofollow":false,"robots_noimageindex":false,"robots_noodp":false,"robots_notranslate":false,"robots_max_snippet":null,"robots_max_videopreview":null,"robots_max_imagepreview":"large","priority":null,"frequency":null,"local_seo":null,"breadcrumb_settings":null,"limit_modified_date":false,"ai":null,"created":"2021-07-04 19:14:47","updated":"2025-06-07 17:13:22","seo_analyzer_scan_date":null,"focus_keyword":null,"additional_keywords":null,"truseo_locale":null},"aioseo_breadcrumb":"<div class=\"aioseo-breadcrumbs\"><span class=\"aioseo-breadcrumb\">\n\t\t\t<a href=\"https:\/\/fedai.az\" title=\"Home\">Home<\/a>\n\t\t<\/span><span class=\"aioseo-breadcrumb-separator\">\u00bb<\/span><span class=\"aioseo-breadcrumb\">\n\t\t\t<a href=\"https:\/\/fedai.az\/?cat=1\" title=\"Siyas\u0259t\">Siyas\u0259t<\/a>\n\t\t<\/span><span class=\"aioseo-breadcrumb-separator\">\u00bb<\/span><span class=\"aioseo-breadcrumb\">\n\t\t\t\u018frdo\u011fan Makronu yerd\u0259n yer\u0259 vurdu\n\t\t<\/span><\/div>","aioseo_breadcrumb_json":[{"label":"Home","link":"https:\/\/fedai.az"},{"label":"Siyas\u0259t","link":"https:\/\/fedai.az\/?cat=1"},{"label":"\u018frdo\u011fan Makronu yerd\u0259n yer\u0259 vurdu","link":"https:\/\/fedai.az\/?p=15745"}],"_links":{"self":[{"href":"https:\/\/fedai.az\/index.php?rest_route=\/wp\/v2\/posts\/15745","targetHints":{"allow":["GET"]}}],"collection":[{"href":"https:\/\/fedai.az\/index.php?rest_route=\/wp\/v2\/posts"}],"about":[{"href":"https:\/\/fedai.az\/index.php?rest_route=\/wp\/v2\/types\/post"}],"author":[{"embeddable":true,"href":"https:\/\/fedai.az\/index.php?rest_route=\/wp\/v2\/users\/2"}],"replies":[{"embeddable":true,"href":"https:\/\/fedai.az\/index.php?rest_route=%2Fwp%2Fv2%2Fcomments&post=15745"}],"version-history":[{"count":1,"href":"https:\/\/fedai.az\/index.php?rest_route=\/wp\/v2\/posts\/15745\/revisions"}],"predecessor-version":[{"id":15747,"href":"https:\/\/fedai.az\/index.php?rest_route=\/wp\/v2\/posts\/15745\/revisions\/15747"}],"wp:featuredmedia":[{"embeddable":true,"href":"https:\/\/fedai.az\/index.php?rest_route=\/wp\/v2\/media\/15746"}],"wp:attachment":[{"href":"https:\/\/fedai.az\/index.php?rest_route=%2Fwp%2Fv2%2Fmedia&parent=15745"}],"wp:term":[{"taxonomy":"category","embeddable":true,"href":"https:\/\/fedai.az\/index.php?rest_route=%2Fwp%2Fv2%2Fcategories&post=15745"},{"taxonomy":"post_tag","embeddable":true,"href":"https:\/\/fedai.az\/index.php?rest_route=%2Fwp%2Fv2%2Ftags&post=15745"}],"curies":[{"name":"wp","href":"https:\/\/api.w.org\/{rel}","templated":true}]}}