{"id":16014,"date":"2020-09-21T01:43:01","date_gmt":"2020-09-20T21:43:01","guid":{"rendered":"https:\/\/fedai.az\/?p=16014"},"modified":"2020-09-21T01:43:05","modified_gmt":"2020-09-20T21:43:05","slug":"abs-araliq-d%c9%99nizin%c9%99-can-atsa-da-araliqda-qalacaq","status":"publish","type":"post","link":"https:\/\/fedai.az\/?p=16014","title":{"rendered":"AB\u015e Aral\u0131q d\u0259nizin\u0259 can atsa da, aral\u0131qda qalacaq&#8230;"},"content":{"rendered":"\n<p class=\"wp-block-paragraph\"><strong>Qarda\u015f T\u00fcrkiy\u0259nin \u0259traf\u0131nda ba\u015f ver\u0259n hadis\u0259l\u0259r s\u0131ras\u0131nda AB\u015e boy g\u00f6st\u0259rm\u0259kd\u0259dir. Al\u0131nan m\u0259lumata g\u00f6r\u0259, AB\u015e-a m\u0259xsus alt\u0131 F-16 tipli d\u00f6y\u00fc\u015f t\u0259yyar\u0259si Bolqar\u0131standak\u0131 \u201cGraf \u0130gnatievo\u201d H\u0259rbi Hava Bazas\u0131nda yerl\u0259\u015fdirilib.<\/strong><\/p>\n\n\n\n<p class=\"wp-block-paragraph\"><br>Bolqar\u0131stana g\u00f6nd\u0259ril\u0259n t\u0259yyar\u0259l\u0259r \u015e\u0259rqi Aral\u0131q d\u0259nizind\u0259 Yunan\u0131stan t\u0259r\u0259fd\u0259 yer alan AB\u015e-a aid reaktivl\u0259rdir.<\/p>\n\n\n\n<p class=\"wp-block-paragraph\"><br>AB\u015e d\u00f6y\u00fc\u015f t\u0259yyar\u0259l\u0259ri \u0130taliyan\u0131n \u201cAviano\u201d Bazas\u0131ndan Bolqar\u0131stana g\u0259tirilib.<\/p>\n\n\n\n<p class=\"wp-block-paragraph\"><br>T\u0259yyar\u0259l\u0259rin Bolqar\u0131stan\u0131n hava m\u0259kan\u0131n\u0131 qorumaqla yana\u015f\u0131, 26-30 oktyabr tarixl\u0259rind\u0259 ke\u00e7iril\u0259c\u0259k t\u0259liml\u0259rd\u0259 i\u015ftirak ed\u0259c\u0259yi bildirilir.<\/p>\n\n\n\n<p class=\"wp-block-paragraph\"><br>Qeyd ed\u0259k ki, Bolqar\u0131stan H\u0259rbi Hava Q\u00fcvv\u0259l\u0259ri Rusiya istehsal\u0131 olan &#171;M\u0130Q&#187; tipli d\u00f6y\u00fc\u015f t\u0259yyar\u0259l\u0259rind\u0259n istifad\u0259 edirdi.<br><\/p>\n\n\n\n<p class=\"wp-block-paragraph\">Bununla yana\u015f\u0131 Yunan\u0131stan v\u0259 AB\u015e ordusu T\u00fcrkiy\u0259 s\u0259rh\u0259dinin 100 kilometrliyind\u0259 h\u0259rbi t\u0259liml\u0259r ke\u00e7irib.<\/p>\n\n\n\n<p class=\"wp-block-paragraph\"><br>T\u0259liml\u0259r\u0259 AB\u015e Silahl\u0131 Q\u00fcvv\u0259l\u0259rinin Avropadak\u0131 birliyin\u0259 (United States Army Europe) ba\u011fl\u0131 tank batareyalar\u0131 qat\u0131l\u0131b.<\/p>\n\n\n\n<p class=\"wp-block-paragraph\"><br>14-18 sentyabr tarixind\u0259 ke\u00e7iril\u0259n t\u0259liml\u0259rd\u0259 AB\u015e-\u0131n M1A2 ABRAMS tanklar\u0131, Yunan\u0131stan\u0131n is\u0259 Leopard 2A6 HEL tanklar\u0131 at\u0131\u015flar h\u0259yata ke\u00e7irib.<\/p>\n\n\n\n<p class=\"wp-block-paragraph\"><br>Xat\u0131rladaq ki, bu t\u0259liml\u0259r \u015e\u0259rqi Aral\u0131q d\u0259nizind\u0259 T\u00fcrkiy\u0259-Yunan\u0131stan g\u0259rginliyi fonunda diqq\u0259t \u00e7\u0259kir. AB\u015e Aral\u0131q d\u0259nizind\u0259 t\u0259r\u0259f se\u00e7m\u0259k niyy\u0259tli olmas\u0131 g\u00f6r\u00fcn\u0259ndir. Lakin yana\u015fd\u0131\u011f\u0131 m\u00f6vqed\u0259n bax\u0131larsa, bu d\u0259f\u0259 d\u0259 AB\u015e aral\u0131qda qalaca\u011f\u0131 \u015f\u0259ksizdir&#8230;<\/p>\n\n\n\n<p class=\"wp-block-paragraph\"><strong>Elnur S\u0259lim<\/strong><\/p>\n","protected":false},"excerpt":{"rendered":"<p>Qarda\u015f T\u00fcrkiy\u0259nin \u0259traf\u0131nda ba\u015f ver\u0259n hadis\u0259l\u0259r s\u0131ras\u0131nda AB\u015e boy g\u00f6st\u0259rm\u0259kd\u0259dir. Al\u0131nan m\u0259lumata g\u00f6r\u0259, AB\u015e-a m\u0259xsus alt\u0131 F-16 tipli d\u00f6y\u00fc\u015f t\u0259yyar\u0259si Bolqar\u0131standak\u0131 \u201cGraf \u0130gnatievo\u201d H\u0259rbi<\/p>\n","protected":false},"author":2,"featured_media":16015,"comment_status":"closed","ping_status":"closed","sticky":false,"template":"","format":"standard","meta":{"footnotes":""},"categories":[13],"tags":[],"class_list":["post-16014","post","type-post","status-publish","format-standard","has-post-thumbnail","hentry","category-xarici"],"aioseo_notices":[],"aioseo_head":"\n\t\t<!-- All in One SEO 5.0.0.1 - aioseo.com -->\n\t<meta name=\"description\" content=\"Qarda\u015f T\u00fcrkiy\u0259nin \u0259traf\u0131nda ba\u015f ver\u0259n hadis\u0259l\u0259r s\u0131ras\u0131nda AB\u015e boy g\u00f6st\u0259rm\u0259kd\u0259dir. Al\u0131nan m\u0259lumata g\u00f6r\u0259, AB\u015e-a m\u0259xsus alt\u0131 F-16 tipli d\u00f6y\u00fc\u015f t\u0259yyar\u0259si Bolqar\u0131standak\u0131 \u201cGraf \u0130gnatievo\u201d H\u0259rbi Hava Bazas\u0131nda yerl\u0259\u015fdirilib. Bolqar\u0131stana g\u00f6nd\u0259ril\u0259n t\u0259yyar\u0259l\u0259r \u015e\u0259rqi Aral\u0131q d\u0259nizind\u0259 Yunan\u0131stan t\u0259r\u0259fd\u0259 yer alan AB\u015e-a aid reaktivl\u0259rdir. AB\u015e d\u00f6y\u00fc\u015f t\u0259yyar\u0259l\u0259ri \u0130taliyan\u0131n \u201cAviano\u201d Bazas\u0131ndan Bolqar\u0131stana g\u0259tirilib. T\u0259yyar\u0259l\u0259rin Bolqar\u0131stan\u0131n hava m\u0259kan\u0131n\u0131 qorumaqla yana\u015f\u0131, 26-30\" \/>\n\t<meta name=\"robots\" content=\"max-image-preview:large\" \/>\n\t<meta name=\"author\" content=\"www.Fedai.az\"\/>\n\t<link rel=\"canonical\" href=\"https:\/\/fedai.az\/?p=16014\" \/>\n\t<meta name=\"generator\" content=\"All in One SEO (AIOSEO) 5.0.0.1\" \/>\n\t\t<meta property=\"og:locale\" content=\"ru_RU\" \/>\n\t\t<meta property=\"og:site_name\" content=\"&quot;F\u0259dai&quot; q\u0259zeti\" \/>\n\t\t<meta property=\"og:type\" content=\"article\" \/>\n\t\t<meta property=\"og:title\" content=\"AB\u015e Aral\u0131q d\u0259nizin\u0259 can atsa da, aral\u0131qda qalacaq\u2026 | &quot;F\u0259dai&quot; q\u0259zeti\" \/>\n\t\t<meta property=\"og:description\" content=\"Qarda\u015f T\u00fcrkiy\u0259nin \u0259traf\u0131nda ba\u015f ver\u0259n hadis\u0259l\u0259r s\u0131ras\u0131nda AB\u015e boy g\u00f6st\u0259rm\u0259kd\u0259dir. Al\u0131nan m\u0259lumata g\u00f6r\u0259, AB\u015e-a m\u0259xsus alt\u0131 F-16 tipli d\u00f6y\u00fc\u015f t\u0259yyar\u0259si Bolqar\u0131standak\u0131 \u201cGraf \u0130gnatievo\u201d H\u0259rbi Hava Bazas\u0131nda yerl\u0259\u015fdirilib. Bolqar\u0131stana g\u00f6nd\u0259ril\u0259n t\u0259yyar\u0259l\u0259r \u015e\u0259rqi Aral\u0131q d\u0259nizind\u0259 Yunan\u0131stan t\u0259r\u0259fd\u0259 yer alan AB\u015e-a aid reaktivl\u0259rdir. AB\u015e d\u00f6y\u00fc\u015f t\u0259yyar\u0259l\u0259ri \u0130taliyan\u0131n \u201cAviano\u201d Bazas\u0131ndan Bolqar\u0131stana g\u0259tirilib. T\u0259yyar\u0259l\u0259rin Bolqar\u0131stan\u0131n hava m\u0259kan\u0131n\u0131 qorumaqla yana\u015f\u0131, 26-30\" \/>\n\t\t<meta property=\"og:url\" content=\"https:\/\/fedai.az\/?p=16014\" \/>\n\t\t<meta property=\"fb:app_id\" content=\"696809432257740\" \/>\n\t\t<meta property=\"og:image\" content=\"https:\/\/fedai.az\/wp-content\/uploads\/2020\/09\/tan-.jpg\" \/>\n\t\t<meta property=\"og:image:secure_url\" content=\"https:\/\/fedai.az\/wp-content\/uploads\/2020\/09\/tan-.jpg\" \/>\n\t\t<meta property=\"og:image:width\" content=\"800\" \/>\n\t\t<meta property=\"og:image:height\" content=\"450\" \/>\n\t\t<meta property=\"article:published_time\" content=\"2020-09-20T21:43:01+00:00\" \/>\n\t\t<meta property=\"article:modified_time\" content=\"2020-09-20T21:43:05+00:00\" \/>\n\t\t<meta property=\"article:publisher\" content=\"https:\/\/facebook.com\/fedai.az\" \/>\n\t\t<meta name=\"twitter:card\" content=\"summary\" \/>\n\t\t<meta name=\"twitter:site\" content=\"@fedai.az\" \/>\n\t\t<meta name=\"twitter:title\" content=\"AB\u015e Aral\u0131q d\u0259nizin\u0259 can atsa da, aral\u0131qda qalacaq\u2026 | &quot;F\u0259dai&quot; q\u0259zeti\" \/>\n\t\t<meta name=\"twitter:description\" content=\"Qarda\u015f T\u00fcrkiy\u0259nin \u0259traf\u0131nda ba\u015f ver\u0259n hadis\u0259l\u0259r s\u0131ras\u0131nda AB\u015e boy g\u00f6st\u0259rm\u0259kd\u0259dir. Al\u0131nan m\u0259lumata g\u00f6r\u0259, AB\u015e-a m\u0259xsus alt\u0131 F-16 tipli d\u00f6y\u00fc\u015f t\u0259yyar\u0259si Bolqar\u0131standak\u0131 \u201cGraf \u0130gnatievo\u201d H\u0259rbi Hava Bazas\u0131nda yerl\u0259\u015fdirilib. Bolqar\u0131stana g\u00f6nd\u0259ril\u0259n t\u0259yyar\u0259l\u0259r \u015e\u0259rqi Aral\u0131q d\u0259nizind\u0259 Yunan\u0131stan t\u0259r\u0259fd\u0259 yer alan AB\u015e-a aid reaktivl\u0259rdir. AB\u015e d\u00f6y\u00fc\u015f t\u0259yyar\u0259l\u0259ri \u0130taliyan\u0131n \u201cAviano\u201d Bazas\u0131ndan Bolqar\u0131stana g\u0259tirilib. T\u0259yyar\u0259l\u0259rin Bolqar\u0131stan\u0131n hava m\u0259kan\u0131n\u0131 qorumaqla yana\u015f\u0131, 26-30\" \/>\n\t\t<meta name=\"twitter:image\" content=\"https:\/\/fedai.az\/wp-content\/uploads\/2020\/09\/tan-.jpg\" \/>\n\t\t<script type=\"application\/ld+json\" class=\"aioseo-schema\">\n\t\t\t{\"@context\":\"https:\\\/\\\/schema.org\",\"@graph\":[{\"@type\":\"Article\",\"@id\":\"https:\\\/\\\/fedai.az\\\/?p=16014#article\",\"name\":\"AB\\u015e Aral\\u0131q d\\u0259nizin\\u0259 can atsa da, aral\\u0131qda qalacaq\\u2026 | \\\"F\\u0259dai\\\" q\\u0259zeti\",\"headline\":\"AB\\u015e Aral\\u0131q d\\u0259nizin\\u0259 can atsa da, aral\\u0131qda qalacaq&#8230;\",\"author\":{\"@id\":\"https:\\\/\\\/fedai.az\\\/?author=2#author\"},\"publisher\":{\"@id\":\"https:\\\/\\\/fedai.az\\\/#organization\"},\"image\":{\"@type\":\"ImageObject\",\"url\":\"https:\\\/\\\/fedai.az\\\/wp-content\\\/uploads\\\/2020\\\/09\\\/tan-.jpg\",\"width\":800,\"height\":450},\"datePublished\":\"2020-09-21T01:43:01+04:00\",\"dateModified\":\"2020-09-21T01:43:05+04:00\",\"inLanguage\":\"ru-RU\",\"mainEntityOfPage\":{\"@id\":\"https:\\\/\\\/fedai.az\\\/?p=16014#webpage\"},\"isPartOf\":{\"@id\":\"https:\\\/\\\/fedai.az\\\/?p=16014#webpage\"},\"articleSection\":\"Xarici x\\u0259b\\u0259rl\\u0259r\"},{\"@type\":\"BreadcrumbList\",\"@id\":\"https:\\\/\\\/fedai.az\\\/?p=16014#breadcrumblist\",\"itemListElement\":[{\"@type\":\"ListItem\",\"@id\":\"https:\\\/\\\/fedai.az#listItem\",\"position\":1,\"name\":\"Home\",\"item\":\"https:\\\/\\\/fedai.az\",\"nextItem\":{\"@type\":\"ListItem\",\"@id\":\"https:\\\/\\\/fedai.az\\\/?cat=13#listItem\",\"name\":\"Xarici x\\u0259b\\u0259rl\\u0259r\"}},{\"@type\":\"ListItem\",\"@id\":\"https:\\\/\\\/fedai.az\\\/?cat=13#listItem\",\"position\":2,\"name\":\"Xarici x\\u0259b\\u0259rl\\u0259r\",\"item\":\"https:\\\/\\\/fedai.az\\\/?cat=13\",\"nextItem\":{\"@type\":\"ListItem\",\"@id\":\"https:\\\/\\\/fedai.az\\\/?p=16014#listItem\",\"name\":\"AB\\u015e Aral\\u0131q d\\u0259nizin\\u0259 can atsa da, aral\\u0131qda qalacaq&#8230;\"},\"previousItem\":{\"@type\":\"ListItem\",\"@id\":\"https:\\\/\\\/fedai.az#listItem\",\"name\":\"Home\"}},{\"@type\":\"ListItem\",\"@id\":\"https:\\\/\\\/fedai.az\\\/?p=16014#listItem\",\"position\":3,\"name\":\"AB\\u015e Aral\\u0131q d\\u0259nizin\\u0259 can atsa da, aral\\u0131qda qalacaq&#8230;\",\"previousItem\":{\"@type\":\"ListItem\",\"@id\":\"https:\\\/\\\/fedai.az\\\/?cat=13#listItem\",\"name\":\"Xarici x\\u0259b\\u0259rl\\u0259r\"}}]},{\"@type\":\"Organization\",\"@id\":\"https:\\\/\\\/fedai.az\\\/#organization\",\"name\":\"\\\"F\\u0259dai\\\" q\\u0259zeti\",\"description\":\"Az\\u0259rbaycan V\\u0259t\\u0259n M\\u00fcharib\\u0259si Veteranlar\\u0131 \\u0130ctimai Birliyi\",\"url\":\"https:\\\/\\\/fedai.az\\\/\",\"logo\":{\"@type\":\"ImageObject\",\"url\":\"https:\\\/\\\/fedai.az\\\/wp-content\\\/uploads\\\/2022\\\/09\\\/logo3.png\",\"@id\":\"https:\\\/\\\/fedai.az\\\/?p=16014\\\/#organizationLogo\",\"width\":500,\"height\":100},\"image\":{\"@id\":\"https:\\\/\\\/fedai.az\\\/?p=16014\\\/#organizationLogo\"},\"sameAs\":[\"https:\\\/\\\/instagram.com\\\/fedai.az\",\"https:\\\/\\\/pinterest.com\\\/fedai.az\",\"https:\\\/\\\/youtube.com\\\/fedai.az\",\"https:\\\/\\\/linkedin.com\\\/in\\\/fedai.az\"]},{\"@type\":\"Person\",\"@id\":\"https:\\\/\\\/fedai.az\\\/?author=2#author\",\"url\":\"https:\\\/\\\/fedai.az\\\/?author=2\",\"name\":\"www.Fedai.az\",\"image\":{\"@type\":\"ImageObject\",\"@id\":\"https:\\\/\\\/fedai.az\\\/?p=16014#authorImage\",\"url\":\"https:\\\/\\\/secure.gravatar.com\\\/avatar\\\/d861e138a4bd3ce6812a7aa95e796aa05e165f28ecde9a972c6789a09fcd1daa?s=96&d=mm&r=g\",\"width\":96,\"height\":96,\"caption\":\"www.Fedai.az\"}},{\"@type\":\"WebPage\",\"@id\":\"https:\\\/\\\/fedai.az\\\/?p=16014#webpage\",\"url\":\"https:\\\/\\\/fedai.az\\\/?p=16014\",\"name\":\"AB\\u015e Aral\\u0131q d\\u0259nizin\\u0259 can atsa da, aral\\u0131qda qalacaq\\u2026 | \\\"F\\u0259dai\\\" q\\u0259zeti\",\"description\":\"Qarda\\u015f T\\u00fcrkiy\\u0259nin \\u0259traf\\u0131nda ba\\u015f ver\\u0259n hadis\\u0259l\\u0259r s\\u0131ras\\u0131nda AB\\u015e boy g\\u00f6st\\u0259rm\\u0259kd\\u0259dir. Al\\u0131nan m\\u0259lumata g\\u00f6r\\u0259, AB\\u015e-a m\\u0259xsus alt\\u0131 F-16 tipli d\\u00f6y\\u00fc\\u015f t\\u0259yyar\\u0259si Bolqar\\u0131standak\\u0131 \\u201cGraf \\u0130gnatievo\\u201d H\\u0259rbi Hava Bazas\\u0131nda yerl\\u0259\\u015fdirilib. Bolqar\\u0131stana g\\u00f6nd\\u0259ril\\u0259n t\\u0259yyar\\u0259l\\u0259r \\u015e\\u0259rqi Aral\\u0131q d\\u0259nizind\\u0259 Yunan\\u0131stan t\\u0259r\\u0259fd\\u0259 yer alan AB\\u015e-a aid reaktivl\\u0259rdir. AB\\u015e d\\u00f6y\\u00fc\\u015f t\\u0259yyar\\u0259l\\u0259ri \\u0130taliyan\\u0131n \\u201cAviano\\u201d Bazas\\u0131ndan Bolqar\\u0131stana g\\u0259tirilib. T\\u0259yyar\\u0259l\\u0259rin Bolqar\\u0131stan\\u0131n hava m\\u0259kan\\u0131n\\u0131 qorumaqla yana\\u015f\\u0131, 26-30\",\"inLanguage\":\"ru-RU\",\"isPartOf\":{\"@id\":\"https:\\\/\\\/fedai.az\\\/#website\"},\"breadcrumb\":{\"@id\":\"https:\\\/\\\/fedai.az\\\/?p=16014#breadcrumblist\"},\"author\":{\"@id\":\"https:\\\/\\\/fedai.az\\\/?author=2#author\"},\"creator\":{\"@id\":\"https:\\\/\\\/fedai.az\\\/?author=2#author\"},\"image\":{\"@type\":\"ImageObject\",\"url\":\"https:\\\/\\\/fedai.az\\\/wp-content\\\/uploads\\\/2020\\\/09\\\/tan-.jpg\",\"@id\":\"https:\\\/\\\/fedai.az\\\/?p=16014\\\/#mainImage\",\"width\":800,\"height\":450},\"primaryImageOfPage\":{\"@id\":\"https:\\\/\\\/fedai.az\\\/?p=16014#mainImage\"},\"datePublished\":\"2020-09-21T01:43:01+04:00\",\"dateModified\":\"2020-09-21T01:43:05+04:00\"},{\"@type\":\"WebSite\",\"@id\":\"https:\\\/\\\/fedai.az\\\/#website\",\"url\":\"https:\\\/\\\/fedai.az\\\/\",\"name\":\"\\\"F\\u0259dai\\\" q\\u0259zeti\",\"description\":\"Az\\u0259rbaycan V\\u0259t\\u0259n M\\u00fcharib\\u0259si Veteranlar\\u0131 \\u0130ctimai Birliyi\",\"inLanguage\":\"ru-RU\",\"publisher\":{\"@id\":\"https:\\\/\\\/fedai.az\\\/#organization\"}}]}\n\t\t<\/script>\n\t\t<!-- All in One SEO -->\n\n","aioseo_head_json":{"title":"AB\u015e Aral\u0131q d\u0259nizin\u0259 can atsa da, aral\u0131qda qalacaq\u2026 | \"F\u0259dai\" q\u0259zeti","description":"Qarda\u015f T\u00fcrkiy\u0259nin \u0259traf\u0131nda ba\u015f ver\u0259n hadis\u0259l\u0259r s\u0131ras\u0131nda AB\u015e boy g\u00f6st\u0259rm\u0259kd\u0259dir. Al\u0131nan m\u0259lumata g\u00f6r\u0259, AB\u015e-a m\u0259xsus alt\u0131 F-16 tipli d\u00f6y\u00fc\u015f t\u0259yyar\u0259si Bolqar\u0131standak\u0131 \u201cGraf \u0130gnatievo\u201d H\u0259rbi Hava Bazas\u0131nda yerl\u0259\u015fdirilib. Bolqar\u0131stana g\u00f6nd\u0259ril\u0259n t\u0259yyar\u0259l\u0259r \u015e\u0259rqi Aral\u0131q d\u0259nizind\u0259 Yunan\u0131stan t\u0259r\u0259fd\u0259 yer alan AB\u015e-a aid reaktivl\u0259rdir. AB\u015e d\u00f6y\u00fc\u015f t\u0259yyar\u0259l\u0259ri \u0130taliyan\u0131n \u201cAviano\u201d Bazas\u0131ndan Bolqar\u0131stana g\u0259tirilib. T\u0259yyar\u0259l\u0259rin Bolqar\u0131stan\u0131n hava m\u0259kan\u0131n\u0131 qorumaqla yana\u015f\u0131, 26-30","canonical_url":"https:\/\/fedai.az\/?p=16014","robots":"max-image-preview:large","keywords":"","webmasterTools":{"miscellaneous":""},"schema":{"@context":"https:\/\/schema.org","@graph":[{"@type":"Article","@id":"https:\/\/fedai.az\/?p=16014#article","name":"AB\u015e Aral\u0131q d\u0259nizin\u0259 can atsa da, aral\u0131qda qalacaq\u2026 | \"F\u0259dai\" q\u0259zeti","headline":"AB\u015e Aral\u0131q d\u0259nizin\u0259 can atsa da, aral\u0131qda qalacaq&#8230;","author":{"@id":"https:\/\/fedai.az\/?author=2#author"},"publisher":{"@id":"https:\/\/fedai.az\/#organization"},"image":{"@type":"ImageObject","url":"https:\/\/fedai.az\/wp-content\/uploads\/2020\/09\/tan-.jpg","width":800,"height":450},"datePublished":"2020-09-21T01:43:01+04:00","dateModified":"2020-09-21T01:43:05+04:00","inLanguage":"ru-RU","mainEntityOfPage":{"@id":"https:\/\/fedai.az\/?p=16014#webpage"},"isPartOf":{"@id":"https:\/\/fedai.az\/?p=16014#webpage"},"articleSection":"Xarici x\u0259b\u0259rl\u0259r"},{"@type":"BreadcrumbList","@id":"https:\/\/fedai.az\/?p=16014#breadcrumblist","itemListElement":[{"@type":"ListItem","@id":"https:\/\/fedai.az#listItem","position":1,"name":"Home","item":"https:\/\/fedai.az","nextItem":{"@type":"ListItem","@id":"https:\/\/fedai.az\/?cat=13#listItem","name":"Xarici x\u0259b\u0259rl\u0259r"}},{"@type":"ListItem","@id":"https:\/\/fedai.az\/?cat=13#listItem","position":2,"name":"Xarici x\u0259b\u0259rl\u0259r","item":"https:\/\/fedai.az\/?cat=13","nextItem":{"@type":"ListItem","@id":"https:\/\/fedai.az\/?p=16014#listItem","name":"AB\u015e Aral\u0131q d\u0259nizin\u0259 can atsa da, aral\u0131qda qalacaq&#8230;"},"previousItem":{"@type":"ListItem","@id":"https:\/\/fedai.az#listItem","name":"Home"}},{"@type":"ListItem","@id":"https:\/\/fedai.az\/?p=16014#listItem","position":3,"name":"AB\u015e Aral\u0131q d\u0259nizin\u0259 can atsa da, aral\u0131qda qalacaq&#8230;","previousItem":{"@type":"ListItem","@id":"https:\/\/fedai.az\/?cat=13#listItem","name":"Xarici x\u0259b\u0259rl\u0259r"}}]},{"@type":"Organization","@id":"https:\/\/fedai.az\/#organization","name":"\"F\u0259dai\" q\u0259zeti","description":"Az\u0259rbaycan V\u0259t\u0259n M\u00fcharib\u0259si Veteranlar\u0131 \u0130ctimai Birliyi","url":"https:\/\/fedai.az\/","logo":{"@type":"ImageObject","url":"https:\/\/fedai.az\/wp-content\/uploads\/2022\/09\/logo3.png","@id":"https:\/\/fedai.az\/?p=16014\/#organizationLogo","width":500,"height":100},"image":{"@id":"https:\/\/fedai.az\/?p=16014\/#organizationLogo"},"sameAs":["https:\/\/instagram.com\/fedai.az","https:\/\/pinterest.com\/fedai.az","https:\/\/youtube.com\/fedai.az","https:\/\/linkedin.com\/in\/fedai.az"]},{"@type":"Person","@id":"https:\/\/fedai.az\/?author=2#author","url":"https:\/\/fedai.az\/?author=2","name":"www.Fedai.az","image":{"@type":"ImageObject","@id":"https:\/\/fedai.az\/?p=16014#authorImage","url":"https:\/\/secure.gravatar.com\/avatar\/d861e138a4bd3ce6812a7aa95e796aa05e165f28ecde9a972c6789a09fcd1daa?s=96&d=mm&r=g","width":96,"height":96,"caption":"www.Fedai.az"}},{"@type":"WebPage","@id":"https:\/\/fedai.az\/?p=16014#webpage","url":"https:\/\/fedai.az\/?p=16014","name":"AB\u015e Aral\u0131q d\u0259nizin\u0259 can atsa da, aral\u0131qda qalacaq\u2026 | \"F\u0259dai\" q\u0259zeti","description":"Qarda\u015f T\u00fcrkiy\u0259nin \u0259traf\u0131nda ba\u015f ver\u0259n hadis\u0259l\u0259r s\u0131ras\u0131nda AB\u015e boy g\u00f6st\u0259rm\u0259kd\u0259dir. Al\u0131nan m\u0259lumata g\u00f6r\u0259, AB\u015e-a m\u0259xsus alt\u0131 F-16 tipli d\u00f6y\u00fc\u015f t\u0259yyar\u0259si Bolqar\u0131standak\u0131 \u201cGraf \u0130gnatievo\u201d H\u0259rbi Hava Bazas\u0131nda yerl\u0259\u015fdirilib. Bolqar\u0131stana g\u00f6nd\u0259ril\u0259n t\u0259yyar\u0259l\u0259r \u015e\u0259rqi Aral\u0131q d\u0259nizind\u0259 Yunan\u0131stan t\u0259r\u0259fd\u0259 yer alan AB\u015e-a aid reaktivl\u0259rdir. AB\u015e d\u00f6y\u00fc\u015f t\u0259yyar\u0259l\u0259ri \u0130taliyan\u0131n \u201cAviano\u201d Bazas\u0131ndan Bolqar\u0131stana g\u0259tirilib. T\u0259yyar\u0259l\u0259rin Bolqar\u0131stan\u0131n hava m\u0259kan\u0131n\u0131 qorumaqla yana\u015f\u0131, 26-30","inLanguage":"ru-RU","isPartOf":{"@id":"https:\/\/fedai.az\/#website"},"breadcrumb":{"@id":"https:\/\/fedai.az\/?p=16014#breadcrumblist"},"author":{"@id":"https:\/\/fedai.az\/?author=2#author"},"creator":{"@id":"https:\/\/fedai.az\/?author=2#author"},"image":{"@type":"ImageObject","url":"https:\/\/fedai.az\/wp-content\/uploads\/2020\/09\/tan-.jpg","@id":"https:\/\/fedai.az\/?p=16014\/#mainImage","width":800,"height":450},"primaryImageOfPage":{"@id":"https:\/\/fedai.az\/?p=16014#mainImage"},"datePublished":"2020-09-21T01:43:01+04:00","dateModified":"2020-09-21T01:43:05+04:00"},{"@type":"WebSite","@id":"https:\/\/fedai.az\/#website","url":"https:\/\/fedai.az\/","name":"\"F\u0259dai\" q\u0259zeti","description":"Az\u0259rbaycan V\u0259t\u0259n M\u00fcharib\u0259si Veteranlar\u0131 \u0130ctimai Birliyi","inLanguage":"ru-RU","publisher":{"@id":"https:\/\/fedai.az\/#organization"}}]},"og:locale":"ru_RU","og:site_name":"&quot;F\u0259dai&quot; q\u0259zeti","og:type":"article","og:title":"AB\u015e Aral\u0131q d\u0259nizin\u0259 can atsa da, aral\u0131qda qalacaq\u2026 | &quot;F\u0259dai&quot; q\u0259zeti","og:description":"Qarda\u015f T\u00fcrkiy\u0259nin \u0259traf\u0131nda ba\u015f ver\u0259n hadis\u0259l\u0259r s\u0131ras\u0131nda AB\u015e boy g\u00f6st\u0259rm\u0259kd\u0259dir. Al\u0131nan m\u0259lumata g\u00f6r\u0259, AB\u015e-a m\u0259xsus alt\u0131 F-16 tipli d\u00f6y\u00fc\u015f t\u0259yyar\u0259si Bolqar\u0131standak\u0131 \u201cGraf \u0130gnatievo\u201d H\u0259rbi Hava Bazas\u0131nda yerl\u0259\u015fdirilib. Bolqar\u0131stana g\u00f6nd\u0259ril\u0259n t\u0259yyar\u0259l\u0259r \u015e\u0259rqi Aral\u0131q d\u0259nizind\u0259 Yunan\u0131stan t\u0259r\u0259fd\u0259 yer alan AB\u015e-a aid reaktivl\u0259rdir. AB\u015e d\u00f6y\u00fc\u015f t\u0259yyar\u0259l\u0259ri \u0130taliyan\u0131n \u201cAviano\u201d Bazas\u0131ndan Bolqar\u0131stana g\u0259tirilib. T\u0259yyar\u0259l\u0259rin Bolqar\u0131stan\u0131n hava m\u0259kan\u0131n\u0131 qorumaqla yana\u015f\u0131, 26-30","og:url":"https:\/\/fedai.az\/?p=16014","fb:app_id":"696809432257740","og:image":"https:\/\/fedai.az\/wp-content\/uploads\/2020\/09\/tan-.jpg","og:image:secure_url":"https:\/\/fedai.az\/wp-content\/uploads\/2020\/09\/tan-.jpg","og:image:width":800,"og:image:height":450,"article:published_time":"2020-09-20T21:43:01+00:00","article:modified_time":"2020-09-20T21:43:05+00:00","article:publisher":"https:\/\/facebook.com\/fedai.az","twitter:card":"summary","twitter:site":"@fedai.az","twitter:title":"AB\u015e Aral\u0131q d\u0259nizin\u0259 can atsa da, aral\u0131qda qalacaq\u2026 | &quot;F\u0259dai&quot; q\u0259zeti","twitter:description":"Qarda\u015f T\u00fcrkiy\u0259nin \u0259traf\u0131nda ba\u015f ver\u0259n hadis\u0259l\u0259r s\u0131ras\u0131nda AB\u015e boy g\u00f6st\u0259rm\u0259kd\u0259dir. Al\u0131nan m\u0259lumata g\u00f6r\u0259, AB\u015e-a m\u0259xsus alt\u0131 F-16 tipli d\u00f6y\u00fc\u015f t\u0259yyar\u0259si Bolqar\u0131standak\u0131 \u201cGraf \u0130gnatievo\u201d H\u0259rbi Hava Bazas\u0131nda yerl\u0259\u015fdirilib. Bolqar\u0131stana g\u00f6nd\u0259ril\u0259n t\u0259yyar\u0259l\u0259r \u015e\u0259rqi Aral\u0131q d\u0259nizind\u0259 Yunan\u0131stan t\u0259r\u0259fd\u0259 yer alan AB\u015e-a aid reaktivl\u0259rdir. AB\u015e d\u00f6y\u00fc\u015f t\u0259yyar\u0259l\u0259ri \u0130taliyan\u0131n \u201cAviano\u201d Bazas\u0131ndan Bolqar\u0131stana g\u0259tirilib. T\u0259yyar\u0259l\u0259rin Bolqar\u0131stan\u0131n hava m\u0259kan\u0131n\u0131 qorumaqla yana\u015f\u0131, 26-30","twitter:image":"https:\/\/fedai.az\/wp-content\/uploads\/2020\/09\/tan-.jpg"},"aioseo_meta_data":{"post_id":"16014","title":null,"description":null,"keywords":null,"keyphrases":null,"primary_term":null,"canonical_url":null,"og_title":null,"og_description":null,"og_object_type":"default","og_image_type":"default","og_image_url":null,"og_image_width":null,"og_image_height":null,"og_image_custom_url":null,"og_image_custom_fields":null,"og_video":null,"og_custom_url":null,"og_article_section":null,"og_article_tags":null,"twitter_use_og":false,"twitter_card":"default","twitter_image_type":"default","twitter_image_url":null,"twitter_image_custom_url":null,"twitter_image_custom_fields":null,"twitter_title":null,"twitter_description":null,"schema":{"blockGraphs":[],"customGraphs":[],"default":{"data":{"Article":[],"Course":[],"Dataset":[],"FAQPage":[],"Movie":[],"Person":[],"Product":[],"ProductReview":[],"Car":[],"Recipe":[],"Service":[],"SoftwareApplication":[],"WebPage":[]},"graphName":"Article","isEnabled":true},"graphs":[]},"schema_type":null,"schema_type_options":null,"pillar_content":false,"robots_default":true,"robots_noindex":false,"robots_noarchive":false,"robots_nosnippet":false,"robots_nofollow":false,"robots_noimageindex":false,"robots_noodp":false,"robots_notranslate":false,"robots_max_snippet":null,"robots_max_videopreview":null,"robots_max_imagepreview":"large","priority":null,"frequency":null,"local_seo":null,"breadcrumb_settings":null,"limit_modified_date":false,"ai":null,"created":"2021-07-04 19:11:53","updated":"2025-06-07 17:18:14","seo_analyzer_scan_date":null,"focus_keyword":null,"additional_keywords":null,"truseo_locale":null},"aioseo_breadcrumb":"<div class=\"aioseo-breadcrumbs\"><span class=\"aioseo-breadcrumb\">\n\t\t\t<a href=\"https:\/\/fedai.az\" title=\"Home\">Home<\/a>\n\t\t<\/span><span class=\"aioseo-breadcrumb-separator\">\u00bb<\/span><span class=\"aioseo-breadcrumb\">\n\t\t\t<a href=\"https:\/\/fedai.az\/?cat=13\" title=\"Xarici x\u0259b\u0259rl\u0259r\">Xarici x\u0259b\u0259rl\u0259r<\/a>\n\t\t<\/span><span class=\"aioseo-breadcrumb-separator\">\u00bb<\/span><span class=\"aioseo-breadcrumb\">\n\t\t\tAB\u015e Aral\u0131q d\u0259nizin\u0259 can atsa da, aral\u0131qda qalacaq\u2026\n\t\t<\/span><\/div>","aioseo_breadcrumb_json":[{"label":"Home","link":"https:\/\/fedai.az"},{"label":"Xarici x\u0259b\u0259rl\u0259r","link":"https:\/\/fedai.az\/?cat=13"},{"label":"AB\u015e Aral\u0131q d\u0259nizin\u0259 can atsa da, aral\u0131qda qalacaq&#8230;","link":"https:\/\/fedai.az\/?p=16014"}],"_links":{"self":[{"href":"https:\/\/fedai.az\/index.php?rest_route=\/wp\/v2\/posts\/16014","targetHints":{"allow":["GET"]}}],"collection":[{"href":"https:\/\/fedai.az\/index.php?rest_route=\/wp\/v2\/posts"}],"about":[{"href":"https:\/\/fedai.az\/index.php?rest_route=\/wp\/v2\/types\/post"}],"author":[{"embeddable":true,"href":"https:\/\/fedai.az\/index.php?rest_route=\/wp\/v2\/users\/2"}],"replies":[{"embeddable":true,"href":"https:\/\/fedai.az\/index.php?rest_route=%2Fwp%2Fv2%2Fcomments&post=16014"}],"version-history":[{"count":1,"href":"https:\/\/fedai.az\/index.php?rest_route=\/wp\/v2\/posts\/16014\/revisions"}],"predecessor-version":[{"id":16016,"href":"https:\/\/fedai.az\/index.php?rest_route=\/wp\/v2\/posts\/16014\/revisions\/16016"}],"wp:featuredmedia":[{"embeddable":true,"href":"https:\/\/fedai.az\/index.php?rest_route=\/wp\/v2\/media\/16015"}],"wp:attachment":[{"href":"https:\/\/fedai.az\/index.php?rest_route=%2Fwp%2Fv2%2Fmedia&parent=16014"}],"wp:term":[{"taxonomy":"category","embeddable":true,"href":"https:\/\/fedai.az\/index.php?rest_route=%2Fwp%2Fv2%2Fcategories&post=16014"},{"taxonomy":"post_tag","embeddable":true,"href":"https:\/\/fedai.az\/index.php?rest_route=%2Fwp%2Fv2%2Ftags&post=16014"}],"curies":[{"name":"wp","href":"https:\/\/api.w.org\/{rel}","templated":true}]}}