{"id":16158,"date":"2020-09-22T01:08:29","date_gmt":"2020-09-21T21:08:29","guid":{"rendered":"https:\/\/fedai.az\/?p=16158"},"modified":"2020-09-22T01:10:38","modified_gmt":"2020-09-21T21:10:38","slug":"az%c9%99rbaycanlilar-rejimin-az%c9%99rbaycanin-tikant%c9%99p%c9%99-s%c9%99h%c9%99rini-kurdustan-adlandirmasina-etiraz-edir-video","status":"publish","type":"post","link":"https:\/\/fedai.az\/?p=16158","title":{"rendered":"Az\u0259rbaycanl\u0131lar rejimin Az\u0259rbaycan\u0131n Tikant\u0259p\u0259 \u015f\u0259h\u0259rini K\u00fcrd\u00fcstan adland\u0131rmas\u0131na etiraz edir \u2013 Video"},"content":{"rendered":"\n<p><strong>GADTB-nin M\u0259tbuat M\u0259rk\u0259zin\u0259 daxil olan m\u0259lumata g\u00f6r\u0259, irq\u00e7i fars rejimin, x\u00fcsusil\u0259 irq\u00e7i Ruhani hakimiyy\u0259tinin G\u00fcney Az\u0259rbaycan\u0131n Tikant\u0259p\u0259 \u015f\u0259h\u0259rini K\u00fcrd\u00fcstan kimi t\u0259qdim etm\u0259si az\u0259rbaycanl\u0131lar\u0131n ciddi etiraz\u0131 il\u0259 qar\u015f\u0131la\u015f\u0131b.<\/strong><\/p>\n\n\n\n<p>Az\u0259rbaycanl\u0131 f\u0259allar sosial \u015f\u0259b\u0259k\u0259l\u0259rd\u0259 geni\u015f \u015f\u0259kild\u0259 irq\u00e7i rejimin Az\u0259rbaycan\u0131 K\u00fcrd\u00fcstanbla\u015fd\u0131rma istiqam\u0259tind\u0259 bu qeyri-insan\u0131 h\u0259r\u0259k\u0259tin\u0259 etiraz edirl\u0259r.<\/p>\n\n\n\n<p>Qeyd ed\u0259k ki, \u0130ran\u0131n \u015e\u0259h\u0259rsalma v\u0259 Yol naziri M\u0259h\u0259mm\u0259d \u0130slami Az\u0259rbaycan\u0131n Tikant\u0259p\u0259 b\u00f6lg\u0259sini K\u00fcrd\u00fcstan adland\u0131rm\u0131\u015fd\u0131.<\/p>\n\n\n\n<p>\u0130sfahanl\u0131 nazir S\u0259hiyy\u0259, el\u0259c\u0259 d\u0259 \u015e\u0259h\u0259rsalma v\u0259 Yol nazirlikl\u0259rinin haz\u0131rlad\u0131\u011f\u0131 layih\u0259l\u0259rin a\u00e7\u0131l\u0131\u015f m\u0259rasimind\u0259 \u00e7\u0131x\u0131\u015f ed\u0259rk\u0259n Tikant\u0259p\u0259ni K\u00fcrd\u00fcstan \u015f\u0259h\u0259rl\u0259rind\u0259n biri kimi t\u0259qdim edib. Video konfrans \u015f\u0259kilind\u0259 ke\u00e7iril\u0259n m\u0259rasimd\u0259 H\u0259s\u0259n Ruhani d\u0259 i\u015ftirak edib.<\/p>\n\n\n\n<p>Qeyd ed\u0259k ki, ke\u00e7\u0259n h\u0259ft\u0259 \u0130ran\u0131n s\u0259hiyy\u0259 nazirliyi r\u0259smil\u0259ri d\u0259 Az\u0259rbaycan ad\u0131n\u0131 t\u0259hrif olunmu\u015f \u015f\u0259kild\u0259 t\u0259qdim ed\u0259r\u0259k \u201c\u015e\u0259rqi Az\u0259r\u201d s\u00f6z\u00fcnd\u0259n istifad\u0259 edibl\u0259r.<\/p>\n","protected":false},"excerpt":{"rendered":"<p>GADTB-nin M\u0259tbuat M\u0259rk\u0259zin\u0259 daxil olan m\u0259lumata g\u00f6r\u0259, irq\u00e7i fars rejimin, x\u00fcsusil\u0259 irq\u00e7i Ruhani hakimiyy\u0259tinin G\u00fcney Az\u0259rbaycan\u0131n Tikant\u0259p\u0259 \u015f\u0259h\u0259rini K\u00fcrd\u00fcstan kimi t\u0259qdim etm\u0259si az\u0259rbaycanl\u0131lar\u0131n ciddi<\/p>\n","protected":false},"author":2,"featured_media":16159,"comment_status":"closed","ping_status":"closed","sticky":false,"template":"","format":"standard","meta":{"footnotes":""},"categories":[3],"tags":[],"class_list":["post-16158","post","type-post","status-publish","format-standard","has-post-thumbnail","hentry","category-gundm"],"aioseo_notices":[],"_links":{"self":[{"href":"https:\/\/fedai.az\/index.php?rest_route=\/wp\/v2\/posts\/16158","targetHints":{"allow":["GET"]}}],"collection":[{"href":"https:\/\/fedai.az\/index.php?rest_route=\/wp\/v2\/posts"}],"about":[{"href":"https:\/\/fedai.az\/index.php?rest_route=\/wp\/v2\/types\/post"}],"author":[{"embeddable":true,"href":"https:\/\/fedai.az\/index.php?rest_route=\/wp\/v2\/users\/2"}],"replies":[{"embeddable":true,"href":"https:\/\/fedai.az\/index.php?rest_route=%2Fwp%2Fv2%2Fcomments&post=16158"}],"version-history":[{"count":2,"href":"https:\/\/fedai.az\/index.php?rest_route=\/wp\/v2\/posts\/16158\/revisions"}],"predecessor-version":[{"id":16161,"href":"https:\/\/fedai.az\/index.php?rest_route=\/wp\/v2\/posts\/16158\/revisions\/16161"}],"wp:featuredmedia":[{"embeddable":true,"href":"https:\/\/fedai.az\/index.php?rest_route=\/wp\/v2\/media\/16159"}],"wp:attachment":[{"href":"https:\/\/fedai.az\/index.php?rest_route=%2Fwp%2Fv2%2Fmedia&parent=16158"}],"wp:term":[{"taxonomy":"category","embeddable":true,"href":"https:\/\/fedai.az\/index.php?rest_route=%2Fwp%2Fv2%2Fcategories&post=16158"},{"taxonomy":"post_tag","embeddable":true,"href":"https:\/\/fedai.az\/index.php?rest_route=%2Fwp%2Fv2%2Ftags&post=16158"}],"curies":[{"name":"wp","href":"https:\/\/api.w.org\/{rel}","templated":true}]}}