{"id":16162,"date":"2020-09-22T01:22:10","date_gmt":"2020-09-21T21:22:10","guid":{"rendered":"https:\/\/fedai.az\/?p=16162"},"modified":"2020-09-22T01:22:40","modified_gmt":"2020-09-21T21:22:40","slug":"niy%c9%99-biz-pkk-nin-terrorist-bir-t%c9%99skilat-kimi-taninmasi-bar%c9%99d%c9%99-qanun-q%c9%99bul-etmirik","status":"publish","type":"post","link":"https:\/\/fedai.az\/?p=16162","title":{"rendered":"Niy\u0259, biz, PKK-n\u0131n terrorist bir t\u0259\u015fkilat kimi tan\u0131nmas\u0131 bar\u0259d\u0259 qanun q\u0259bul etmirik?"},"content":{"rendered":"\n<p><strong>PKK-n\u0131 terrorist bir t\u0259\u015fkilat kimi tan\u0131nmas\u0131 bar\u0259d\u0259 Az\u0259rbaycan Respublikas\u0131n\u0131n Milli M\u0259clisind\u0259 d\u0259f\u0259l\u0259rl\u0259 2007, 2011, 2019-cu v\u0259 ba\u015fqa ill\u0259rd\u0259 m\u00fczakir\u0259l\u0259r olmu\u015f, lakin bu terrorist t\u0259\u015fkilat bar\u0259sind\u0259 qanun q\u0259bul edilm\u0259mi\u015fdir.<\/strong><\/p>\n\n\n\n<p>R\u0259hb\u0259rlikd\u0259 oturan \u015f\u0259xsl\u0259r is\u0259 qanun q\u0259bul etm\u0259k \u0259v\u0259zin\u0259 terrorizmi pisl\u0259y\u0259n b\u0259yanat, b\u0259yannam\u0259 q\u0259bul etm\u0259kl\u0259 \u00f6z i\u015fl\u0259rini bitirmi\u015f hesab etmi\u015fl\u0259r. H\u0259tta Milli M\u0259clisin deputat\u0131 h\u00f6rm\u0259tli Fazil Q\u0259z\u0259nf\u0259ro\u011flu \u00abb\u0259yanat el\u0259 qanun kimi bir \u015feydir\u00bb- demi\u015fdir. M\u0259n uzun m\u00fcdd\u0259t Fazil Q\u0259z\u0259nf\u0259ro\u011flundan f\u0259rqli olaraq h\u00fcquq\u015funas kimi f\u0259aliyy\u0259t g\u00f6st\u0259rmi\u015f\u0259m. Bilir\u0259m ki, Qanun qanun, B\u0259yannam\u0259 is\u0259 b\u0259yannam\u0259dir. Bir misal \u00e7\u0259kim, \u0259g\u0259r Milli M\u0259clis RKK-n\u0131 terrorist bir t\u0259\u015fkilat olmas\u0131 bar\u0259d\u0259 qanun q\u0259bul ets\u0259, onda \u00f6lk\u0259d\u0259 PKK simpatirazlar\u0131n\u0131n \u0259l-aya\u011f\u0131 y\u0131\u011f\u0131\u015far, terror\u00e7ular\u0131n gizli-a\u00e7\u0131q s\u0259rmay\u0259\u00e7il\u0259ri v\u0259 himay\u0259darlar\u0131, onlar\u0131n t\u0259li\u011fat\u00e7\u0131lar\u0131 s\u0259rb\u0259st h\u0259r\u0259k\u0259t ed\u0259 bilm\u0259zl\u0259r. Ona g\u00f6r\u0259 ki, qanun onlar\u0131 d\u0259rhal m\u0259suliyy\u0259t\u0259 c\u0259lb ed\u0259 bil\u0259r. Amma b\u0259yannam\u0259 il\u0259 he\u00e7 kimi m\u0259suliyy\u0259t\u0259 c\u0259lb etm\u0259k olmaz.<\/p>\n\n\n\n<figure class=\"wp-block-image size-large is-resized\"><img loading=\"lazy\" decoding=\"async\" src=\"https:\/\/fedai.az\/wp-content\/uploads\/2020\/09\/1c633b0b-fb5b-3ac1-960d-c67b31d1a137.jpg\" alt=\"\" class=\"wp-image-16163\" width=\"973\" height=\"565\" srcset=\"https:\/\/fedai.az\/wp-content\/uploads\/2020\/09\/1c633b0b-fb5b-3ac1-960d-c67b31d1a137.jpg 620w, https:\/\/fedai.az\/wp-content\/uploads\/2020\/09\/1c633b0b-fb5b-3ac1-960d-c67b31d1a137-300x174.jpg 300w, https:\/\/fedai.az\/wp-content\/uploads\/2020\/09\/1c633b0b-fb5b-3ac1-960d-c67b31d1a137-150x87.jpg 150w\" sizes=\"auto, (max-width: 973px) 100vw, 973px\" \/><\/figure>\n\n\n\n<p><strong>D\u00fcnyan\u0131n, Avropan\u0131n, Amerikan\u0131n, \u0130ran\u0131n, Rusiyan\u0131n, G\u00fcrc\u00fcstan\u0131n terror\u00e7u kimi tan\u0131d\u0131\u011f\u0131 bir t\u0259\u015fkilat Az\u0259rbaycanda h\u0259l\u0259 d\u0259 m\u00fc\u0259yy\u0259n dair\u0259l\u0259r t\u0259r\u0259find\u0259n himay\u0259 olunur \u00abkri\u015fal\u0131q\u00bb edilir.<\/strong><\/p>\n\n\n\n<p>Terrorba\u015f\u0131 Abdulla Ocalan el\u0259 bel\u0259 dem\u0259mi\u015fdir \u00ab\u0259sas dayaqlar\u0131m\u0131zdan biri Az\u0259rbaycand\u0131r\u00bb.<\/p>\n\n\n\n<p>Bu g\u00fcn \u0130raqdan \u00e7oxsayl\u0131 PKK \u00fczv\u00fcl\u0259ri \u0130raqda olan erm\u0259ni s\u0259firi Qra\u00e7iya Poladyan vasit\u0259si il\u0259 Erm\u0259nistana, oradan da Qaraba\u011fa t\u0259lim ke\u00e7m\u0259k v\u0259 Az\u0259rbaycan \u0259leyhin\u0259 vuru\u015fmaq \u00fc\u00e7\u00fcn g\u0259tirilmi\u015fdir. H\u0259l\u0259 1-ci Qaraba\u011f sava\u015f\u0131nda bel\u0259 erm\u0259ni h\u0259rbi q\u00fcvv\u0259l\u0259ri i\u00e7\u0259risind\u0259 y\u00fczl\u0259rl\u0259 PKK \u00fczv\u00fc Az\u0259rbaycan h\u0259rbi hiss\u0259l\u0259rin\u0259 qar\u015f\u0131 vuru\u015fmu\u015flar.<\/p>\n\n\n\n<p>He\u00e7 kim\u0259 gizli deyil ki, PKK d\u00fcnyan\u0131n 5 \u00f6lk\u0259sin\u0259 \u0259razi iddias\u0131 ir\u0259li s\u00fcr\u00fcr. T\u00fcrkiy\u0259, \u0130ran, Suriya, \u0130raq v\u0259 Az\u0259rbaycan. PKK Az\u0259rbaycan\u0131n par\u00e7alanmas\u0131nda b\u00f6y\u00fck rola malikdir. Onlar Qaraba\u011f\u0131n Az\u0259rbaycandan qopar\u0131lmas\u0131nda v\u0259 Az\u0259rbaycan\u0131n z\u0259ifl\u0259dilm\u0259sind\u0259 d\u0259 maraql\u0131d\u0131rlar. Az\u0259rbaycan \u0259razisind\u0259 (La\u00e7\u0131nda) \u00abQ\u0131rm\u0131z\u0131 K\u00fcrd\u00fcstan\u00bb yaratmaq ideyas\u0131 eyni h\u0259d\u0259f\u0259-\u00f6lk\u0259nin par\u00e7alanmas\u0131na xidm\u0259t edir.<\/p>\n\n\n\n<p>\u0130ndi is\u0259 siz\u0259 PKK-n\u0131n yaranmas\u0131 bar\u0259d\u0259 b\u0259zi m\u0259tl\u0259bl\u0259ri a\u00e7maq ist\u0259yir\u0259m. PKK (K\u00fcrd\u00fcstan F\u0259hl\u0259 Partiyas\u0131) 27 noyabr 1978-ci ild\u0259 Abdulla Ocalan t\u0259r\u0259find\u0259n yarad\u0131lm\u0131\u015fd\u0131r. T\u0259\u015fkilat\u0131n yaranmas\u0131nda m\u0259qs\u0259d T\u00fcrkiy\u0259nin c\u0259nub-\u015f\u0259rqind\u0259 m\u00fcst\u0259qil k\u00fcrd d\u00f6vl\u0259ti yaratmaq olmu\u015fdur.T\u0259\u015fkilat\u0131n \u00fcmumi b\u00fcdc\u0259si 30 milyon dollara yax\u0131nd\u0131r. 2017-ci ild\u0259 PKK r\u0259smi olaraq ordusunda 14 min \u0259sg\u0259rin xidm\u0259t etdiyini bildirmi\u015fdir. Haz\u0131rda qarda\u015f T\u00fcrk d\u00f6vl\u0259ti b\u00fct\u00fcn diqq\u0259tini bu terror t\u0259\u015fkilat\u0131n\u0131n m\u0259hv edilm\u0259sin\u0259 ay\u0131rm\u0131\u015fd\u0131r.<\/p>\n\n\n\n<figure class=\"wp-block-gallery columns-1 is-cropped wp-block-gallery-1 is-layout-flex wp-block-gallery-is-layout-flex\"><ul class=\"blocks-gallery-grid\"><li class=\"blocks-gallery-item\"><figure><img loading=\"lazy\" decoding=\"async\" width=\"625\" height=\"313\" src=\"https:\/\/fedai.az\/wp-content\/uploads\/2020\/09\/64f9f589-7779-3fc9-b4b9-6659f0b716b6.jpg\" alt=\"\" data-id=\"16164\" data-full-url=\"https:\/\/fedai.az\/wp-content\/uploads\/2020\/09\/64f9f589-7779-3fc9-b4b9-6659f0b716b6.jpg\" data-link=\"https:\/\/fedai.az\/?attachment_id=16164\" class=\"wp-image-16164\" srcset=\"https:\/\/fedai.az\/wp-content\/uploads\/2020\/09\/64f9f589-7779-3fc9-b4b9-6659f0b716b6.jpg 625w, https:\/\/fedai.az\/wp-content\/uploads\/2020\/09\/64f9f589-7779-3fc9-b4b9-6659f0b716b6-300x150.jpg 300w, https:\/\/fedai.az\/wp-content\/uploads\/2020\/09\/64f9f589-7779-3fc9-b4b9-6659f0b716b6-150x75.jpg 150w\" sizes=\"auto, (max-width: 625px) 100vw, 625px\" \/><\/figure><\/li><\/ul><\/figure>\n\n\n\n<p>Bizim d\u00f6v\u0259t saytlar\u0131 PKK-n\u0131n Qaraba\u011fda yerl\u0259\u015fdirilm\u0259si bar\u0259d\u0259 \u00e7ox q\u0131sqan\u00e7l\u0131qla m\u0259lumatlar vers\u0259l\u0259r d\u0259, bizd\u0259n uzaq Misir v\u0259 \u00d6zb\u0259kistan portallar\u0131 bu bar\u0259d\u0259 biz\u0259 laz\u0131m\u0131 m\u0259lumatlar\u0131 \u00e7atd\u0131r\u0131lar. M\u0259s\u0259l\u0259n, Misirin \u00abCairo.24\u00bb informasiya portal\u0131 Erm\u0259nistan\u0131n terror t\u0259\u015fkilatlar\u0131 il\u0259 \u0259m\u0259kda\u015fl\u0131\u011f\u0131ndan yaz\u0131r. Orada deyilir ki, \u00abU\u011fursuz h\u00f6kum\u0259tl\u0259r terror\u00e7u \u00fcns\u00fcrl\u0259rd\u0259n istifad\u0259 edirl\u0259r\u00bb. Orada o da g\u00f6st\u0259rilir ki, Erm\u0259nistan h\u00f6kum\u0259ti \u0259sas bazas\u0131 Beyruttda yerl\u0259\u015f\u0259n ASALA terror t\u0259\u015fkilat\u0131n\u0131n, h\u0259m\u00e7inin Suriya v\u0259 \u0130raqdak\u0131 PKK v\u0259 YPG terror\u00e7ular\u0131n\u0131n s\u0259f\u0259rb\u0259r edilm\u0259sin\u0259 ba\u015flay\u0131b. \u0130\u015f\u011fal\u00e7\u0131 d\u00f6vl\u0259t onlardan Az\u0259rbaycana qar\u015f\u0131 h\u0259rbi t\u0259xribatlarda istifad\u0259 etm\u0259yi planla\u015fd\u0131r\u0131r.<\/p>\n\n\n\n<p>\u00d6zb\u0259kistan tnevs.uz portal\u0131 Da\u011fl\u0131q Qaraba\u011fa K\u00fcrd\u00fcstan F\u0259hl\u0259 Partiyas\u0131 (PKK) terror t\u0259\u015fkilat\u0131n\u0131n x\u00fcsusi d\u0259st\u0259l\u0259rinin g\u0259tirilm\u0259si il\u0259 ba\u011fl\u0131 m\u0259lumat vermi\u015fdir. Yaz\u0131da bildirilir ki, Erm\u0259nistan h\u00f6kum\u0259tinin t\u0259\u015f\u0259bb\u00fcs\u00fc il\u0259 Livan erm\u0259nil\u0259rinin Qaraba\u011fda yerl\u0259\u015fdirilm\u0259si m\u0259s\u0259l\u0259sind\u0259n sonra indi d\u0259 PKK terrorcular\u0131 Qaraba\u011fda yerl\u0259\u015fdirilir.Orada deyilir ki, 2009-cu ild\u0259 Suriya erm\u0259nil\u0259ri d\u0259 Qaraba\u011fda yerl\u0259\u015fdirildikd\u0259n sonra PKK-n\u0131n Suriya qanad\u0131ndan olan 250 terror\u00e7u Erm\u0259nistan silahl\u0131 q\u00fcvv\u0259l\u0259rinin t\u0259rkibin\u0259 daxil olmu\u015fdur.<\/p>\n\n\n\n<p>Hal-haz\u0131rda bizim \u0259limizd\u0259 tutarl\u0131 faktlar var ki, erm\u0259nil\u0259r Qaraba\u011fda Az\u0259rbaycan \u0259leyhin\u0259 vuru\u015fmaq \u00fc\u00e7\u00fcn PKK, Asala kimi terror\u00e7u qruplardan istifad\u0259 edir. Bu da onu g\u00f6st\u0259rir ki, erm\u0259nil\u0259rin d\u00fcnyaya s\u0259s salaraq mill\u0259tl\u0259rin \u00f6z m\u00fcq\u0259darat\u0131n\u0131 t\u0259yin etm\u0259sind\u0259n dan\u0131\u015fmas\u0131 c\u0259f\u0259nk bir hay-k\u00fcyd\u00fcr. Qaraba\u011fda, d\u00fcnyada tan\u0131nan terror qruplar\u0131 oldu\u011funa g\u00f6r\u0259 biz orada \u00f6z torpa\u011f\u0131m\u0131zda anti-terror \u0259m\u0259liyyat\u0131 aparmal\u0131y\u0131q. Ona g\u00f6r\u0259 ki, Beyn\u0259lxalq Qanunlar biz\u0259 bel\u0259 bir haqq\u0131 vermi\u015fdir. Etmiriks\u0259, dem\u0259k t\u0259qsirkar \u00f6z\u00fcm\u00fcz\u00fck.<\/p>\n\n\n\n<p><strong>Abbas H\u00fcseynli<\/strong><\/p>\n\n\n\n<p><em><strong>AVMV\u0130B s\u0259drinin m\u00fcavini<\/strong><\/em><\/p>\n\n\n\n<figure class=\"wp-block-image size-large\"><img loading=\"lazy\" decoding=\"async\" width=\"896\" height=\"504\" src=\"https:\/\/fedai.az\/wp-content\/uploads\/2020\/09\/cd95aafb-e7ee-479a-8423-6b29f9c2c5fe.jpg\" alt=\"\" class=\"wp-image-16165\" srcset=\"https:\/\/fedai.az\/wp-content\/uploads\/2020\/09\/cd95aafb-e7ee-479a-8423-6b29f9c2c5fe.jpg 896w, https:\/\/fedai.az\/wp-content\/uploads\/2020\/09\/cd95aafb-e7ee-479a-8423-6b29f9c2c5fe-300x169.jpg 300w, https:\/\/fedai.az\/wp-content\/uploads\/2020\/09\/cd95aafb-e7ee-479a-8423-6b29f9c2c5fe-150x84.jpg 150w, https:\/\/fedai.az\/wp-content\/uploads\/2020\/09\/cd95aafb-e7ee-479a-8423-6b29f9c2c5fe-768x432.jpg 768w\" sizes=\"auto, (max-width: 896px) 100vw, 896px\" \/><\/figure>\n","protected":false},"excerpt":{"rendered":"<p>PKK-n\u0131 terrorist bir t\u0259\u015fkilat kimi tan\u0131nmas\u0131 bar\u0259d\u0259 Az\u0259rbaycan Respublikas\u0131n\u0131n Milli M\u0259clisind\u0259 d\u0259f\u0259l\u0259rl\u0259 2007, 2011, 2019-cu v\u0259 ba\u015fqa ill\u0259rd\u0259 m\u00fczakir\u0259l\u0259r olmu\u015f, lakin bu terrorist t\u0259\u015fkilat<\/p>\n","protected":false},"author":2,"featured_media":16093,"comment_status":"closed","ping_status":"closed","sticky":false,"template":"","format":"standard","meta":{"footnotes":""},"categories":[14],"tags":[],"class_list":["post-16162","post","type-post","status-publish","format-standard","has-post-thumbnail","hentry","category-kos"],"aioseo_notices":[],"_links":{"self":[{"href":"https:\/\/fedai.az\/index.php?rest_route=\/wp\/v2\/posts\/16162","targetHints":{"allow":["GET"]}}],"collection":[{"href":"https:\/\/fedai.az\/index.php?rest_route=\/wp\/v2\/posts"}],"about":[{"href":"https:\/\/fedai.az\/index.php?rest_route=\/wp\/v2\/types\/post"}],"author":[{"embeddable":true,"href":"https:\/\/fedai.az\/index.php?rest_route=\/wp\/v2\/users\/2"}],"replies":[{"embeddable":true,"href":"https:\/\/fedai.az\/index.php?rest_route=%2Fwp%2Fv2%2Fcomments&post=16162"}],"version-history":[{"count":1,"href":"https:\/\/fedai.az\/index.php?rest_route=\/wp\/v2\/posts\/16162\/revisions"}],"predecessor-version":[{"id":16166,"href":"https:\/\/fedai.az\/index.php?rest_route=\/wp\/v2\/posts\/16162\/revisions\/16166"}],"wp:featuredmedia":[{"embeddable":true,"href":"https:\/\/fedai.az\/index.php?rest_route=\/wp\/v2\/media\/16093"}],"wp:attachment":[{"href":"https:\/\/fedai.az\/index.php?rest_route=%2Fwp%2Fv2%2Fmedia&parent=16162"}],"wp:term":[{"taxonomy":"category","embeddable":true,"href":"https:\/\/fedai.az\/index.php?rest_route=%2Fwp%2Fv2%2Fcategories&post=16162"},{"taxonomy":"post_tag","embeddable":true,"href":"https:\/\/fedai.az\/index.php?rest_route=%2Fwp%2Fv2%2Ftags&post=16162"}],"curies":[{"name":"wp","href":"https:\/\/api.w.org\/{rel}","templated":true}]}}