{"id":16167,"date":"2020-09-22T01:58:41","date_gmt":"2020-09-21T21:58:41","guid":{"rendered":"https:\/\/fedai.az\/?p=16167"},"modified":"2020-09-22T01:58:44","modified_gmt":"2020-09-21T21:58:44","slug":"butun-yollar-xank%c9%99ndin%c9%99-aparir-ya-savas-ya-da-savas-5","status":"publish","type":"post","link":"https:\/\/fedai.az\/?p=16167","title":{"rendered":"&#171;B\u00fct\u00fcn yollar Xank\u0259ndin\u0259 apar\u0131r&#187;: Ya sava\u015f, ya da SAVA\u015e!"},"content":{"rendered":"\n<p><strong>Xaqani \u018fd\u0259bo\u011flu<br>AVMV\u0130B M\u0259tbuat Xidm\u0259tinin r\u0259hb\u0259ri<br><\/strong><br><strong>H\u0259r yer Qaraba\u011f, h\u0259r g\u00fcn Qaraba\u011f, h\u0259r k\u0259s Qaraba\u011f\u2026<br><\/strong><br><strong>(\u018fvv\u0259li:<\/strong><a href=\"https:\/\/fedai.az\/?p=15717)\">https:\/\/fedai.az\/?p=15717<\/a>,\u00a0<a href=\"https:\/\/fedai.az\/?p=15785\">https:\/\/fedai.az\/?p=15785<\/a>,\u00a0<a href=\"https:\/\/fedai.az\/?p=15941&amp;fbclid=IwAR0bMF2DOmPuPY7WC-Oa3XNal2RAq1LPOg-dtaHr8KBz8w0vsHEjrs27xko\">https:\/\/fedai.az\/?p=15941&amp;fbclid=IwAR0bMF2DOmPuPY7WC-Oa3XNal2RAq1LPOg-dtaHr8KBz8w0vsHEjrs27xko<\/a>, <strong><a href=\"https:\/\/fedai.az\/?p=16043\">https:\/\/fedai.az\/?p=16043<\/a><\/strong>)<\/p>\n\n\n\n<p><strong>V YAZI<\/strong><\/p>\n\n\n\n<p><strong><strong>Qaraba\u011f\u0131n azad edilm\u0259si bu g\u00fcn Az\u0259rbaycan\u0131n olum m\u0259s\u0259l\u0259sin\u0259 \u00e7evrilm\u0259lidir. Bu prosesl\u0259rin qar\u015f\u0131s\u0131nda \u0259ng\u0259l olan bir q\u00fcvv\u0259nin m\u00f6vcudlu\u011funu kims\u0259 dana bilm\u0259z. Ara\u015fd\u0131rma Qrupumuz d\u0259f\u0259l\u0259rl\u0259 \u00f6z yaz\u0131lar\u0131nda qeyd el\u0259yib v\u0259 Aprel d\u00f6y\u00fc\u015fl\u0259rind\u0259n d\u0259rhal sonra xalqa qar\u015f\u0131 edil\u0259n &#171;h\u00fccumlar\u0131&#187; ara\u015fd\u0131rma\u011f\u0131 d\u0259f\u0259l\u0259rl\u0259 t\u00f6vsiyy\u0259 etmi\u015fik. Bir daha o tarixd\u0259n sonra ba\u015f ver\u0259nl\u0259r\u0259 bir daha diqq\u0259t yetirin. Bu kolon kahinl\u0259ri neytralla\u015fd\u0131r\u0131lmay\u0131nca bizim \u0259sasl\u0131 d\u00f6n\u00fc\u015f\u0259 nail olaca\u011f\u0131m\u0131za inanmaq sad\u0259l\u00f6vhl\u00fckd\u00fcr. Art\u0131q hakimiyy\u0259t qollar\u0131nda \u00f6zl\u0259rin\u0259 yer tutmu\u015f bu m\u00f6vcudlu\u011fu de\u015fifr\u0259 etm\u0259k ba\u015fl\u0131ca v\u0259zif\u0259miz olmal\u0131d\u0131r&#8230;<br><br><\/strong><\/strong>D\u00fcnyada bu g\u00fcn 100 il ba\u015flanm\u0131\u015f oyunlar\u0131n yekunu v\u0259 yeni oyunlar\u0131n is\u0259 ba\u015flan\u011f\u0131c\u0131 d\u00fcnyan\u0131n 60-dan \u00e7ox \u00f6lk\u0259sind\u0259 lokal v\u0259 regional (simmetrik) m\u00fcnaqi\u015f\u0259l\u0259r\u0259 r\u0259vac verib. Yerd\u0259 qalan d\u00f6vl\u0259tl\u0259r is\u0259 hibrid m\u00fcharib\u0259sinin simmetrik v\u0259 assimmetrik m\u00fcharib\u0259 kombinasiyalar\u0131n\u0131 \u00f6z\u00fcnd\u0259 birl\u0259\u015fdir\u0259n bir sava\u015f\u0131n potensial h\u0259d\u0259fl\u0259ridir. D\u00fcnya m\u0259qs\u0259dli \u015f\u0259kild\u0259 100 il \u00f6nc\u0259 oldu\u011fu kimi B\u00f6y\u00fck Xaosa sal\u0131n\u0131b ki, imperialistl\u0259r \u00f6z ist\u0259kl\u0259rin\u0259 uy\u011fun \u015f\u0259kild\u0259 yenid\u0259n d\u00fcnyan\u0131 b\u00f6l\u00fc\u015fd\u00fcr\u0259n 100 illik sazi\u015fl\u0259r ba\u011flas\u0131nlar. Rusiya il\u0259 bu m\u00fcqavil\u0259 2017-ci ilin oktyabr\u0131nda ba\u015fa \u00e7at\u0131b. T\u00fcrkiy\u0259 2023-c\u00fc ili g\u00f6zl\u0259yir. \u0130ran 2025-ci ilin qorxusuyla embarqoya m\u0259ruz qoyulur. \u00c7oxlar\u0131 bu deyil\u0259nl\u0259r\u0259, inanm\u0131r v\u0259 buna bir &#171;mason na\u011f\u0131l\u0131&#187; dey\u0259rl\u0259r. Ancaq h\u0259r \u0259srin sonunu tutu\u015fdurun v\u0259 n\u0259tic\u0259l\u0259ri analiz edin. Erm\u0259nil\u0259r bu c\u00fcr xaos \u00fc\u00e7\u00fcn yarad\u0131lm\u0131\u015f y\u0131\u011fnaq olduqlar\u0131na g\u00f6r\u0259, bel\u0259 vaxtlarda daha f\u0259al olurlar v\u0259 qazancl\u0131 \u00e7\u0131x\u0131rlar. Bunlar\u0131 ara\u015fd\u0131rmaq v\u0259 sisteml\u0259\u015fdirm\u0259k laz\u0131md\u0131r. Deyil\u0259nl\u0259ri s\u00fcbut \u00fc\u00e7\u00fcn diqq\u0259tiniz\u0259 bol\u015fevikl\u0259rin yayd\u0131\u011f\u0131 Lenin v\u0259 Stalinin imzas\u0131yla yay\u0131lm\u0131\u015f ba\u015fqa bir m\u00fcraci\u0259t\u0259 diqq\u0259t yetir\u0259k (20 noyabr (7 dekabr) 1920-ci il): &#171;&#8230;Biz b\u0259yan edirik ki, \u0130stanbulun istila edilm\u0259si il\u0259 ba\u011fl\u0131 Kerenski t\u0259r\u0259find\u0259n devrilmi\u015f \u00c7ar h\u00f6kum\u0259tinin gizli s\u00f6zl\u0259\u015fm\u0259sini c\u0131r\u0131b atd\u0131q.<br><br><strong>Biz b\u0259yan edirik ki, \u0130ran\u0131n par\u00e7alanmas\u0131 bar\u0259d\u0259 sazi\u015fi d\u0259 c\u0131r\u0131b atd\u0131q.<\/strong><br><br><strong>Biz b\u0259yan edirik ki, T\u00fcrkiy\u0259nin par\u00e7alanmas\u0131n\u0131 n\u0259z\u0259rd\u0259 tutan gizli sazi\u015fi d\u0259 c\u0131r\u0131b m\u0259hv el\u0259dik&#8230;<\/strong><br><br>.<strong>..Bu y\u0131rt\u0131c\u0131lar\u0131 v\u0259 quldurlar\u0131 \u00f6z \u00f6lk\u0259l\u0259rinizd\u0259n qovun&#187;<\/strong> (\u041f\u0440\u043e\u0444. \u041d. \u041b. \u0420\u0443\u0431\u0438\u043d\u0448\u0442\u0435\u0439\u043d &#171;\u0411\u043b\u0438\u0436\u043d\u0438\u0439 \u0438 \u0421\u0440\u0435\u0434\u043d\u0438\u0439 \u0412\u043e\u0441\u0442\u043e\u043a \u043f\u043e\u0441\u043b\u0435 \u043f\u0435\u0440\u0432\u043e\u0439 \u043c\u0438\u0440\u043e\u0432\u043e\u0439 \u0432\u043e\u0439\u043d\u044b. \u041b\u043e\u0437\u0430\u043d\u043d\u0441\u043a\u0430\u044f \u043a\u043e\u043d\u0444\u0435\u0440\u0435\u043d\u0446\u0438\u044f&#187; \u041c\u043e\u0441\u043a\u0432\u0430 1952 \u0433.).<\/p>\n\n\n\n<figure class=\"wp-block-image size-large is-resized\"><img loading=\"lazy\" decoding=\"async\" src=\"https:\/\/fedai.az\/wp-content\/uploads\/2020\/09\/LlBdyZ.jpg\" alt=\"\" class=\"wp-image-16168\" width=\"1054\" height=\"647\" srcset=\"https:\/\/fedai.az\/wp-content\/uploads\/2020\/09\/LlBdyZ.jpg 652w, https:\/\/fedai.az\/wp-content\/uploads\/2020\/09\/LlBdyZ-300x184.jpg 300w, https:\/\/fedai.az\/wp-content\/uploads\/2020\/09\/LlBdyZ-150x92.jpg 150w\" sizes=\"auto, (max-width: 1054px) 100vw, 1054px\" \/><\/figure>\n\n\n\n<p><br><strong><span class=\"has-inline-color has-vivid-cyan-blue-color\">Bu tarixi m\u0259nz\u0259r\u0259ni qar\u015f\u0131la\u015fd\u0131r\u0131n-1915-16-17-18-20-21-22-23-2015-16-17-18&#8230;<\/span><\/strong><br><br>1919-cu ild\u0259 AB\u015e \u00f6z i\u015f\u011fal\u00e7\u0131l\u0131q niyy\u0259tl\u0259rini gizl\u0259tm\u0259k \u00fc\u00e7\u00fcn T\u00fcrkiy\u0259y\u0259 v\u0259 Zaqafqaziyaya &#171;komissiya&#187; ad\u0131yla m\u0259xfi agentl\u0259rini g\u00f6nd\u0259rdi. Vilsonun tap\u015f\u0131r\u0131\u011f\u0131yla b\u00f6lg\u0259y\u0259 g\u0259l\u0259n x\u0259fiyy\u0259 \u0259lalt\u0131lar\u0131 &#171;Osmanl\u0131n\u0131n par\u00e7alanmas\u0131n\u0131n v\u0259 \u00f6l\u00fcml\u0259rin qar\u015f\u0131s\u0131n\u0131 almaq \u00fc\u00e7\u00fcn&#187; g\u0259ldikl\u0259ri bar\u0259d\u0259 m\u0259lumatlar yay\u0131rd\u0131lar. Eyni zamanda ba\u015fqa bir komanda Batum, \u0130r\u0259van v\u0259 Bak\u0131ya g\u0259ldil\u0259r. Rusiya is\u0259 AB\u015e-dan g\u00f6nd\u0259rilmi\u015f &#171;bol\u015fevikl\u0259r&#187; (y\u0259hudil\u0259r-Trotski, Zinovyev, Sverdlov, Kirov, Kuyb\u0131\u015fev, Dzerjinski v\u0259 daha 245 komissar) is\u0259 Rusiyan\u0131 sahibl\u0259nm\u0259kl\u0259 v\u0259 oyundan \u00e7\u0131xarmaqla \u00f6z a\u011falar\u0131na ay\u0131 xidm\u0259ti g\u00f6st\u0259rm\u0259kd\u0259 idil\u0259r. \u00c7\u00fcnki \u0130ngilisl\u0259r Hindistanad\u0259k olan b\u00fct\u00fcn \u0259razil\u0259r\u0259 tam hakimlik iddias\u0131nda idil\u0259r. B\u00f6lg\u0259d\u0259ki eser-da\u015fnak-men\u015fevikl\u0259r sat\u0131n al\u0131nm\u0131\u015fd\u0131. \u0130ngilt\u0259r\u0259 \u00f6z x\u0259fiyy\u0259l\u0259ri hesab\u0131na 1918-1919-cu ild\u0259 b\u00fct\u00fcn \u0130ran\u0131 \u0259l\u0259 ke\u00e7irmi\u015fdil\u0259r. Vosuq-ad Daule il\u0259 vassal \u015f\u0259rtl\u0259riyl\u0259 sazi\u015f ba\u011flayan ingilisl\u0259r, maliyy\u0259 v\u0259 h\u0259rb daxil \u0130ran\u0131n b\u00fct\u00fcn strateji dayaqlar\u0131n\u0131 \u00f6z \u0259ll\u0259rin\u0259 alm\u0131\u015fd\u0131lar. M\u00fcqavil\u0259 &#171;\u0130ran d\u00f6vl\u0259tinin rifah v\u0259 t\u0259r\u0259qqisi \u00fc\u00e7\u00fcn Britaniya yard\u0131m\u0131 bar\u0259d\u0259 sazi\u015f&#187; adlansa da, m\u0259qs\u0259d, tam olaraq \u0130ran\u0131 \u00f6z protektorat\u0131na almaq idi. <\/p>\n\n\n\n<p>\u018ffqan\u0131standa is\u0259 \u018fmir H\u0259bibullan\u0131 \u0259l\u0259 alaraq onlar\u0131n b\u00fct\u00fcn siyasi kurslar\u0131n\u0131 \u0130ngilt\u0259r\u0259 m\u00fc\u0259yy\u0259nl\u0259\u015fdirirdi. Orta Asiya da 1918-ci ild\u0259n ingilisl\u0259rin n\u0259zar\u0259tind\u0259 idi. AB\u015e-\u0130ngilt\u0259r\u0259 k\u0259\u015ffiyyat\u0131 v\u0259 x\u0259fiyy\u0259l\u0259ri Osmanl\u0131 sultan\u0131na par\u00e7alanma sazi\u015fi &#171;Sevr&#187;i imzalatd\u0131qdan v\u0259 Mesopotomiya, F\u0259l\u0259stin, Suriya, Avropa torpaqlar\u0131 v\u0259 d\u0259nizl\u0259ri \u00f6z mandatlar\u0131na ke\u00e7irdikd\u0259n az sonra AB\u015e ortaya onlar\u0131n mandat\u0131 alt\u0131nda Erm\u0259nistan v\u0259 K\u00fcrd\u00fcstan kimi &#171;m\u00fcst\u0259qil&#187; d\u00f6vl\u0259tl\u0259rin yarad\u0131lmas\u0131 m\u0259s\u0259l\u0259sini qoydu. \u018fsrl\u0259rc\u0259 c\u0131zd\u0131qlar\u0131 x\u0259yallar \u00e7in olmu\u015fdu. F\u00fcrs\u0259td\u0259n istifad\u0259 ed\u0259n imperializm h\u0259r ki\u00e7ik adadan da \u00f6z pay\u0131n\u0131 ist\u0259yirdi. Xain yunan, erm\u0259ni v\u0259 bu xisl\u0259tli \u0259r\u0259b, k\u00fcrdl\u0259r b\u00f6lg\u0259nin qap\u0131lar\u0131n\u0131 ard\u0131c\u0131l sur\u0259td\u0259 imperializmin \u00fcz\u00fcn\u0259 a\u00e7m\u0131\u015fd\u0131&#8230;<\/p>\n\n\n\n<figure class=\"wp-block-image size-large is-resized\"><img loading=\"lazy\" decoding=\"async\" src=\"https:\/\/fedai.az\/wp-content\/uploads\/2020\/09\/RrWE17.png\" alt=\"\" class=\"wp-image-16170\" width=\"928\" height=\"613\" srcset=\"https:\/\/fedai.az\/wp-content\/uploads\/2020\/09\/RrWE17.png 800w, https:\/\/fedai.az\/wp-content\/uploads\/2020\/09\/RrWE17-300x198.png 300w, https:\/\/fedai.az\/wp-content\/uploads\/2020\/09\/RrWE17-150x99.png 150w, https:\/\/fedai.az\/wp-content\/uploads\/2020\/09\/RrWE17-768x507.png 768w\" sizes=\"auto, (max-width: 928px) 100vw, 928px\" \/><\/figure>\n\n\n\n<p><strong>Siyasi m\u0259nz\u0259r\u0259nin q\u0131sa t\u0259svirind\u0259n sonra bildirim ki, d\u00fcnyada q\u00fctbl\u0259\u015fm\u0259 kimi t\u0259qdim olunan iki q\u00fctb, haz\u0131rda \u0259slind\u0259 Rot\u015fild-Britaniya-T\u00fcrkiy\u0259 v\u0259 Rokfell\u0259r-AB\u015e-A\u0130-Rusiya aras\u0131ndad\u0131r. Y\u0259ni bu b\u00f6lg\u00fcd\u0259 Az\u0259rbaycan\u0131n v\u0259 Qaraba\u011f\u0131n yeri haradad\u0131r?<\/strong><br><br>\u0130lkin bax\u0131\u015fda n\u0259z\u0259r\u0259 g\u0259l\u0259n AT\u018fT-in Minsk Qrupunun t\u0259rkibidir. Bu t\u0259rkibin eyni q\u00fctb\u0259 aid olmas\u0131 problemin h\u0259llind\u0259 \u0259sas mane\u0259y\u0259 \u00e7evrilib. Eyni q\u00fctbl\u00fc qolda olan d\u00f6vl\u0259tl\u0259r kritik m\u0259qamda tez raz\u0131la\u015fmalar\u0131n\u0131n ba\u015fl\u0131ca s\u0259b\u0259bi burada axtar\u0131lmal\u0131d\u0131r. Xat\u0131rlad\u0131m ki, AB\u015e SSR\u0130-nin yaranmas\u0131n\u0131 Britaniyaya qar\u015f\u0131 olaraq d\u0259st\u0259kl\u0259mi\u015fdi v\u0259 SSR\u0130-nin s\u0259nayesini AB\u015e m\u00fct\u0259x\u0259ssisl\u0259ri qurmu\u015fdu. Xat\u0131rlad\u0131m ki, Stalinqrad traktor zavodunu AB\u015e-da g\u0259mil\u0259rd\u0259 y\u0131\u011faraq SSR\u0130-y\u0259 g\u0259tirmi\u015fdil\u0259r. Dnepro SES AB\u015e-\u0131n Cooper Engineering Compani v\u0259 Almaniyan\u0131n Siemens \u015firk\u0259tl\u0259ri t\u0259r\u0259find\u0259n qurulmu\u015fdu. M\u0259\u015fhur &#171;Maqnitka&#187; da AB\u015e-\u0131n qurdu\u011fu zavoddur v\u0259 h\u0259tta o zavodun eynisi \u0130ndiana \u015ftat\u0131nda qurulmu\u015fdu. 1930-1940-c\u0131 ill\u0259r aras\u0131ndak\u0131 10 il \u0259rzind\u0259 SSR\u0130-d\u0259 avtomobil, traktor, aviasiya motorlar\u0131 v\u0259 \u0259rzq istehsal ed\u0259n fabrikl\u0259rin ham\u0131s\u0131n\u0131 AB\u015e qurub. T\u0259kc\u0259 AB\u015e-da olan bir layih\u0259l\u0259ndirm\u0259 \u015firk\u0259ti-Albert Kahn \u0130ng. SSR\u0130 \u00fc\u00e7\u00fcn 500-d\u0259n art\u0131q layih\u0259 i\u015fl\u0259yib. Bu i\u015fl\u0259rd\u0259 Sovet xalq\u0131 ucuz i\u015f\u00e7i q\u00fcvv\u0259si kimi istifad\u0259 olunub v\u0259 &#171;rabo\u00e7iy&#187; ad\u0131 he\u00e7 d\u0259 t\u0259sad\u00fcfi deyil&#8230;<br><br>Haz\u0131rda m\u00fcbariz\u0259 \u0130p\u0259k yolu u\u011frunda gedir v\u0259 t\u0259r\u0259fl\u0259rin h\u0259r ikisinin maraqlar\u0131n\u0131n toqqu\u015fdu\u011fu bir \u00f6lk\u0259 kimi Az\u0259rbaycan, Britaniya-T\u00fcrkiy\u0259-\u00c7in layih\u0259sind\u0259 T\u00fcrkiy\u0259-Britaniya birliyin\u0259 daha yax\u0131n g\u00f6r\u00fcnm\u0259kd\u0259dir. D\u00fcnyadak\u0131 m\u00fcharib\u0259l\u0259r Rot\u015fildl\u0259rin monopoliyas\u0131na daxil olsa da, Qafqazda sava\u015f\u0131n alovlanmas\u0131 h\u0259r iki t\u0259r\u0259fin qorxdu\u011fu bir g\u00f6zl\u0259ntidir v\u0259 bunu \u00f6z ist\u0259kl\u0259rini tam m\u00fc\u0259yy\u0259n ed\u0259n\u0259d\u0259k dondurma\u011fa \u00e7al\u0131\u015f\u0131rlar v\u0259 arada al-ver predmeti yaln\u0131z bizim torpaqlar\u0131m\u0131zd\u0131r.<br><br>D\u00f6vl\u0259tl\u0259rin regionda oynad\u0131qlar\u0131 siyasi oyunlar is\u0259 bu imperiya planlar\u0131n\u0131 imitasiya etm\u0259k \u00fc\u00e7\u00fcn oynan\u0131l\u0131r. Rusiya-T\u00fcrkiy\u0259 yax\u0131nla\u015fmas\u0131, \u0130ran-Rusiya yax\u0131nla\u015fmas\u0131, Fransan\u0131n alyansdan k\u0259nar Qafqaz siyas\u0259ti v\u0259 s. Xat\u0131rlad\u0131m ki, 28 \u00f6lk\u0259nin \u00fczv oldu\u011fu NATO, \u0259mrl\u0259ri v\u0259 planlar\u0131 Va\u015finqtondan al\u0131r. NATO daxilind\u0259 AB\u015e-dan icaz\u0259siz q\u0259rar alan\u0131n, siyasi hayat\u0131na son qoyular.<br><br><strong>2011-ci ild\u0259 NATO q\u0259rar\u0131n\u0131 g\u00f6zl\u0259m\u0259d\u0259n Fransa prezidenti Sarkozi, Liviyaya qar\u015f\u0131 h\u0259rbi \u0259m\u0259liyyatlara ba\u015flad\u0131.<\/strong><br><br>Bu saat Sarkozinin n\u0259 i\u015fl\u0259 m\u0259\u015f\u011ful oldu\u011funu bil\u0259n yoxdur. O, \u00f6z memuar\u0131n\u0131 \u00e7ap etdirm\u0259y\u0259 bir n\u0259\u015friyyat tapm\u0131r. \u00c7\u00fcnki Va\u015finqton onun &#171;q\u0259l\u0259mini q\u0131rm\u0131\u015fd\u0131&#187;. Ancaq onun yerin\u0259 g\u0259tiril\u0259n Emmanuel Makron da, gah NATO-ya alternativ olan AB h\u0259rbi birliyi, gah da altdan Qafqaz siyas\u0259ti yeritm\u0259kl\u0259 m\u0259\u015f\u011fuldur. G\u00fcrc\u00fcstanda v\u0259 Erm\u0259nistanda \u0259s\u0259n Fransa k\u00fcl\u0259kl\u0259ri AB\u015e-\u0131n sinirl\u0259rin\u0259 toxunmaqdad\u0131r. Fransan\u0131n De Qoll kimi AB\u015e-a d\u00f6n\u00fck \u00e7\u0131xmas\u0131 \u0259n\u0259n\u0259si m\u00f6vcuddur, amma De Qoldan f\u0259rqli olaraq, AB\u015e-a t\u0259sir r\u0131\u00e7aqlar\u0131 yoxdur.<br><br>De Qoll AB\u015e-dan 1,5 mlrd.dollar \u0259v\u0259zin\u0259 1 unsiya 35 dollar olmaqla q\u0131z\u0131l t\u0259l\u0259b etmi\u015fdi. AB\u015e prezidenti Lindom Cons onu h\u0259d\u0259l\u0259s\u0259 d\u0259, 1965-ci ild\u0259 \u201cya\u015f\u0131l ka\u011f\u0131z\u201d y\u00fckl\u00fc g\u0259mil\u0259ri Nyu York limanlar\u0131na v\u0259 t\u0259yyar\u0259l\u0259rini is\u0259 hava limanlar\u0131na endiyi raportunu ald\u0131. De Qoll cavab t\u0259dbiri kimi \u00f6lk\u0259sind\u0259 yerl\u0259\u015f\u0259n AB\u015e v\u0259 NATO-ya m\u0259xsus 29 h\u0259rbi bazan\u0131n v\u0259 35 min h\u0259rb\u00e7inin \u00e7\u0131xar\u0131lmas\u0131n\u0131 ir\u0259li s\u00fcrm\u00fc\u015fd\u00fc. N\u0259tic\u0259d\u0259 De Qoll iki il \u0259rzind\u0259 Fort Noks \u015f\u0259rtl\u0259rinin y\u00fcng\u00fcll\u0259\u015fdirilm\u0259sin\u0259 v\u0259 3 min ton q\u0131z\u0131la sahib olmu\u015fdu. Amma bu g\u00fcn Fransan\u0131n bel\u0259 bir r\u0131\u00e7a\u011f\u0131 yoxdur v\u0259 ke\u00e7iril\u0259n sar\u0131 &#171;jiletlil\u0259r&#187; aksiyas\u0131 yet\u0259rli d\u0259r\u0259c\u0259d\u0259 \u00f6lk\u0259nin iqtisadi v\u0259 siyasi imicin\u0259 ciddi z\u0259r\u0259r vuran AB\u015e &#171;h\u0259diyy\u0259l\u0259ri&#187; ala bilir.<\/p>\n\n\n\n<figure class=\"wp-block-image size-large is-resized\"><img loading=\"lazy\" decoding=\"async\" src=\"https:\/\/fedai.az\/wp-content\/uploads\/2020\/09\/images-4-1.jpg\" alt=\"\" class=\"wp-image-16169\" width=\"1000\" height=\"615\" srcset=\"https:\/\/fedai.az\/wp-content\/uploads\/2020\/09\/images-4-1.jpg 286w, https:\/\/fedai.az\/wp-content\/uploads\/2020\/09\/images-4-1-150x92.jpg 150w\" sizes=\"auto, (max-width: 1000px) 100vw, 1000px\" \/><\/figure>\n\n\n\n<p>Bu g\u00fcn G\u00fcrc\u00fcstan\u0131 v\u0259 Erm\u0259nistan\u0131 \u00f6z n\u00fcfuz dair\u0259sin\u0259 ke\u00e7ir\u0259n Fransa Qafqazda m\u00f6hk\u0259ml\u0259nm\u0259yi h\u0259d\u0259fl\u0259yir. Az\u0259rbaycana qar\u015f\u0131 G\u00fcrc\u00fcstan\u0131n \u0259sass\u0131z iddialar\u0131n\u0131n k\u00f6k\u00fcnd\u0259 dayanan m\u0259s\u0259l\u0259l\u0259r Fransa il\u0259 ba\u011fl\u0131d\u0131r. B\u0259zi ara\u015fd\u0131rma\u00e7\u0131lar bunu \u0130vana\u015fvili x\u0259tti il\u0259 Rusiyaya calamaq ist\u0259s\u0259l\u0259r d\u0259 m\u0259s\u0259l\u0259nin k\u00f6k\u00fcnd\u0259 Fransan\u0131n durdu\u011funu g\u00f6rm\u0259m\u0259k m\u00fcmk\u00fcn deyil. Bu fikri, \u0259sas\u0259n Az\u0259rbaycan\u0131n AB il\u0259 raz\u0131la\u015fmas\u0131 \u0259r\u0259f\u0259sind\u0259 Rusiyan\u0131n G\u00fcrc\u00fcstan \u00fcz\u0259rind\u0259n basq\u0131s\u0131 kimi qiym\u0259tl\u0259ndir\u0259nl\u0259rin versiyas\u0131 \u00e7ox da a\u011flabatan deyil. Zurabi\u015fvilinin a\u015fkar: &#171;G\u00fcrc\u00fcstan \u0259razisind\u0259 AB\u015e h\u0259rbi bazas\u0131 in\u015fa etm\u0259k m\u0259qs\u0259d\u0259uy\u011fun deyil v\u0259 t\u0259xribatd\u0131r&#187;-dem\u0259si siyasi &#171;sad\u0259l\u00f6vhl\u00fck&#187; say\u0131la bilm\u0259z. Bundan \u00f6nc\u0259 G\u00fcrc\u00fcstan prezidenti Avropaya s\u0259f\u0259r zaman\u0131 deyib ki, \u00f6z \u00f6lk\u0259sinin g\u0259l\u0259c\u0259yini Avropa ail\u0259sind\u0259 \u2013 AB v\u0259 NATO-da g\u00f6r\u00fcr. Onun s\u00f6zl\u0259rin\u0259 g\u00f6r\u0259, \u201cAB-y\u0259 girm\u0259k \u00fc\u00e7\u00fcn qar\u015f\u0131da i\u015f durur, amma, bax, G\u00fcrc\u00fcstan NATO-ya girm\u0259k \u00fc\u00e7\u00fcn yeti\u015fib v\u0259 probleml\u0259r alyans \u00fczvl\u0259rinin geni\u015fl\u0259nm\u0259y\u0259 haz\u0131r olma\u011f\u0131nda, Va\u015finqton v\u0259 Avropa liderl\u0259ri aras\u0131ndak\u0131 m\u00fcnasib\u0259tl\u0259rd\u0259 v\u0259 Moskvan\u0131n m\u00f6vqeyind\u0259dir\u201d.<br><br>G\u00fcrc\u00fcstan\u0131n fransal\u0131 prezidenti t\u0259cr\u00fcb\u0259li diplomatd\u0131r v\u0259 s\u00f6z\u00fc el\u0259-bel\u0259 k\u00fcl\u0259y\u0259 demir. G\u00f6r\u00fcn\u00fcr, bunun \u00fc\u00e7\u00fcn \u00f6z\u00fcn\u00fcn car \u00e7\u0259kilm\u0259y\u0259n s\u0259b\u0259bl\u0259ri var. AB\u015e -\u0131nda onun s\u0259f\u0259rini l\u0259\u011fv etm\u0259sinin k\u00f6k\u00fcnd\u0259 AB\u015e v\u0259 NATO \u0259leyhin\u0259 gedi\u015fi durur. Bu da Fransan\u0131n d\u0259st-x\u0259ttin\u0259 ox\u015fay\u0131r. G\u00fcrc\u00fcstan bu add\u0131mla Britaniyan\u0131n v\u0259 T\u00fcrky\u0259nin lider oldu\u011fu enerji da\u015f\u0131y\u0131c\u0131 layih\u0259l\u0259rini h\u0259d\u0259f\u0259 almas\u0131 g\u00f6r\u00fcn\u0259ndir. M\u00fcsahib\u0259l\u0259rind\u0259n birind\u0259 jurnalistin \u201cNiy\u0259 siz biziml\u0259 sanki yuxar\u0131dan, Parisin h\u00fcnd\u00fcrl\u00fcy\u00fcnd\u0259n a\u015fa\u011f\u0131 dan\u0131\u015f\u0131rs\u0131z?\u201d- sual\u0131na o, a\u015fa\u011f\u0131dak\u0131 cavab\u0131 verib: \u201cY\u0259qin ona g\u00f6r\u0259 ki, b\u0259li, prezident xalqla olmal\u0131d\u0131r, amma o yen\u0259 d\u0259 xalqdan yuxar\u0131d\u0131r\u201d. Y\u0259ni \u00fc\u00e7\u00fcnc\u00fc bir q\u00fcvv\u0259 d\u0259 Qafqaza caynaqlar\u0131n\u0131 atma\u011fa can atmas\u0131 b\u00f6lg\u0259d\u0259 siyasi h\u0259rar\u0259tin tezlikl\u0259 q\u0131z\u0131\u015faca\u011f\u0131ndan x\u0259b\u0259r verir. AB\u015e v\u0259 Rusiya Erm\u0259nistan v\u0259 G\u00fcrc\u00fcstan\u0131 c\u0259zaland\u0131rma\u011fa qalxsalar, \u00e7ox g\u00fcman ki Pa\u015finyan v\u0259 Zuraba\u015fvili Parisd\u0259 memuar yazma\u011fa m\u0259cbur qalacaqlar. Biz bu prosesl\u0259r\u0259 haz\u0131r olmal\u0131y\u0131q.<\/p>\n\n\n\n<p><strong>Birincisi,<\/strong> Az\u0259rbaycan\u0131n AB il\u0259 sazi\u015f imzalamas\u0131 haz\u0131rki \u015f\u0259raitd\u0259 biz\u0259 xeyir ver\u0259c\u0259yi g\u00f6zl\u0259nil\u0259n deyil. Ukraynan\u0131n ba\u015f\u0131na g\u0259l\u0259nl\u0259ri ciddi n\u0259z\u0259rd\u0259n ke\u00e7irm\u0259yimiz vacibdir.<br><br><strong>\u0130kincisi,<\/strong> b\u00f6lg\u0259d\u0259 \u00e7oxlar\u0131 Rusiya-T\u00fcrkiy\u0259 yax\u0131nla\u015fmas\u0131n\u0131 b\u0259zi soyda\u015flar\u0131m\u0131z diqq\u0259tl\u0259 izl\u0259yir v\u0259 yanl\u0131\u015f olaraq bizim \u00fc\u00e7\u00fcn d\u0259 faydal\u0131 olaca\u011f\u0131n\u0131 d\u00fc\u015f\u00fcn\u00fcrl\u0259r. XIX \u0259srin \u0259vv\u0259ll\u0259rind\u0259n tutmu\u015f, 1918-1920-ci il d\u0259 daxil olmaqla bel\u0259 yax\u0131nla\u015fmalar zaman\u0131 t\u0259k itir\u0259n t\u0259r\u0259f, m\u0259hz Az\u0259rbaycan olub. \u00d6nc\u0259 Qacarlar d\u00f6vl\u0259tinin par\u00e7alanmas\u0131yla Az\u0259rbaycan\u0131n iki yer\u0259 b\u00f6l\u00fcnm\u0259si (\u0259sas rolu Britaniya oynad\u0131\u011f\u0131 b\u0259llidir), 1918-ci il \u0130r\u0259van xanl\u0131\u011f\u0131n\u0131n \u0259razisind\u0259 qondarma Ararat respublikas\u0131n\u0131n yaranmas\u0131 (AB\u015e mandat\u0131 v\u0259 Britaniyan\u0131n raz\u0131l\u0131\u011f\u0131 il\u0259), 1920-ci il AXC-nin i\u015f\u011fala m\u0259ruz qoyulmas\u0131 v\u0259 1923-c\u00fc ill\u0259r Qaraba\u011f\u0131n Z\u0259ng\u0259zur mahal\u0131n\u0131n, G\u00f6y\u00e7\u0259 v\u0259 s. torpaqlar\u0131n itirilm\u0259si, m\u0259hz aya\u011f\u0131 &#171;s\u00fcr\u00fc\u015fk\u0259n&#187; rus-t\u00fcrk sazi\u015fl\u0259ri say\u0259sind\u0259 ba\u015f tutub. Bel\u0259 bir anla\u015fma v\u0259 yaxud \u0259ks q\u00fctbl\u00fc dostlu\u011fun olmas\u0131 m\u00fcmk\u00fcn deyil. Bu g\u00fcn bu dostlu\u011fu arzulayan b\u0259zi siyasi &#171;yeng\u0259l\u0259r&#187; bu deyil\u0259nl\u0259ri ara\u015fd\u0131rsalar yax\u015f\u0131d\u0131r.<br><br><strong>\u00dc\u00e7\u00fcnc\u00fcs\u00fc, <\/strong>Qaraba\u011f \u00fcz\u0259rind\u0259 c\u0259ml\u0259\u015f\u0259n xarici maraqlar ara\u015fd\u0131r\u0131lmal\u0131d\u0131r. Bu oyunda h\u0259r k\u0259s \u00f6z oyununu oynay\u0131r. Yaln\u0131z Az\u0259rbaycan ham\u0131n\u0131n oyununu oynay\u0131r v\u0259 \u00f6z\u00fcn\u0259 m\u0259xsus oyunu is\u0259 yoxdur. Problemi d\u0259 Kazimirovun &#171;diaqnozu&#187; il\u0259 &#171;h\u0259lli olmayan probleml\u0259r&#187; kateqoriyas\u0131na yuvarlayan ba\u015fl\u0131ca m\u0259s\u0259l\u0259 el\u0259 budur.<br><br>Qaraba\u011f bizimdirs\u0259, bu problem d\u0259 bizimdir. Bu terror yuvas\u0131n\u0131 d\u00fcnyaya tan\u0131tmaq istiqam\u0259tind\u0259 i\u015f g\u00f6rm\u00fc\u015f\u00fckm\u00fc? H\u0259rbi canil\u0259ri h\u0259rbi tribunala \u00e7\u0131xarm\u0131\u015f\u0131qm\u0131? Bizim olan Qaraba\u011f\u0131, ist\u0259r k\u00f6\u00e7k\u00fcn, ist\u0259r d\u00f6y\u00fc\u015f\u00e7\u00fc kimi \u00f6z mal\u0131m\u0131z kimi ist\u0259mi\u015fikmi?<br><br>H\u0259r k\u0259s Qaraba\u011f, h\u0259r yer Qaraba\u011f, h\u0259r g\u00fcn Qaraba\u011f!-ola bilm\u0259s\u0259k bu m\u0259ml\u0259k\u0259t \u00e7\u00f6k\u0259c\u0259k v\u0259 bizl\u0259r h\u0259l\u0259 d\u0259 bunu anlam\u0131r\u0131q. M\u0259lum Qara d\u0259niz &#8212; X\u0259z\u0259r aras\u0131 t\u00fcrk zola\u011f\u0131n\u0131n aradan qald\u0131r\u0131lmas\u0131 il\u0259 ba\u011fl\u0131 imperialist plan\u0131n\u0131n, el\u0259 \u00f6z \u0259limizl\u0259 icra edil\u0259c\u0259yi qa\u00e7\u0131lmaz olacaqd\u0131r&#8230;<\/p>\n\n\n\n<p><strong>08 may 2019\u00a0&#8212; cu il<\/strong><\/p>\n\n\n\n<p><strong>P.S. Bu yaz\u0131lar t\u0259krar yay\u0131nlan\u0131r. 2017-ci ild\u0259ki m\u0259tnl\u0259r\u0259 azca \u0259lav\u0259l\u0259r edilib.<\/strong><\/p>\n","protected":false},"excerpt":{"rendered":"<p>Xaqani \u018fd\u0259bo\u011fluAVMV\u0130B M\u0259tbuat Xidm\u0259tinin r\u0259hb\u0259riH\u0259r yer Qaraba\u011f, h\u0259r g\u00fcn Qaraba\u011f, h\u0259r k\u0259s Qaraba\u011f\u2026(\u018fvv\u0259li:https:\/\/fedai.az\/?p=15717,\u00a0https:\/\/fedai.az\/?p=15785,\u00a0https:\/\/fedai.az\/?p=15941&amp;fbclid=IwAR0bMF2DOmPuPY7WC-Oa3XNal2RAq1LPOg-dtaHr8KBz8w0vsHEjrs27xko, https:\/\/fedai.az\/?p=16043) V YAZI Qaraba\u011f\u0131n azad edilm\u0259si bu g\u00fcn Az\u0259rbaycan\u0131n olum m\u0259s\u0259l\u0259sin\u0259<\/p>\n","protected":false},"author":2,"featured_media":16171,"comment_status":"closed","ping_status":"closed","sticky":false,"template":"","format":"standard","meta":{"footnotes":""},"categories":[6],"tags":[],"class_list":["post-16167","post","type-post","status-publish","format-standard","has-post-thumbnail","hentry","category-arasdirma"],"aioseo_notices":[],"_links":{"self":[{"href":"https:\/\/fedai.az\/index.php?rest_route=\/wp\/v2\/posts\/16167","targetHints":{"allow":["GET"]}}],"collection":[{"href":"https:\/\/fedai.az\/index.php?rest_route=\/wp\/v2\/posts"}],"about":[{"href":"https:\/\/fedai.az\/index.php?rest_route=\/wp\/v2\/types\/post"}],"author":[{"embeddable":true,"href":"https:\/\/fedai.az\/index.php?rest_route=\/wp\/v2\/users\/2"}],"replies":[{"embeddable":true,"href":"https:\/\/fedai.az\/index.php?rest_route=%2Fwp%2Fv2%2Fcomments&post=16167"}],"version-history":[{"count":1,"href":"https:\/\/fedai.az\/index.php?rest_route=\/wp\/v2\/posts\/16167\/revisions"}],"predecessor-version":[{"id":16172,"href":"https:\/\/fedai.az\/index.php?rest_route=\/wp\/v2\/posts\/16167\/revisions\/16172"}],"wp:featuredmedia":[{"embeddable":true,"href":"https:\/\/fedai.az\/index.php?rest_route=\/wp\/v2\/media\/16171"}],"wp:attachment":[{"href":"https:\/\/fedai.az\/index.php?rest_route=%2Fwp%2Fv2%2Fmedia&parent=16167"}],"wp:term":[{"taxonomy":"category","embeddable":true,"href":"https:\/\/fedai.az\/index.php?rest_route=%2Fwp%2Fv2%2Fcategories&post=16167"},{"taxonomy":"post_tag","embeddable":true,"href":"https:\/\/fedai.az\/index.php?rest_route=%2Fwp%2Fv2%2Ftags&post=16167"}],"curies":[{"name":"wp","href":"https:\/\/api.w.org\/{rel}","templated":true}]}}