{"id":16200,"date":"2020-09-22T10:44:26","date_gmt":"2020-09-22T06:44:26","guid":{"rendered":"https:\/\/fedai.az\/?p=16200"},"modified":"2020-09-22T10:44:28","modified_gmt":"2020-09-22T06:44:28","slug":"q%c9%99nir%c9%99-pasayeva-tovuzdaki-son-v%c9%99ziyy%c9%99t-haqda-danisdi","status":"publish","type":"post","link":"https:\/\/fedai.az\/?p=16200","title":{"rendered":"Q\u0259nir\u0259 Pa\u015fayeva Tovuzdak\u0131 son v\u0259ziyy\u0259t haqda dan\u0131\u015fd\u0131"},"content":{"rendered":"\n<p><strong>&#171;Tovuzda \u00f6n c\u0259bh\u0259d\u0259yik. \u00d6n c\u0259bh\u0259 k\u0259ndl\u0259rimizd\u0259 ya\u015fayan insanlar\u0131m\u0131z h\u0259r zamank\u0131 kimi i\u015f\u011fal\u00e7\u0131 Erm\u0259nistan\u0131n b\u00fct\u00fcn t\u0259xribatlar\u0131na D\u00f6vl\u0259timizin v\u0259 Ordumuza g\u00fcv\u0259nirik v\u0259 yan\u0131nday\u0131q dey\u0259r\u0259k m\u0259rdlikl\u0259 layiqli cavab verirl\u0259r\u201d.\u00a0<\/strong><\/p>\n\n\n\n<p>Bu s\u00f6zl\u0259ri mill\u0259t v\u0259kili Q\u0259nir\u0259 Pa\u015fayeva deyib.\u00a0<\/p>\n\n\n\n<p>O bildirib ki, h\u0259r birimiz d\u00f6vl\u0259timizin yan\u0131nda olmal\u0131y\u0131q: &#171;H\u0259rbi\u00e7il\u0259rimiz v\u0259 \u0259sg\u0259rl\u0259rimiz d\u00fc\u015fm\u0259n\u0259 layiqli cavab verirl\u0259r. Siyasi d\u00fc\u015f\u00fcnc\u0259sind\u0259n as\u0131l\u0131 olmayaraq d\u00fcnyan\u0131n h\u0259r yerind\u0259 ya\u015fayan az\u0259rbaycanl\u0131lar daha da birlik i\u00e7ind\u0259 v\u0259 k\u00f6n\u00fcll\u00fc \u0259sg\u0259r kimi Ali Ba\u015f Komandan\u0131m\u0131z\u0131n yan\u0131nda olmal\u0131, i\u015f\u011fal\u00e7\u0131 Erm\u0259nistana qar\u015f\u0131 daha da g\u00fccl\u00fc m\u00fcbariz\u0259 aparmal\u0131y\u0131q. Biz i\u015f\u011fal\u00e7\u0131n\u0131n arxas\u0131nda duran g\u00fccl\u0259ri da n\u0259z\u0259r\u0259 almal\u0131y\u0131q v\u0259 V\u0259t\u0259nimiz\u0259, M\u00fcst\u0259qil D\u00f6vl\u0259timiz\u0259 qar\u015f\u0131 olan g\u00fccl\u0259r\u0259 qar\u015f\u0131 m\u00fcbariz\u0259mizi daha da g\u00fccl\u0259ndirm\u0259liyik. Bu g\u00fcn h\u0259r birimiz D\u00f6vl\u0259timizin k\u00f6n\u00fcll\u00fc \u0259sg\u0259ri olmal\u0131y\u0131q. Allah D\u00f6vl\u0259timizi v\u0259 Mill\u0259timizi qorusun\u201d.(Azxeber.com)<\/p>\n","protected":false},"excerpt":{"rendered":"<p>&#171;Tovuzda \u00f6n c\u0259bh\u0259d\u0259yik. \u00d6n c\u0259bh\u0259 k\u0259ndl\u0259rimizd\u0259 ya\u015fayan insanlar\u0131m\u0131z h\u0259r zamank\u0131 kimi i\u015f\u011fal\u00e7\u0131 Erm\u0259nistan\u0131n b\u00fct\u00fcn t\u0259xribatlar\u0131na D\u00f6vl\u0259timizin v\u0259 Ordumuza g\u00fcv\u0259nirik v\u0259 yan\u0131nday\u0131q dey\u0259r\u0259k m\u0259rdlikl\u0259 layiqli<\/p>\n","protected":false},"author":2,"featured_media":16201,"comment_status":"closed","ping_status":"closed","sticky":false,"template":"","format":"standard","meta":{"footnotes":""},"categories":[3],"tags":[],"class_list":["post-16200","post","type-post","status-publish","format-standard","has-post-thumbnail","hentry","category-gundm"],"aioseo_notices":[],"_links":{"self":[{"href":"https:\/\/fedai.az\/index.php?rest_route=\/wp\/v2\/posts\/16200","targetHints":{"allow":["GET"]}}],"collection":[{"href":"https:\/\/fedai.az\/index.php?rest_route=\/wp\/v2\/posts"}],"about":[{"href":"https:\/\/fedai.az\/index.php?rest_route=\/wp\/v2\/types\/post"}],"author":[{"embeddable":true,"href":"https:\/\/fedai.az\/index.php?rest_route=\/wp\/v2\/users\/2"}],"replies":[{"embeddable":true,"href":"https:\/\/fedai.az\/index.php?rest_route=%2Fwp%2Fv2%2Fcomments&post=16200"}],"version-history":[{"count":1,"href":"https:\/\/fedai.az\/index.php?rest_route=\/wp\/v2\/posts\/16200\/revisions"}],"predecessor-version":[{"id":16202,"href":"https:\/\/fedai.az\/index.php?rest_route=\/wp\/v2\/posts\/16200\/revisions\/16202"}],"wp:featuredmedia":[{"embeddable":true,"href":"https:\/\/fedai.az\/index.php?rest_route=\/wp\/v2\/media\/16201"}],"wp:attachment":[{"href":"https:\/\/fedai.az\/index.php?rest_route=%2Fwp%2Fv2%2Fmedia&parent=16200"}],"wp:term":[{"taxonomy":"category","embeddable":true,"href":"https:\/\/fedai.az\/index.php?rest_route=%2Fwp%2Fv2%2Fcategories&post=16200"},{"taxonomy":"post_tag","embeddable":true,"href":"https:\/\/fedai.az\/index.php?rest_route=%2Fwp%2Fv2%2Ftags&post=16200"}],"curies":[{"name":"wp","href":"https:\/\/api.w.org\/{rel}","templated":true}]}}