{"id":16240,"date":"2020-09-23T00:15:52","date_gmt":"2020-09-22T20:15:52","guid":{"rendered":"https:\/\/fedai.az\/?p=16240"},"modified":"2020-09-23T00:15:55","modified_gmt":"2020-09-22T20:15:55","slug":"erm%c9%99nistandan-qarabag-aciqlamasi-r%c9%99smi","status":"publish","type":"post","link":"https:\/\/fedai.az\/?p=16240","title":{"rendered":"Erm\u0259nistandan Qaraba\u011f a\u00e7\u0131qlamas\u0131 &#8212; R\u0259smi"},"content":{"rendered":"\n<p><strong>Erm\u0259nistan hakimiyy\u0259ti Da\u011fl\u0131q Qaraba\u011f m\u00fcnaqi\u015f\u0259sinin h\u0259lli il\u0259 ba\u011fl\u0131 dan\u0131\u015f\u0131qlar\u0131 ist\u0259nil\u0259n an b\u0259rpa etm\u0259y\u0259 haz\u0131rd\u0131r. Bunu Erm\u0259nistan\u0131n xarici i\u015fl\u0259r naziri Zohrab Mnatsakanyan deyib.<\/strong><\/p>\n\n\n\n<p> O, s\u00fclh prosesin\u0259 alternativin olmad\u0131\u011f\u0131n\u0131 bildirib. &#171;Biz s\u00fclh yolu il\u0259 nizamlanmaya sadiqik. Biz s\u00fclh prosesinin davam etdirilm\u0259sin\u0259 m\u0259hz bu m\u0259ntiq \u00e7\u0259r\u00e7iv\u0259sind\u0259 haz\u0131r olmu\u015fuq v\u0259 haz\u0131r olaraq qal\u0131r\u0131q\u201d, &#8212; dey\u0259 &#171;Panorama&#187;q\u0259zeti nazird\u0259n sitat g\u0259tirib. <\/p>\n\n\n\n<p>Mnatsakanyan xat\u0131rlad\u0131b ki, Az\u0259rbaycan t\u0259r\u0259fi il\u0259 son g\u00f6r\u00fc\u015f yanvarda ke\u00e7irilib, amma buna baxmayaraq, Yerevan\u0131n s\u00fclh dan\u0131\u015f\u0131qlar\u0131n\u0131n davam etdirilm\u0259si il\u0259 ba\u011fl\u0131 q\u0259tiyy\u0259ti he\u00e7 zaman azalmay\u0131b. &#171;Biz bunu etm\u0259y\u0259 haz\u0131r\u0131q. Haz\u0131rda m\u0259sl\u0259h\u0259tl\u0259\u015firik, h\u0259ms\u0259drl\u0259rl\u0259 dan\u0131\u015f\u0131r\u0131q, i\u015fl\u0259yirik&#187;, &#8212; dey\u0259 Mnatsakanyan vur\u011fulay\u0131b<\/p>\n","protected":false},"excerpt":{"rendered":"<p>Erm\u0259nistan hakimiyy\u0259ti Da\u011fl\u0131q Qaraba\u011f m\u00fcnaqi\u015f\u0259sinin h\u0259lli il\u0259 ba\u011fl\u0131 dan\u0131\u015f\u0131qlar\u0131 ist\u0259nil\u0259n an b\u0259rpa etm\u0259y\u0259 haz\u0131rd\u0131r. Bunu Erm\u0259nistan\u0131n xarici i\u015fl\u0259r naziri Zohrab Mnatsakanyan deyib. O, s\u00fclh<\/p>\n","protected":false},"author":2,"featured_media":16241,"comment_status":"closed","ping_status":"closed","sticky":false,"template":"","format":"standard","meta":{"footnotes":""},"categories":[1],"tags":[],"class_list":["post-16240","post","type-post","status-publish","format-standard","has-post-thumbnail","hentry","category-siyast"],"aioseo_notices":[],"_links":{"self":[{"href":"https:\/\/fedai.az\/index.php?rest_route=\/wp\/v2\/posts\/16240","targetHints":{"allow":["GET"]}}],"collection":[{"href":"https:\/\/fedai.az\/index.php?rest_route=\/wp\/v2\/posts"}],"about":[{"href":"https:\/\/fedai.az\/index.php?rest_route=\/wp\/v2\/types\/post"}],"author":[{"embeddable":true,"href":"https:\/\/fedai.az\/index.php?rest_route=\/wp\/v2\/users\/2"}],"replies":[{"embeddable":true,"href":"https:\/\/fedai.az\/index.php?rest_route=%2Fwp%2Fv2%2Fcomments&post=16240"}],"version-history":[{"count":1,"href":"https:\/\/fedai.az\/index.php?rest_route=\/wp\/v2\/posts\/16240\/revisions"}],"predecessor-version":[{"id":16242,"href":"https:\/\/fedai.az\/index.php?rest_route=\/wp\/v2\/posts\/16240\/revisions\/16242"}],"wp:featuredmedia":[{"embeddable":true,"href":"https:\/\/fedai.az\/index.php?rest_route=\/wp\/v2\/media\/16241"}],"wp:attachment":[{"href":"https:\/\/fedai.az\/index.php?rest_route=%2Fwp%2Fv2%2Fmedia&parent=16240"}],"wp:term":[{"taxonomy":"category","embeddable":true,"href":"https:\/\/fedai.az\/index.php?rest_route=%2Fwp%2Fv2%2Fcategories&post=16240"},{"taxonomy":"post_tag","embeddable":true,"href":"https:\/\/fedai.az\/index.php?rest_route=%2Fwp%2Fv2%2Ftags&post=16240"}],"curies":[{"name":"wp","href":"https:\/\/api.w.org\/{rel}","templated":true}]}}