{"id":16243,"date":"2020-09-23T00:44:27","date_gmt":"2020-09-22T20:44:27","guid":{"rendered":"https:\/\/fedai.az\/?p=16243"},"modified":"2020-09-23T00:44:31","modified_gmt":"2020-09-22T20:44:31","slug":"h%c9%99ms%c9%99drl%c9%99r-qarabagda-eys-isr%c9%99td%c9%99-%c9%99li-h%c9%99s%c9%99nov-hec-yerd%c9%99-yayimlanmayan-fotosubutlari-t%c9%99qdim-etdi","status":"publish","type":"post","link":"https:\/\/fedai.az\/?p=16243","title":{"rendered":"H\u0259ms\u0259drl\u0259r Qaraba\u011fda ey\u015f-i\u015fr\u0259td\u0259 \u2014 \u018fli H\u0259s\u0259nov he\u00e7 yerd\u0259 yay\u0131mlanmayan fotos\u00fcbutlar\u0131 t\u0259qdim etdi"},"content":{"rendered":"\n<p><strong>REAL AT\u018fT-in Minsk Qrupu h\u0259ms\u0259drl\u0259rinin b\u00f6lg\u0259y\u0259 s\u0259f\u0259ri zaman\u0131 Az\u0259rbaycan\u0131n i\u015f\u011fal alt\u0131ndak\u0131 \u0259razil\u0259rind\u0259ki ey\u015f-i\u015fr\u0259t m\u0259clisl\u0259rinin fotolar\u0131n\u0131 \u0259ld\u0259 edib. Fotos\u00fcbutlar\u0131 Ba\u015f nazirin ke\u00e7mi\u015f m\u00fcavini, Yeni Az\u0259rbaycan Partiyas\u0131 s\u0259drinin m\u00fcavini \u018fli H\u0259s\u0259nov t\u0259qdim edib. Onun s\u00f6zl\u0259rin\u0259 g\u00f6r\u0259, fotolar K\u0259lb\u0259c\u0259r v\u0259 Xank\u0259ndid\u0259 \u00e7\u0259kilib.<\/strong><\/p>\n\n\n\n<figure class=\"wp-block-image size-large\"><img loading=\"lazy\" decoding=\"async\" width=\"800\" height=\"349\" src=\"https:\/\/fedai.az\/wp-content\/uploads\/2020\/09\/1199490186138131028364103740102089468529609n.jpg\" alt=\"\" class=\"wp-image-16244\" srcset=\"https:\/\/fedai.az\/wp-content\/uploads\/2020\/09\/1199490186138131028364103740102089468529609n.jpg 800w, https:\/\/fedai.az\/wp-content\/uploads\/2020\/09\/1199490186138131028364103740102089468529609n-300x131.jpg 300w, https:\/\/fedai.az\/wp-content\/uploads\/2020\/09\/1199490186138131028364103740102089468529609n-150x65.jpg 150w, https:\/\/fedai.az\/wp-content\/uploads\/2020\/09\/1199490186138131028364103740102089468529609n-768x335.jpg 768w\" sizes=\"auto, (max-width: 800px) 100vw, 800px\" \/><\/figure>\n\n\n\n<p>\u00a0Qeyd ed\u0259k ki, AT\u018fT-in Minsk qrupu Erm\u0259nistan-Az\u0259rbaycan, Da\u011fl\u0131q Qaraba\u011f m\u00fcnaqi\u015f\u0259sinin AT\u018fT-in prinsipl\u0259ri \u0259sas\u0131nda s\u00fclh yolu il\u0259 dan\u0131\u015f\u0131qlar vasit\u0259si il\u0259 h\u0259lli \u00fc\u00e7\u00fcn yarad\u0131l\u0131b.<\/p>\n\n\n\n<figure class=\"wp-block-embed-youtube wp-block-embed is-type-video is-provider-youtube wp-embed-aspect-16-9 wp-has-aspect-ratio\"><div class=\"wp-block-embed__wrapper\">\n<iframe loading=\"lazy\" title=\"H\u0259ms\u0259drl\u0259r Qaraba\u011fda ey\u015f-i\u015fr\u0259td\u0259\" width=\"715\" height=\"402\" src=\"https:\/\/www.youtube.com\/embed\/FT-CXcQfXv4?feature=oembed\" frameborder=\"0\" allow=\"accelerometer; autoplay; clipboard-write; encrypted-media; gyroscope; picture-in-picture\" allowfullscreen><\/iframe>\n<\/div><\/figure>\n","protected":false},"excerpt":{"rendered":"<p>REAL AT\u018fT-in Minsk Qrupu h\u0259ms\u0259drl\u0259rinin b\u00f6lg\u0259y\u0259 s\u0259f\u0259ri zaman\u0131 Az\u0259rbaycan\u0131n i\u015f\u011fal alt\u0131ndak\u0131 \u0259razil\u0259rind\u0259ki ey\u015f-i\u015fr\u0259t m\u0259clisl\u0259rinin fotolar\u0131n\u0131 \u0259ld\u0259 edib. Fotos\u00fcbutlar\u0131 Ba\u015f nazirin ke\u00e7mi\u015f m\u00fcavini, Yeni Az\u0259rbaycan<\/p>\n","protected":false},"author":2,"featured_media":16245,"comment_status":"closed","ping_status":"closed","sticky":false,"template":"","format":"standard","meta":{"footnotes":""},"categories":[1],"tags":[],"class_list":["post-16243","post","type-post","status-publish","format-standard","has-post-thumbnail","hentry","category-siyast"],"aioseo_notices":[],"_links":{"self":[{"href":"https:\/\/fedai.az\/index.php?rest_route=\/wp\/v2\/posts\/16243","targetHints":{"allow":["GET"]}}],"collection":[{"href":"https:\/\/fedai.az\/index.php?rest_route=\/wp\/v2\/posts"}],"about":[{"href":"https:\/\/fedai.az\/index.php?rest_route=\/wp\/v2\/types\/post"}],"author":[{"embeddable":true,"href":"https:\/\/fedai.az\/index.php?rest_route=\/wp\/v2\/users\/2"}],"replies":[{"embeddable":true,"href":"https:\/\/fedai.az\/index.php?rest_route=%2Fwp%2Fv2%2Fcomments&post=16243"}],"version-history":[{"count":1,"href":"https:\/\/fedai.az\/index.php?rest_route=\/wp\/v2\/posts\/16243\/revisions"}],"predecessor-version":[{"id":16246,"href":"https:\/\/fedai.az\/index.php?rest_route=\/wp\/v2\/posts\/16243\/revisions\/16246"}],"wp:featuredmedia":[{"embeddable":true,"href":"https:\/\/fedai.az\/index.php?rest_route=\/wp\/v2\/media\/16245"}],"wp:attachment":[{"href":"https:\/\/fedai.az\/index.php?rest_route=%2Fwp%2Fv2%2Fmedia&parent=16243"}],"wp:term":[{"taxonomy":"category","embeddable":true,"href":"https:\/\/fedai.az\/index.php?rest_route=%2Fwp%2Fv2%2Fcategories&post=16243"},{"taxonomy":"post_tag","embeddable":true,"href":"https:\/\/fedai.az\/index.php?rest_route=%2Fwp%2Fv2%2Ftags&post=16243"}],"curies":[{"name":"wp","href":"https:\/\/api.w.org\/{rel}","templated":true}]}}