{"id":16250,"date":"2020-09-23T00:59:18","date_gmt":"2020-09-22T20:59:18","guid":{"rendered":"https:\/\/fedai.az\/?p=16250"},"modified":"2020-09-23T00:59:20","modified_gmt":"2020-09-22T20:59:20","slug":"qarabagda-erm%c9%99ni-h%c9%99rbcisi-g%c9%99b%c9%99rdi","status":"publish","type":"post","link":"https:\/\/fedai.az\/?p=16250","title":{"rendered":"Qaraba\u011fda erm\u0259ni h\u0259rb\u00e7isi g\u0259b\u0259rdi"},"content":{"rendered":"\n<p><strong>Az\u0259rbaycan\u0131n i\u015f\u011fal alt\u0131ndak\u0131 torplaqlar\u0131nda yerl\u0259\u015fdirilmi\u015f Erm\u0259nistan ordusunun s\u0131ralar\u0131nda itki var.<\/strong><\/p>\n\n\n\n<p><strong>Fedai.az<\/strong>\u00a0konkret.az-a istinad\u0259n x\u0259b\u0259r verir ki, ad\u0131 a\u00e7\u0131qlanmayan h\u0259rb\u00e7i 1990-c\u0131 il sentyabr\u0131n 20-d\u0259 anadan olub. Onun diversiya c\u0259hdi zaman\u0131 m\u0259hv edildiyi ehtimal olunsa da, onun ail\u0259sin\u0259 \u00f6l\u00fcm s\u0259b\u0259bi kimi \u00fcr\u0259k tutmas\u0131 g\u00f6st\u0259rilib.<\/p>\n\n\n\n<p>Erm\u0259nistan M\u00fcdafi\u0259 Nazirliyi is\u0259 \u0259sg\u0259r \u00f6l\u00fcm\u00fc il\u0259 ba\u011fl\u0131 h\u0259l\u0259 d\u0259 r\u0259smi a\u00e7\u0131qlama verm\u0259yib<\/p>\n","protected":false},"excerpt":{"rendered":"<p>Az\u0259rbaycan\u0131n i\u015f\u011fal alt\u0131ndak\u0131 torplaqlar\u0131nda yerl\u0259\u015fdirilmi\u015f Erm\u0259nistan ordusunun s\u0131ralar\u0131nda itki var. Fedai.az\u00a0konkret.az-a istinad\u0259n x\u0259b\u0259r verir ki, ad\u0131 a\u00e7\u0131qlanmayan h\u0259rb\u00e7i 1990-c\u0131 il sentyabr\u0131n 20-d\u0259 anadan olub.<\/p>\n","protected":false},"author":2,"featured_media":15787,"comment_status":"closed","ping_status":"closed","sticky":false,"template":"","format":"standard","meta":{"footnotes":""},"categories":[4],"tags":[],"class_list":["post-16250","post","type-post","status-publish","format-standard","has-post-thumbnail","hentry","category-qarabag"],"aioseo_notices":[],"_links":{"self":[{"href":"https:\/\/fedai.az\/index.php?rest_route=\/wp\/v2\/posts\/16250","targetHints":{"allow":["GET"]}}],"collection":[{"href":"https:\/\/fedai.az\/index.php?rest_route=\/wp\/v2\/posts"}],"about":[{"href":"https:\/\/fedai.az\/index.php?rest_route=\/wp\/v2\/types\/post"}],"author":[{"embeddable":true,"href":"https:\/\/fedai.az\/index.php?rest_route=\/wp\/v2\/users\/2"}],"replies":[{"embeddable":true,"href":"https:\/\/fedai.az\/index.php?rest_route=%2Fwp%2Fv2%2Fcomments&post=16250"}],"version-history":[{"count":1,"href":"https:\/\/fedai.az\/index.php?rest_route=\/wp\/v2\/posts\/16250\/revisions"}],"predecessor-version":[{"id":16251,"href":"https:\/\/fedai.az\/index.php?rest_route=\/wp\/v2\/posts\/16250\/revisions\/16251"}],"wp:featuredmedia":[{"embeddable":true,"href":"https:\/\/fedai.az\/index.php?rest_route=\/wp\/v2\/media\/15787"}],"wp:attachment":[{"href":"https:\/\/fedai.az\/index.php?rest_route=%2Fwp%2Fv2%2Fmedia&parent=16250"}],"wp:term":[{"taxonomy":"category","embeddable":true,"href":"https:\/\/fedai.az\/index.php?rest_route=%2Fwp%2Fv2%2Fcategories&post=16250"},{"taxonomy":"post_tag","embeddable":true,"href":"https:\/\/fedai.az\/index.php?rest_route=%2Fwp%2Fv2%2Ftags&post=16250"}],"curies":[{"name":"wp","href":"https:\/\/api.w.org\/{rel}","templated":true}]}}