{"id":16252,"date":"2020-09-23T01:02:00","date_gmt":"2020-09-22T21:02:00","guid":{"rendered":"https:\/\/fedai.az\/?p=16252"},"modified":"2020-09-23T01:02:01","modified_gmt":"2020-09-22T21:02:01","slug":"az%c9%99rbaycanla-muharib%c9%99nin-olmamasi-ucun-dua-edirik-muharib%c9%99-bizim-ucun-f%c9%99lak%c9%99t-olacaq-naira-zoqrabyan","status":"publish","type":"post","link":"https:\/\/fedai.az\/?p=16252","title":{"rendered":"\u201cAz\u0259rbaycanla m\u00fcharib\u0259nin olmamas\u0131 \u00fc\u00e7\u00fcn dua edirik, m\u00fcharib\u0259 bizim \u00fc\u00e7\u00fcn f\u0259lak\u0259t olacaq\u201d \u2013 Naira Zoqrabyan"},"content":{"rendered":"\n<p><strong>2018-ci ild\u0259 ba\u015f ver\u0259n hakimiyy\u0259t d\u0259yi\u015fikliyind\u0259n sonra Erm\u0259nistan v\u0259t\u0259nda\u015flar\u0131n\u0131n \u00fcmidl\u0259ri do\u011frulmad\u0131, bel\u0259 ki, Nikol Pa\u015finyan h\u00f6kum\u0259ti xalq h\u0259r\u0259kat\u0131n\u0131n yaratd\u0131\u011f\u0131 imkanlardan istifad\u0259 etm\u0259di.<\/strong><\/p>\n\n\n\n<p>Fedai.az Avropa.info-ya istinad\u0259n x\u0259b\u0259r verir ki, bu s\u00f6zl\u0259ri \u00c7i\u00e7\u0259kl\u0259n\u0259n Erm\u0259nistan partiyas\u0131n\u0131n ba\u015f katibi Naira Zoqrabyan \u201cVestnik Kakaza\u201d portal\u0131na m\u00fcsahib\u0259sind\u0259 deyib.<\/p>\n\n\n\n<p><strong>Erm\u0259nistanda Az\u0259rbaycanla geni\u015f miqyasl\u0131 m\u00fcharib\u0259ni b\u0259rpa etm\u0259k ehtimal\u0131na nec\u0259 yana\u015f\u0131rlar?<\/strong><\/p>\n\n\n\n<p>&#8212; Bunun olmamas\u0131 \u00fc\u00e7\u00fcn dua ed\u0259c\u0259yik, \u00e7\u00fcnki m\u0259s\u0259l\u0259nin s\u00fclh dan\u0131\u015f\u0131qlar\u0131 yolu il\u0259 h\u0259ll olunmal\u0131 oldu\u011funa inan\u0131r\u0131q. \u018flb\u0259tt\u0259 ki, Da\u011fl\u0131q Qaraba\u011f m\u0259s\u0259l\u0259si g\u00fcnd\u0259m\u0259 g\u0259l\u0259nd\u0259 biz h\u0259mi\u015f\u0259 hakimiyy\u0259tl\u0259 eyni t\u0259r\u0259fd\u0259 olma\u011fa, h\u0259mr\u0259ylik n\u00fcmayi\u015f etdirm\u0259y\u0259 \u00e7al\u0131\u015f\u0131r\u0131q, amma d\u00fc\u015f\u00fcn\u00fcr\u0259m ki, beyn\u0259lxalq birliyin, AT\u018fT-in Minsk qrupunun k\u00f6m\u0259yi il\u0259 v\u0259ziyy\u0259tin g\u0259rginl\u0259\u015fm\u0259sinin qar\u015f\u0131s\u0131n\u0131 almaq laz\u0131md\u0131r. M\u00fcharib\u0259 bizim \u00fc\u00e7\u00fcn f\u0259lak\u0259t olacaq. H\u0259r \u00f6l\u00fcm k\u0259d\u0259rdir, h\u0259r \u00f6l\u00fcm bizi s\u00fclh dan\u0131\u015f\u0131qlar\u0131 prosesind\u0259n bir add\u0131m uzaqla\u015fd\u0131r\u0131r.<\/p>\n\n\n\n<p><strong>&#8212; Bununla ba\u011fl\u0131 Nikol Pa\u015finyan\u0131n Da\u011fl\u0131q Qaraba\u011f nizamlanmas\u0131nda tutdu\u011fu kursu nec\u0259 qiym\u0259tl\u0259ndirirsiniz?<\/strong><\/p>\n\n\n\n<p>&#8212; Hesab edirik ki, haz\u0131rk\u0131 h\u00f6kum\u0259t Qaraba\u011fla ba\u011fl\u0131 dan\u0131\u015f\u0131qlar prosesini \u00e7\u0131x\u0131lmaz v\u0259ziyy\u0259t\u0259 g\u0259tirib \u00e7\u0131xar\u0131b. M\u00fcnaqi\u015f\u0259nin nizamlanmas\u0131 \u00fc\u00e7\u00fcn n\u0259 mexanizml\u0259ri, n\u0259 add\u0131mlar\u0131, n\u0259 d\u0259 m\u00fcnaqi\u015f\u0259nin h\u0259lli \u00fc\u00e7\u00fcn bir bax\u0131\u015f var. Bu da normal s\u00fclh prosesin\u0259 ziyan vurur. S\u0259lahiyy\u0259tli \u015f\u0259xsl\u0259rd\u0259n he\u00e7 bir add\u0131m g\u00f6rm\u00fcr\u00fck. Vaxt\u0131nda \u00e7ox \u015fey \u0259ld\u0259 edildi, AT\u018fT-in Minsk Qrupu 2016-c\u0131 il Sankt-Peterburq raz\u0131la\u015fmalar\u0131na raz\u0131l\u0131q verdi v\u0259 b\u0259s indi? Hakimiyy\u0259td\u0259n h\u0259m Erm\u0259nistan\u0131n siyasi q\u00fcvv\u0259l\u0259ri il\u0259, h\u0259m d\u0259 xalqla s\u0259mimi olmas\u0131n\u0131 t\u0259l\u0259b edirik, lakin Da\u011fl\u0131q Qaraba\u011fla ba\u011fl\u0131 apard\u0131\u011f\u0131 ayd\u0131n siyas\u0259t g\u00f6rm\u00fcr\u00fck.<\/p>\n\n\n\n<p>Bu da insanlar\u0131n art\u0131q m\u00f6vcud olan b\u00fct\u00fcn sosial-iqtisadi probleml\u0259rinin \u00fcz\u0259rin\u0259 y\u0131\u011f\u0131l\u0131r. D\u00fc\u015f\u00fcn\u00fcr\u0259m ki, indi verdiyiniz sualla insanlara m\u00fcraci\u0259t ets\u0259k, m\u00fctl\u0259q \u0259ks\u0259riyy\u0259t m\u00f6vcud h\u00f6kum\u0259tin Da\u011fl\u0131q Qaraba\u011fla ba\u011fl\u0131 hans\u0131 siyas\u0259t y\u00fcr\u00fctd\u00fcy\u00fcn\u00fc anlamad\u0131qlar\u0131n\u0131 dey\u0259c\u0259kl\u0259r.<\/p>\n\n\n\n<p>Naira Zoqrabyan Erm\u0259nistanda yaranan d\u00f6z\u00fclm\u0259z iqtisadi v\u0259ziyy\u0259t \u00fcz\u00fcnd\u0259n \u00f6lk\u0259ni t\u0259rk etm\u0259k \u00fc\u00e7\u00fcn etiraz aksiyalar\u0131 ke\u00e7irdiyini deyib:<\/p>\n\n\n\n<p>\u201cM\u0259nim \u00fc\u00e7\u00fcn bu b\u00f6y\u00fck absurddur. \u00d6lk\u0259d\u0259 v\u0259ziyy\u0259tin yax\u015f\u0131la\u015fmas\u0131 \u00fc\u00e7\u00fcn inqilab u\u011frunda d\u00f6y\u00fc\u015f\u0259n insanlar indi \u201cErm\u0259nistan\u0131 t\u0259rk etm\u0259y\u0259 icaz\u0259 verin\u201d, \u201cRusiyaya getm\u0259k ist\u0259yirik!\u201d \u015f\u00fcarlar\u0131 il\u0259 dayan\u0131rlar. Respublikada ya\u015fama\u011f\u0131n n\u0259 q\u0259d\u0259r a\u011f\u0131r oldu\u011funu g\u00f6st\u0259r\u0259n bu plakatlara baxmaq bir Erm\u0259nistan v\u0259t\u0259nda\u015f\u0131 kimi m\u0259nim \u00fc\u00e7\u00fcn \u00e7ox a\u011fr\u0131l\u0131d\u0131r\u201d.<\/p>\n","protected":false},"excerpt":{"rendered":"<p>2018-ci ild\u0259 ba\u015f ver\u0259n hakimiyy\u0259t d\u0259yi\u015fikliyind\u0259n sonra Erm\u0259nistan v\u0259t\u0259nda\u015flar\u0131n\u0131n \u00fcmidl\u0259ri do\u011frulmad\u0131, bel\u0259 ki, Nikol Pa\u015finyan h\u00f6kum\u0259ti xalq h\u0259r\u0259kat\u0131n\u0131n yaratd\u0131\u011f\u0131 imkanlardan istifad\u0259 etm\u0259di. Fedai.az Avropa.info-ya<\/p>\n","protected":false},"author":2,"featured_media":16253,"comment_status":"closed","ping_status":"closed","sticky":false,"template":"","format":"standard","meta":{"footnotes":""},"categories":[4],"tags":[],"class_list":["post-16252","post","type-post","status-publish","format-standard","has-post-thumbnail","hentry","category-qarabag"],"aioseo_notices":[],"_links":{"self":[{"href":"https:\/\/fedai.az\/index.php?rest_route=\/wp\/v2\/posts\/16252","targetHints":{"allow":["GET"]}}],"collection":[{"href":"https:\/\/fedai.az\/index.php?rest_route=\/wp\/v2\/posts"}],"about":[{"href":"https:\/\/fedai.az\/index.php?rest_route=\/wp\/v2\/types\/post"}],"author":[{"embeddable":true,"href":"https:\/\/fedai.az\/index.php?rest_route=\/wp\/v2\/users\/2"}],"replies":[{"embeddable":true,"href":"https:\/\/fedai.az\/index.php?rest_route=%2Fwp%2Fv2%2Fcomments&post=16252"}],"version-history":[{"count":1,"href":"https:\/\/fedai.az\/index.php?rest_route=\/wp\/v2\/posts\/16252\/revisions"}],"predecessor-version":[{"id":16254,"href":"https:\/\/fedai.az\/index.php?rest_route=\/wp\/v2\/posts\/16252\/revisions\/16254"}],"wp:featuredmedia":[{"embeddable":true,"href":"https:\/\/fedai.az\/index.php?rest_route=\/wp\/v2\/media\/16253"}],"wp:attachment":[{"href":"https:\/\/fedai.az\/index.php?rest_route=%2Fwp%2Fv2%2Fmedia&parent=16252"}],"wp:term":[{"taxonomy":"category","embeddable":true,"href":"https:\/\/fedai.az\/index.php?rest_route=%2Fwp%2Fv2%2Fcategories&post=16252"},{"taxonomy":"post_tag","embeddable":true,"href":"https:\/\/fedai.az\/index.php?rest_route=%2Fwp%2Fv2%2Ftags&post=16252"}],"curies":[{"name":"wp","href":"https:\/\/api.w.org\/{rel}","templated":true}]}}