{"id":16258,"date":"2020-09-23T01:58:55","date_gmt":"2020-09-22T21:58:55","guid":{"rendered":"https:\/\/fedai.az\/?p=16258"},"modified":"2020-09-23T01:58:58","modified_gmt":"2020-09-22T21:58:58","slug":"erm%c9%99ni-hakerl%c9%99r-az%c9%99rbaycanla-bagli-arasdirmalari-d%c9%99rc-ed%c9%99n-qirgizistan-kiv-%c9%99-hucum-etdi-fotolar","status":"publish","type":"post","link":"https:\/\/fedai.az\/?p=16258","title":{"rendered":"Erm\u0259ni hakerl\u0259r Az\u0259rbaycanla ba\u011fl\u0131 ara\u015fd\u0131rmalar\u0131 d\u0259rc ed\u0259n Q\u0131r\u011f\u0131z\u0131stan K\u0130V-\u0259 h\u00fccum etdi (FOTOLAR)"},"content":{"rendered":"\n<p><strong>Erm\u0259ni hakerl\u0259r Az\u0259rbaycan Milli Elml\u0259r Akademiyas\u0131 Tarix \u0130nstitutunun ara\u015fd\u0131rmalar\u0131n\u0131 rus dilind\u0259 d\u0259rc ed\u0259n Q\u0131r\u011f\u0131z\u0131stan\u0131n k\u00fctl\u0259vi informasiya vasit\u0259l\u0259rin\u0259 (K\u0130V) h\u00fccum edibl\u0259r.<\/strong><\/p>\n\n\n\n<p><br>Tarix \u0130nstitutundan Qaynarinfo-ya veril\u0259n m\u0259lumata g\u00f6r\u0259, bu bar\u0259d\u0259 &#171;D\u00fcnya az\u0259rbaycanl\u0131lar\u0131 v\u0259 dig\u0259r t\u00fcrkdilli xalqlar\u0131n ittifaq\u0131\u201dn\u0131n v\u0259 &#171;T\u00fcrkdilli d\u00f6vl\u0259tl\u0259rin siyas\u0259tin\u0259 d\u0259st\u0259k fondu\u201dnun prezidenti N\u00fcsr\u0259t M\u0259mm\u0259dov m\u0259lumat verib.<\/p>\n\n\n\n<figure class=\"wp-block-image size-large is-resized\"><img loading=\"lazy\" decoding=\"async\" src=\"https:\/\/fedai.az\/wp-content\/uploads\/2020\/09\/1600504293_foto-01.jpg\" alt=\"\" class=\"wp-image-16259\" width=\"957\" height=\"638\"\/><\/figure>\n\n\n\n<p><br>N\u00fcsr\u0259t M\u0259mm\u0259dov M\u0259rk\u0259zi Asiya respublikalar\u0131nda Az\u0259rbaycan h\u0259qiq\u0259tl\u0259rinin yay\u0131lmas\u0131nda m\u00fch\u00fcm rol oynay\u0131r v\u0259 o, Tarix \u0130nstitutu aliml\u0259rinin erm\u0259ni saxtakarlar\u0131n\u0131 if\u015fa ed\u0259n fundamental ara\u015fd\u0131rmalar\u0131n\u0131n Q\u0131r\u011f\u0131z\u0131standa f\u0259aliyy\u0259t g\u00f6st\u0259r\u0259n turktoday.info v\u0259 nazarnews.org saytlar\u0131nda d\u0259rcin\u0259 yard\u0131m edir. \u0130nstitut aliml\u0259rinin Q\u0131r\u011f\u0131z\u0131standak\u0131 saytlarda indiy\u0259d\u0259k bu m\u0259qal\u0259l\u0259ri d\u0259rc edilib: &#171;Erm\u0259nil\u0259rin Qacarlar \u0130ran\u0131ndan \u015eimali Az\u0259rbaycan torpaqlar\u0131na k\u00f6\u00e7\u00fcr\u00fclm\u0259si\u201d, &#171;Saxtakarlar\u0131n yalan\u00e7\u0131 elmi, yaxud erm\u0259nisaya\u011f\u0131 &#171;tarix\u201d\u201d, &#171;Erm\u0259nil\u0259rin Osmanl\u0131 imperiyas\u0131ndan \u015eimali Az\u0259rbaycan torpaqlar\u0131na k\u00f6\u00e7\u00fcr\u00fclm\u0259si\u201d, &#171;\u0130r\u0259van v\u0259 \u0259traf\u0131ndak\u0131 Az\u0259rbaycan torpaqlar\u0131 erm\u0259nil\u0259r\u0259 hans\u0131 \u015f\u0259rtl\u0259rl\u0259 verilib?\u201d, &#171;Erm\u0259nil\u0259r Ki\u00e7ik Asiyaya Balkan yar\u0131madas\u0131ndan k\u00f6\u00e7\u00fcb g\u0259lmi\u015fl\u0259r\u201d, &#171;Real tarix v\u0259 &#171;B\u00f6y\u00fck Erm\u0259nistan\u201d uydurmas\u0131\u201d. Az\u0259rbaycan aliml\u0259rinin arxiv s\u0259n\u0259dl\u0259rin\u0259 \u0259saslanan m\u0259qal\u0259l\u0259ri erm\u0259ni mill\u0259t\u00e7il\u0259rind\u0259 ciddi narahatl\u0131q do\u011furub. Ona g\u00f6r\u0259 d\u0259 erm\u0259ni hakerl\u0259r Q\u0131r\u011f\u0131z\u0131stan K\u0130V-n\u0259 bir ne\u00e7\u0259 d\u0259f\u0259 h\u00fccum ed\u0259r\u0259k, onlar\u0131 da\u011f\u0131d\u0131blar. Haz\u0131rda is\u0259 N.M\u0259mm\u0259dovun ciddi s\u0259yl\u0259ri n\u0259tic\u0259sind\u0259 bu saytlar b\u0259rpa olunub v\u0259 yenid\u0259n f\u0259aliyy\u0259t\u0259 ba\u015flay\u0131b.<\/p>\n\n\n\n<figure class=\"wp-block-image size-large is-resized\"><img loading=\"lazy\" decoding=\"async\" src=\"https:\/\/fedai.az\/wp-content\/uploads\/2020\/09\/1600504343_foto-03.jpg\" alt=\"\" class=\"wp-image-16260\" width=\"961\" height=\"654\" srcset=\"https:\/\/fedai.az\/wp-content\/uploads\/2020\/09\/1600504343_foto-03.jpg 720w, https:\/\/fedai.az\/wp-content\/uploads\/2020\/09\/1600504343_foto-03-300x204.jpg 300w, https:\/\/fedai.az\/wp-content\/uploads\/2020\/09\/1600504343_foto-03-150x102.jpg 150w\" sizes=\"auto, (max-width: 961px) 100vw, 961px\" \/><\/figure>\n\n\n\n<p><br>Xat\u0131rladaq ki, Q\u0131r\u011f\u0131z\u0131stan\u0131n paytaxt\u0131 Bi\u015fkek \u015f\u0259h\u0259rind\u0259 &#171;T\u00fcrkdilli d\u00f6vl\u0259tl\u0259rin siyas\u0259tin\u0259 d\u0259st\u0259k fondu\u201d t\u0259r\u0259find\u0259n Tarix \u0130nstitutu aliml\u0259rinin &#171;Erm\u0259nil\u0259rin Az\u0259rbaycan torpaqlar\u0131nda t\u00f6r\u0259tdiyi v\u0259h\u015filikl\u0259r tarixi faktlarla\u201d v\u0259 &#171;Az\u0259rbaycan XVIII-XIX \u0259srl\u0259rd\u0259\u201d kimi fundamental t\u0259dqiqatlar\u0131 (rus dilind\u0259) n\u0259\u015fr olunub.<\/p>\n","protected":false},"excerpt":{"rendered":"<p>Erm\u0259ni hakerl\u0259r Az\u0259rbaycan Milli Elml\u0259r Akademiyas\u0131 Tarix \u0130nstitutunun ara\u015fd\u0131rmalar\u0131n\u0131 rus dilind\u0259 d\u0259rc ed\u0259n Q\u0131r\u011f\u0131z\u0131stan\u0131n k\u00fctl\u0259vi informasiya vasit\u0259l\u0259rin\u0259 (K\u0130V) h\u00fccum edibl\u0259r. Tarix \u0130nstitutundan Qaynarinfo-ya veril\u0259n<\/p>\n","protected":false},"author":2,"featured_media":16261,"comment_status":"closed","ping_status":"closed","sticky":false,"template":"","format":"standard","meta":{"footnotes":""},"categories":[4],"tags":[],"class_list":["post-16258","post","type-post","status-publish","format-standard","has-post-thumbnail","hentry","category-qarabag"],"aioseo_notices":[],"_links":{"self":[{"href":"https:\/\/fedai.az\/index.php?rest_route=\/wp\/v2\/posts\/16258","targetHints":{"allow":["GET"]}}],"collection":[{"href":"https:\/\/fedai.az\/index.php?rest_route=\/wp\/v2\/posts"}],"about":[{"href":"https:\/\/fedai.az\/index.php?rest_route=\/wp\/v2\/types\/post"}],"author":[{"embeddable":true,"href":"https:\/\/fedai.az\/index.php?rest_route=\/wp\/v2\/users\/2"}],"replies":[{"embeddable":true,"href":"https:\/\/fedai.az\/index.php?rest_route=%2Fwp%2Fv2%2Fcomments&post=16258"}],"version-history":[{"count":1,"href":"https:\/\/fedai.az\/index.php?rest_route=\/wp\/v2\/posts\/16258\/revisions"}],"predecessor-version":[{"id":16262,"href":"https:\/\/fedai.az\/index.php?rest_route=\/wp\/v2\/posts\/16258\/revisions\/16262"}],"wp:featuredmedia":[{"embeddable":true,"href":"https:\/\/fedai.az\/index.php?rest_route=\/wp\/v2\/media\/16261"}],"wp:attachment":[{"href":"https:\/\/fedai.az\/index.php?rest_route=%2Fwp%2Fv2%2Fmedia&parent=16258"}],"wp:term":[{"taxonomy":"category","embeddable":true,"href":"https:\/\/fedai.az\/index.php?rest_route=%2Fwp%2Fv2%2Fcategories&post=16258"},{"taxonomy":"post_tag","embeddable":true,"href":"https:\/\/fedai.az\/index.php?rest_route=%2Fwp%2Fv2%2Ftags&post=16258"}],"curies":[{"name":"wp","href":"https:\/\/api.w.org\/{rel}","templated":true}]}}