{"id":16300,"date":"2020-09-23T12:45:54","date_gmt":"2020-09-23T08:45:54","guid":{"rendered":"https:\/\/fedai.az\/?p=16300"},"modified":"2020-09-23T12:45:55","modified_gmt":"2020-09-23T08:45:55","slug":"qarabag-qazisi-mu%c9%99llimd%c9%99n-nazir%c9%99-muraci%c9%99t-siz%c9%99-nec%c9%99-mu%c9%99llim-lazimdir","status":"publish","type":"post","link":"https:\/\/fedai.az\/?p=16300","title":{"rendered":"Qaraba\u011f qazisi m\u00fc\u0259llimd\u0259n nazir\u0259 m\u00fcraci\u0259t: &#171;Siz\u0259 nec\u0259 m\u00fc\u0259llim laz\u0131md\u0131r?&#187;"},"content":{"rendered":"\n<figure class=\"wp-block-image size-large is-resized\"><img loading=\"lazy\" decoding=\"async\" src=\"https:\/\/fedai.az\/wp-content\/uploads\/2020\/09\/vaqif-elisoyjpg-1593000619.jpg\" alt=\"\" class=\"wp-image-16301\" width=\"252\" height=\"168\" srcset=\"https:\/\/fedai.az\/wp-content\/uploads\/2020\/09\/vaqif-elisoyjpg-1593000619.jpg 600w, https:\/\/fedai.az\/wp-content\/uploads\/2020\/09\/vaqif-elisoyjpg-1593000619-300x200.jpg 300w, https:\/\/fedai.az\/wp-content\/uploads\/2020\/09\/vaqif-elisoyjpg-1593000619-150x100.jpg 150w\" sizes=\"auto, (max-width: 252px) 100vw, 252px\" \/><\/figure>\n\n\n\n<p><strong>Vaqif \u018fL\u0130SOY<\/strong><\/p>\n\n\n\n<p>***<\/p>\n\n\n\n<p><strong>Az\u0259rbaycan Respublikas\u0131n\u0131n T\u0259hsil Naziri Emin \u018fmirullayev\u0259 v\u0259 Bak\u0131 \u015e\u0259h\u0259r T\u0259hsil \u0130dar\u0259sinin m\u00fcdiri R\u0259\u015fad Ta\u011f\u0131yev\u0259 a\u015fa\u011f\u0131dak\u0131 \u015f\u0259kill\u0259 bir xat\u0131rlatma edir\u0259m.<\/strong><\/p>\n\n\n\n<p>C\u0259nablar, \u00e7ox yax\u0131n zamanda Sizl\u0259r\u0259 m\u00fcraci\u0259t ed\u0259c\u0259y\u0259m. \u00d6lk\u0259nin m\u00fcharib\u0259 \u015f\u0259raitind\u0259, 65 ya\u015f\u0131 b\u0259han\u0259 edib, m\u0259nim kimi m\u00fc\u0259lliml\u0259ri m\u0259kt\u0259bd\u0259n uzaqla\u015fd\u0131rma\u011f\u0131n yaln\u0131z bir ad\u0131 var:&nbsp;<strong>d\u00fc\u015fm\u0259n d\u0259yirman\u0131na su t\u00f6km\u0259k.<\/strong><\/p>\n\n\n\n<p>H\u0259m mill\u0259t, d\u00f6vl\u0259t qar\u015f\u0131s\u0131ndak\u0131 xidm\u0259tl\u0259rimi, h\u0259m d\u0259 t\u0259hsil sah\u0259sind\u0259 qazand\u0131\u011f\u0131m n\u0259tic\u0259l\u0259ri ortaya qoyub Sizd\u0259n cavab ist\u0259yir\u0259m:&nbsp;<strong>budurmu c\u0259nab Prezidentin, Ali Ba\u015f komandan\u0131n Qaraba\u011f \u0259lil v\u0259 vetaranlar\u0131na qay\u011f\u0131 g\u00f6st\u0259rm\u0259k bar\u0259d\u0259 g\u00f6st\u0259ri\u015fl\u0259rin\u0259 verdiyiniz cavab?<\/strong><\/p>\n\n\n\n<p>Ara\u015fd\u0131r\u0131n Az\u0259rbaycan m\u0259kt\u0259bl\u0259rind\u0259 i\u015fl\u0259y\u0259n m\u00fc\u0259lliml\u0259r aras\u0131nda m\u0259nim kimi m\u00fc\u0259lliml\u0259rin say\u0131 n\u0259 q\u0259d\u0259rdir?<\/p>\n\n\n\n<p>H\u0259l\u0259 ki\u015fi m\u00fc\u0259lliml\u0259rin say\u0131n\u0131 demir\u0259m. M\u0259n zaman\u0131nda \u0259n y\u00fcks\u0259k v\u0259zif\u0259l\u0259r\u0259 d\u0259v\u0259t edildim. Ancaq birinci Qaraba\u011f sava\u015f\u0131ndan sonra m\u0259kt\u0259b\u0259 qay\u0131tma\u011f\u0131 laz\u0131m bildim. M\u0259qs\u0259dim bu mill\u0259t, bu v\u0259t\u0259n \u00fc\u00e7\u00fcn h\u0259r an d\u00f6y\u00fc\u015f\u0259 haz\u0131r olan g\u0259ncl\u0259r yeti\u015fdirm\u0259k olub v\u0259 m\u0259n buna nail olmu\u015fam.<\/p>\n\n\n\n<p>Bunu da siz\u0259 faktlarla s\u00fcbut ed\u0259c\u0259y\u0259m.&nbsp;<strong>\u015eagirdl\u0259r v\u0259 g\u0259nc m\u00fc\u0259lliml\u0259r \u00fc\u00e7\u00fcn 1988- ci ild\u0259n ba\u015flayan erm\u0259ni &#8212; rusa qar\u015f\u0131 igid o\u011fullar\u0131 ba\u015f\u0131na y\u0131\u011f\u0131b d\u00f6y\u00fc\u015f\u0259 at\u0131lan, 20 yanvar 1990 &#8212; c\u0131 il hadis\u0259l\u0259rind\u0259 h\u0259bs olunaraq Rusiya h\u0259bsxanalar\u0131nda saxlan\u0131lan, Xocal\u0131 v\u0259 Qaraba\u011f d\u00f6y\u00fc\u015fl\u0259rinin canl\u0131 \u015fahidi olan , h\u0259min vaxtlarda h\u0259yat\u0131n\u0131 t\u0259hl\u00fck\u0259y\u0259 at\u0131b qeyr\u0259tli o\u011fullarla y\u00fczl\u0259rl\u0259 \u015f\u0259hid meyidini, q\u0131z &#8212; g\u0259lini, \u0259sir v\u0259 girovu erm\u0259nid\u0259n al\u0131b do\u011fmalar\u0131na qaytaran, bu yolda qohumlar\u0131n\u0131, dostlar\u0131n\u0131, yax\u0131nlar\u0131n\u0131 itir\u0259n bir Qaraba\u011f qazisinin, bir ziyal\u0131n\u0131n, bir m\u00fc\u0259llimin ke\u00e7diyi yol bir n\u00fcmun\u0259 deyilmi?<\/strong><\/p>\n\n\n\n<p>Budurmu verdiyiniz qiym\u0259t? Siz m\u0259nim nec\u0259 m\u00fc\u0259llim oldu\u011fumu nec\u0259 t\u0259yin ed\u0259 bildiniz?&nbsp;<strong>Bunu ancaq i\u015fl\u0259diyim m\u0259kt\u0259bin r\u0259hb\u0259rliyi, m\u00fc\u0259lliml\u0259r, d\u0259rs dediyim \u015fagirdl\u0259r v\u0259 onlar\u0131n valdeyinl\u0259ri dey\u0259 bil\u0259r, Siz yox!<\/strong><\/p>\n\n\n\n<p>D\u00f6vl\u0259t v\u0259 mill\u0259t qar\u015f\u0131s\u0131nda xidm\u0259tl\u0259rimi bir t\u0259r\u0259f\u0259 qoyuram. Bu xidm\u0259tl\u0259rim \u00fc\u00e7\u00fcn he\u00e7 &#187; sa\u011f ol!&#187; da almam\u0131\u015fam.&nbsp;<strong>N\u0259 etmi\u015f\u0259m, mill\u0259timiz v\u0259 d\u00f6vl\u0259timiz \u00fc\u00e7\u00fcn etmi\u015f\u0259m. Bunu da Az\u0259rbaycanda bilm\u0259y\u0259n yoxdur. G\u0259ncl\u0259rimiz \u00fc\u00e7\u00fcn Qaraba\u011f d\u00f6y\u00fc\u015fl\u0259rind\u0259n b\u0259hs ed\u0259n&nbsp;&#171;Ka\u015f g\u00f6zl\u0259rim kor olayd\u0131&#187;&nbsp;b\u0259dii &#8212; s\u0259n\u0259dli kitab\u0131n m\u00fc\u0259llifiy\u0259m.<\/strong><\/p>\n\n\n\n<p><em><strong>H\u00f6rm\u0259tli c\u0259nablar, g\u0259ldik t\u0259hsil sah\u0259sind\u0259ki n\u0259tic\u0259l\u0259rim\u0259.<\/strong><\/em><\/p>\n\n\n\n<p>2017\/ 18 &#8212; ci t\u0259dris ilind\u0259 \u015fagirdim Zamanl\u0131 Lamiy\u0259 respublika f\u0259nn olimpiadas\u0131nda Az\u0259rbaycan dili v\u0259 \u0259d\u0259biyyat\u0131 f\u0259nni \u00fczr\u0259 g\u00fcm\u00fc\u015f medal alm\u0131\u015f v\u0259 h\u0259min ild\u0259 686 balla idar\u0259\u00e7ilik akademiyas\u0131na q\u0259bul olunmu\u015fdur.<\/p>\n\n\n\n<p>Bu il\u0259 d\u0259rs dediyim&nbsp;11-ci sinif \u00fczr\u0259&nbsp;42 \u015fagirdd\u0259n&nbsp;(iki sinif) 35-i&nbsp;m\u00fcxt\u0259lif universtetl\u0259r\u0259 q\u0259bul olunub.<\/p>\n\n\n\n<p><strong>Onlardan a\u015fa\u011f\u0131dak\u0131lar bu n\u0259tic\u0259l\u0259ri g\u00f6st\u0259rib:<\/strong><\/p>\n\n\n\n<p>1 H\u00fcseyn\u0259liyev Duy\u011fu &#8212; 651 bal<\/p>\n\n\n\n<p>2. Hiday\u0259tova Ayt\u0259n &#8212; 641 bal<\/p>\n\n\n\n<p>3.Mahmudova V\u0259sil\u0259- 640 bal.<\/p>\n\n\n\n<p>4. Mahmudova R\u0259\u015fid\u0259- 580 bal<\/p>\n\n\n\n<p>5.N\u0259c\u0259fova Nuray &#8212; 540 bal<\/p>\n\n\n\n<p>6. H\u00fcmb\u0259tov H\u00fcmb\u0259t &#8212; 549 bal<\/p>\n\n\n\n<p>7.M\u0259h\u0259rr\u0259mova N\u0259zrin- 537 bal<\/p>\n\n\n\n<p>8.M\u0259h\u0259rr\u0259mli \u015eamxal- 528 bal<\/p>\n\n\n\n<p>9.\u0130smay\u0131lzad\u0259 Aysu- 516 bal<\/p>\n\n\n\n<p>10.N\u0259sibova Elza- 420 bal<\/p>\n\n\n\n<p>Bunlar \u0259n y\u00fcks\u0259k n\u0259tic\u0259 g\u00f6st\u0259r\u0259n \u015fagirdl\u0259rimdir.<\/p>\n\n\n\n<p>\u0130ndi h\u00f6rm\u0259tli c\u0259nablar, m\u0259n d\u00f6vl\u0259t, mill\u0259t qar\u015f\u0131s\u0131nda xidm\u0259tl\u0259rimi, t\u0259hsil sah\u0259sind\u0259ki u\u011furlar\u0131m\u0131 Siz\u0259 bildirdim. \u0130ndi m\u0259n\u0259 deyin g\u00f6r\u00fcm:<\/p>\n\n\n\n<p>&#8212; \u00a0<strong>Siz\u0259 n\u0259 c\u00fcr m\u00fc\u0259llim laz\u0131md\u0131r?<\/strong><\/p>\n\n\n\n<p><strong>Redaksiyadan: Yeni t\u0259yin olunmu\u015f c\u0259nab nazir Emin \u018fmrullayev\u0259 xat\u0131rlatmaq ist\u0259diyimiz bir Respublika Qanunu var. Bu Qanun nazirliyin q\u0259bul etdiyi ist\u0259nil\u0259n q\u0259rar v\u0259 g\u00f6st\u0259ri\u015fl\u0259rd\u0259n \u00fcst\u00fcn statusa malikdir. Bu &#171;Veteranlar haqq\u0131nda&#187; Az\u0259rbaycan Respublikas\u0131 Qanunudur. Qanunun 9-cu madd\u0259sind\u0259 deyilir: <\/strong><\/p>\n\n\n\n<p>Madd\u0259&nbsp;9.&nbsp;<strong>\u018fm\u0259k f\u0259aliyy\u0259tinin davam etdirilm\u0259si<\/strong><\/p>\n\n\n\n<p>Veteranlar pensiyas\u0131n\u0131 almaqla \u0259vv\u0259ll\u0259r i\u015fl\u0259dikl\u0259ri m\u00fc\u0259ssis\u0259d\u0259, t\u0259\u015fkilatda, idar\u0259d\u0259, yaxud m\u00fclkiyy\u0259t formas\u0131ndan as\u0131l\u0131 olmayaraq ba\u015fqa m\u00fc\u0259ssis\u0259d\u0259 \u0259m\u0259k f\u0259aliyy\u0259tini davam etdirm\u0259k, sahibkarl\u0131q f\u0259aliyy\u0259ti il\u0259 m\u0259\u015f\u011ful olmaq, h\u0259r hans\u0131 t\u0259s\u0259rr\u00fcfat\u00e7\u0131l\u0131q formas\u0131na \u0259saslanan m\u00fc\u0259ssis\u0259 yaratmaq h\u00fcququna malikdirl\u0259r.<\/p>\n\n\n\n<p>Qanunda n\u0259z\u0259rd\u0259 tutulmu\u015f hallar istisna olmaqla, veteranlar\u0131n \u0259m\u0259k, sahibkarl\u0131q v\u0259 ba\u015fqa ictimai faydal\u0131 f\u0259aliyy\u0259tinin m\u0259hdudla\u015fd\u0131r\u0131lmas\u0131na yol verilmir.<\/p>\n\n\n\n<p>Bu Qanunla m\u00fc\u0259yy\u0259n edilmi\u015f g\u00fcz\u0259\u015ftl\u0259rl\u0259 yana\u015f\u0131, veteranlar pensiyaya \u00e7\u0131xd\u0131qdan sonra \u0259m\u0259k kollektivinin q\u0259rar\u0131 il\u0259 m\u00f6vcud qanunvericiliy\u0259 \u0259sas\u0259n h\u0259min m\u00fc\u0259ssis\u0259d\u0259, t\u0259\u015fkilatda, idar\u0259d\u0259 m\u0259nzil \u015f\u0259raitinin yax\u015f\u0131la\u015fd\u0131r\u0131lmas\u0131, tibbi yard\u0131m g\u00f6st\u0259rilm\u0259si, sanatoriya-kurort xidm\u0259ti v\u0259 m\u0259d\u0259ni xidm\u0259t sah\u0259sind\u0259 m\u00fc\u0259yy\u0259nl\u0259\u015fdirilmi\u015f g\u00fcz\u0259\u015ftl\u0259rd\u0259n istifad\u0259 ed\u0259 bil\u0259rl\u0259r.<\/p>\n\n\n\n<p>\u00dcmid edirik ki, qald\u0131rd\u0131\u011f\u0131m\u0131z problem \u00f6z h\u0259llini tapacaqd\u0131r&#8230;<\/p>\n","protected":false},"excerpt":{"rendered":"<p>Vaqif \u018fL\u0130SOY *** Az\u0259rbaycan Respublikas\u0131n\u0131n T\u0259hsil Naziri Emin \u018fmirullayev\u0259 v\u0259 Bak\u0131 \u015e\u0259h\u0259r T\u0259hsil \u0130dar\u0259sinin m\u00fcdiri R\u0259\u015fad Ta\u011f\u0131yev\u0259 a\u015fa\u011f\u0131dak\u0131 \u015f\u0259kill\u0259 bir xat\u0131rlatma edir\u0259m. C\u0259nablar, \u00e7ox<\/p>\n","protected":false},"author":2,"featured_media":16302,"comment_status":"closed","ping_status":"closed","sticky":false,"template":"","format":"standard","meta":{"footnotes":""},"categories":[8],"tags":[],"class_list":["post-16300","post","type-post","status-publish","format-standard","has-post-thumbnail","hentry","category-thsil"],"aioseo_notices":[],"_links":{"self":[{"href":"https:\/\/fedai.az\/index.php?rest_route=\/wp\/v2\/posts\/16300","targetHints":{"allow":["GET"]}}],"collection":[{"href":"https:\/\/fedai.az\/index.php?rest_route=\/wp\/v2\/posts"}],"about":[{"href":"https:\/\/fedai.az\/index.php?rest_route=\/wp\/v2\/types\/post"}],"author":[{"embeddable":true,"href":"https:\/\/fedai.az\/index.php?rest_route=\/wp\/v2\/users\/2"}],"replies":[{"embeddable":true,"href":"https:\/\/fedai.az\/index.php?rest_route=%2Fwp%2Fv2%2Fcomments&post=16300"}],"version-history":[{"count":1,"href":"https:\/\/fedai.az\/index.php?rest_route=\/wp\/v2\/posts\/16300\/revisions"}],"predecessor-version":[{"id":16303,"href":"https:\/\/fedai.az\/index.php?rest_route=\/wp\/v2\/posts\/16300\/revisions\/16303"}],"wp:featuredmedia":[{"embeddable":true,"href":"https:\/\/fedai.az\/index.php?rest_route=\/wp\/v2\/media\/16302"}],"wp:attachment":[{"href":"https:\/\/fedai.az\/index.php?rest_route=%2Fwp%2Fv2%2Fmedia&parent=16300"}],"wp:term":[{"taxonomy":"category","embeddable":true,"href":"https:\/\/fedai.az\/index.php?rest_route=%2Fwp%2Fv2%2Fcategories&post=16300"},{"taxonomy":"post_tag","embeddable":true,"href":"https:\/\/fedai.az\/index.php?rest_route=%2Fwp%2Fv2%2Ftags&post=16300"}],"curies":[{"name":"wp","href":"https:\/\/api.w.org\/{rel}","templated":true}]}}