{"id":16480,"date":"2020-09-25T02:45:27","date_gmt":"2020-09-24T22:45:27","guid":{"rendered":"https:\/\/fedai.az\/?p=16480"},"modified":"2020-09-25T02:45:30","modified_gmt":"2020-09-24T22:45:30","slug":"prezident-az%c9%99rbaycanin-%c9%99razi-butovluyu-hec-vaxt-danisiqlar-movzusu-olmayib","status":"publish","type":"post","link":"https:\/\/fedai.az\/?p=16480","title":{"rendered":"Prezident : Az\u0259rbaycan\u0131n \u0259razi b\u00fct\u00f6vl\u00fcy\u00fc he\u00e7 vaxt dan\u0131\u015f\u0131qlar m\u00f6vzusu olmay\u0131b"},"content":{"rendered":"\n<p><strong>BMT T\u0259hl\u00fck\u0259sizlik \u015euras\u0131n\u0131n 853 sayl\u0131 q\u0259tnam\u0259sin\u0259 \u0259sas\u0259n, Erm\u0259nistan silahl\u0131 q\u00fcvv\u0259l\u0259rinin Az\u0259rbaycan\u0131n i\u015f\u011fal edilmi\u015f \u0259razil\u0259rind\u0259n \u00e7\u0131xar\u0131lmas\u0131n\u0131n yenil\u0259nmi\u015f zaman qrafiki t\u0259rtib edilm\u0259lidir. BMT-nin m\u00fcvafiq t\u0259sisatlar\u0131 BMT T\u0259hl\u00fck\u0259sizlik \u015euras\u0131n\u0131n q\u0259tnam\u0259l\u0259rinin icras\u0131na v\u0259 az\u0259rbaycanl\u0131 m\u0259cburi k\u00f6\u00e7k\u00fcnl\u0259rin do\u011fma torpaqlar\u0131na qay\u0131tmas\u0131na t\u00f6hf\u0259 verm\u0259lidir. BMT T\u0259hl\u00fck\u0259sizlik \u015euras\u0131n\u0131n q\u0259tnam\u0259l\u0259rinin vaxt m\u0259hdudiyy\u0259ti yoxdur. H\u0259min q\u0259tnam\u0259l\u0259r icra edil\u0259n\u0259 q\u0259d\u0259r q\u00fcvv\u0259d\u0259dir. BMT T\u0259hl\u00fck\u0259sizlik \u015euras\u0131n\u0131n q\u0259tnam\u0259l\u0259rinin t\u0259hrif olunmas\u0131 is\u0259 q\u0259buledilm\u0259zdir.<\/strong><\/p>\n\n\n\n<p>&#171;Report&#187; x\u0259b\u0259r verir ki, bu fikirl\u0259ri Prezident \u0130lham \u018fliyev BMT Ba\u015f Assambleyas\u0131n\u0131n 75-ci sessiyas\u0131n\u0131n \u00fcmumi debatlar\u0131nda videoformatda \u00e7\u0131x\u0131\u015f\u0131nda s\u00f6yl\u0259yib.<\/p>\n\n\n\n<p>D\u00f6vl\u0259timizin ba\u015f\u00e7\u0131s\u0131 vur\u011fulay\u0131b ki, Erm\u0259nistan-Az\u0259rbaycan m\u00fcnaqi\u015f\u0259si Az\u0259rbaycan\u0131n \u0259razi b\u00fct\u00f6vl\u00fcy\u00fc \u00e7\u0259r\u00e7iv\u0259sind\u0259 h\u0259ll edilm\u0259lidir. Az\u0259rbaycan\u0131n \u0259razi b\u00fct\u00f6vl\u00fcy\u00fc he\u00e7 vaxt dan\u0131\u015f\u0131qlar m\u00f6vzusu olmay\u0131b v\u0259 olmayacaqd\u0131r. Az\u0259rbaycan\u0131n suverenliyi v\u0259 \u0259razi b\u00fct\u00f6vl\u00fcy\u00fc tam \u015f\u0259kild\u0259 b\u0259rpa edilm\u0259lidir. Da\u011fl\u0131q Qaraba\u011f q\u0259dim v\u0259 tarixi Az\u0259rbaycan torpa\u011f\u0131d\u0131r. Qaraba\u011f Az\u0259rbaycand\u0131r!<\/p>\n","protected":false},"excerpt":{"rendered":"<p>BMT T\u0259hl\u00fck\u0259sizlik \u015euras\u0131n\u0131n 853 sayl\u0131 q\u0259tnam\u0259sin\u0259 \u0259sas\u0259n, Erm\u0259nistan silahl\u0131 q\u00fcvv\u0259l\u0259rinin Az\u0259rbaycan\u0131n i\u015f\u011fal edilmi\u015f \u0259razil\u0259rind\u0259n \u00e7\u0131xar\u0131lmas\u0131n\u0131n yenil\u0259nmi\u015f zaman qrafiki t\u0259rtib edilm\u0259lidir. BMT-nin m\u00fcvafiq t\u0259sisatlar\u0131 BMT<\/p>\n","protected":false},"author":2,"featured_media":16481,"comment_status":"closed","ping_status":"closed","sticky":false,"template":"","format":"standard","meta":{"footnotes":""},"categories":[4],"tags":[],"class_list":["post-16480","post","type-post","status-publish","format-standard","has-post-thumbnail","hentry","category-qarabag"],"aioseo_notices":[],"_links":{"self":[{"href":"https:\/\/fedai.az\/index.php?rest_route=\/wp\/v2\/posts\/16480","targetHints":{"allow":["GET"]}}],"collection":[{"href":"https:\/\/fedai.az\/index.php?rest_route=\/wp\/v2\/posts"}],"about":[{"href":"https:\/\/fedai.az\/index.php?rest_route=\/wp\/v2\/types\/post"}],"author":[{"embeddable":true,"href":"https:\/\/fedai.az\/index.php?rest_route=\/wp\/v2\/users\/2"}],"replies":[{"embeddable":true,"href":"https:\/\/fedai.az\/index.php?rest_route=%2Fwp%2Fv2%2Fcomments&post=16480"}],"version-history":[{"count":1,"href":"https:\/\/fedai.az\/index.php?rest_route=\/wp\/v2\/posts\/16480\/revisions"}],"predecessor-version":[{"id":16482,"href":"https:\/\/fedai.az\/index.php?rest_route=\/wp\/v2\/posts\/16480\/revisions\/16482"}],"wp:featuredmedia":[{"embeddable":true,"href":"https:\/\/fedai.az\/index.php?rest_route=\/wp\/v2\/media\/16481"}],"wp:attachment":[{"href":"https:\/\/fedai.az\/index.php?rest_route=%2Fwp%2Fv2%2Fmedia&parent=16480"}],"wp:term":[{"taxonomy":"category","embeddable":true,"href":"https:\/\/fedai.az\/index.php?rest_route=%2Fwp%2Fv2%2Fcategories&post=16480"},{"taxonomy":"post_tag","embeddable":true,"href":"https:\/\/fedai.az\/index.php?rest_route=%2Fwp%2Fv2%2Ftags&post=16480"}],"curies":[{"name":"wp","href":"https:\/\/api.w.org\/{rel}","templated":true}]}}