{"id":16483,"date":"2020-09-25T03:05:49","date_gmt":"2020-09-24T23:05:49","guid":{"rendered":"https:\/\/fedai.az\/?p=16483"},"modified":"2020-09-25T03:05:52","modified_gmt":"2020-09-24T23:05:52","slug":"xtpd-nin-ilk-%c9%99fsan%c9%99vi-komandiri-polis-polkovniki-%c9%99bil-rzayevin-anim-gunudur","status":"publish","type":"post","link":"https:\/\/fedai.az\/?p=16483","title":{"rendered":"XTPD-nin ilk \u0259fsan\u0259vi komandiri polis polkovniki \u018fbil Rzayevin an\u0131m g\u00fcn\u00fcd\u00fcr"},"content":{"rendered":"\n<p><strong>Polis polkovniki \u018fbil Rzayev H\u00fcseyn o\u011flu 1 dekabr 1944-c\u00fc ild\u0259 Qubadl\u0131 rayonunun Qaraqoyunlu k\u0259ndind\u0259 anadan olub. <\/strong><\/p>\n\n\n\n<p>\u018fbil Rzayev orta m\u0259kt\u0259bi bitirdikd\u0259n sonra 2 illik h\u0259qiqi h\u0259rbi xidm\u0259t\u0259 \u00e7a\u011fr\u0131l\u0131b. H\u0259rbi xidm\u0259ti n\u00fcmun\u0259vi olaraq, ba\u015fa vurduqdan sonra, zabit olmaq arzusu il\u0259 SSR\u0130 D\u0130N Daxili Qo\u015funlar\u0131n Ordjanakidze \u015f\u0259h\u0259rind\u0259 yerl\u0259\u015f\u0259n Ali H\u0259rbi m\u0259kt\u0259bin\u0259 daxil olmu\u015fdur. \u018fbil Rzayev leytenant h\u0259rbi r\u00fctb\u0259si ald\u0131qdan sonra Az\u0259rbaycanda xidm\u0259tini davam etdirmi\u015fdir. O SSR\u0130 D\u0130N-nin Daxili Qo\u015funlar\u0131n\u0131n Bak\u0131da yerl\u0259\u015f\u0259n N sayl\u0131 h\u0259rbi hiss\u0259sind\u0259 m\u00fcxt\u0259lif zabit kimi Batalyon komandiri v\u0259zif\u0259sin\u0259d\u0259k y\u00fcks\u0259lmi\u015f, n\u00fcmun\u0259vi xidm\u0259t etmi\u015f v\u0259 komandanl\u0131q t\u0259r\u0259find\u0259n bir \u00e7ox d\u00f6vl\u0259t t\u0259ltifl\u0259ri,orden v\u0259 medallar, f\u0259xri f\u0259rmanlara layiq g\u00f6r\u00fclm\u00fc\u015fd\u00fcr. <\/p>\n\n\n\n<p>1990-c\u0131 ilin \u0259vv\u0259lind\u0259 \u018fbil Rzayev Daxili \u0130\u015fl\u0259r Naziri general-mayor M\u0259h\u0259mm\u0259d \u018fs\u0259dovun t\u0259kidi v\u0259 t\u0259klifi il\u0259 D\u0130N s\u0131ralar\u0131nda xidm\u0259tini davam etdirm\u0259k \u00fc\u00e7\u00fcn X\u00fcsusi T\u0259yinatl\u0131 Rotaya (RSN) Komandir v\u0259zif\u0259sin\u0259 t\u0259yinat almi\u015fdir. 1980-ci ill\u0259rin sonlar\u0131ndan etibar\u0259n SRR\u0130-d\u0259 Sov. \u0130KP M\u0259rk\u0259zi Komit\u0259si \u0259ks\u0259r m\u00fctt\u0259fiq respublikalarda m\u00fct\u0259\u015f\u0259kkil cinay\u0259tkarl\u0131\u011fa qar\u015f\u0131 m\u00fcbariz\u0259 aparmaq m\u0259qs\u0259dil\u0259 X\u00fcsusi T\u0259yinatl\u0131 Milis D\u0259st\u0259si yaratma\u011f\u0131 q\u0259rara ald\u0131. <\/p>\n\n\n\n<figure class=\"wp-block-gallery columns-2 is-cropped wp-block-gallery-1 is-layout-flex wp-block-gallery-is-layout-flex\"><ul class=\"blocks-gallery-grid\"><li class=\"blocks-gallery-item\"><figure><img loading=\"lazy\" decoding=\"async\" width=\"871\" height=\"960\" src=\"https:\/\/fedai.az\/wp-content\/uploads\/2020\/09\/71751171_821105961637962_6860774230280110080_n.png\" alt=\"\" data-id=\"16486\" data-link=\"https:\/\/fedai.az\/?attachment_id=16486\" class=\"wp-image-16486\" srcset=\"https:\/\/fedai.az\/wp-content\/uploads\/2020\/09\/71751171_821105961637962_6860774230280110080_n.png 871w, https:\/\/fedai.az\/wp-content\/uploads\/2020\/09\/71751171_821105961637962_6860774230280110080_n-272x300.png 272w, https:\/\/fedai.az\/wp-content\/uploads\/2020\/09\/71751171_821105961637962_6860774230280110080_n-136x150.png 136w, https:\/\/fedai.az\/wp-content\/uploads\/2020\/09\/71751171_821105961637962_6860774230280110080_n-768x846.png 768w\" sizes=\"auto, (max-width: 871px) 100vw, 871px\" \/><\/figure><\/li><li class=\"blocks-gallery-item\"><figure><img loading=\"lazy\" decoding=\"async\" width=\"201\" height=\"251\" src=\"https:\/\/fedai.az\/wp-content\/uploads\/2020\/09\/\u0437\u0430\u0433\u0440\u0443\u0436\u0435\u043d\u043e-4-11.jpg\" alt=\"\" data-id=\"16487\" data-full-url=\"https:\/\/fedai.az\/wp-content\/uploads\/2020\/09\/\u0437\u0430\u0433\u0440\u0443\u0436\u0435\u043d\u043e-4-11.jpg\" data-link=\"https:\/\/fedai.az\/?attachment_id=16487\" class=\"wp-image-16487\" srcset=\"https:\/\/fedai.az\/wp-content\/uploads\/2020\/09\/\u0437\u0430\u0433\u0440\u0443\u0436\u0435\u043d\u043e-4-11.jpg 201w, https:\/\/fedai.az\/wp-content\/uploads\/2020\/09\/\u0437\u0430\u0433\u0440\u0443\u0436\u0435\u043d\u043e-4-11-120x150.jpg 120w\" sizes=\"auto, (max-width: 201px) 100vw, 201px\" \/><\/figure><\/li><\/ul><\/figure>\n\n\n\n<p>Bu s\u0259b\u0259bd\u0259n 1990-c\u0131 ilin 30 mart tarixind\u0259 Daxili \u0130\u015fl\u0259r Naziri general-mayor M\u0259h\u0259mm\u0259d \u018fs\u0259dov v\u0259 onun m\u00fcavini Ramiz M\u0259mm\u0259dovun r\u0259hb\u0259rliyi il\u0259 Az\u0259rbaycan SSR \u00f6z\u00fcn\u00fcn ilk h\u0259rbi d\u0259st\u0259sini &#8212; &#171;X\u00fcsusi T\u0259yinatl\u0131 Milis D\u0259st\u0259si&#187;-ni yarad\u0131ld\u0131. 1990-c\u0131 ilin avqust ay\u0131nda Az\u0259rbaycan\u0131n Daxili \u0130\u015fl\u0259r Naziri general-mayor M\u0259h\u0259mm\u0259d \u018fs\u0259dovun \u0259mri il\u0259 X\u00fcsusi T\u0259yinatl\u0131 Polis D\u0259st\u0259sin\u0259 ilk Komandir polis polkovnik-leytenant\u0131 \u018fbil Rzayev t\u0259yin olundu. \u201cOMON\u201d kimi m\u0259\u015fhurla\u015fan X\u00fcsusi T\u0259yinatl\u0131 Milis D\u0259st\u0259si Erm\u0259nistan\u0131n Az\u0259rbaycana t\u0259cav\u00fcz\u00fcn\u00fcn ba\u015flad\u0131\u011f\u0131, Qaraba\u011fda erm\u0259ni separatizminin yeni ba\u015f qald\u0131rd\u0131\u011f\u0131 d\u00f6vrd\u0259 az\u0259rbaycanl\u0131lar\u0131n daya\u011f\u0131 olub. Respublikan\u0131n \u0259n qaynar n\u00f6qt\u0259l\u0259rin\u0259 ezam olunan \u201cOMON\u201d-\u00e7ular erm\u0259nil\u0259rin qorxdu\u011fu \u0259sas q\u00fcvv\u0259 olub.<\/p>\n\n\n\n<p> \u0130lk \u0259vv\u0259l OMON, 60 n\u0259f\u0259r\u0259 yax\u0131n h\u0259rbi d\u0259st\u0259 olmu\u015fdur. XTMD-nin ilk r\u0259smi h\u0259rbi \u0259m\u0259liyyat\u0131 1990-c\u0131 ilin noyabr ay\u0131nda Xocal\u0131 aeroportunun n\u0259zar\u0259t\u0259 g\u00f6t\u00fcr\u00fclm\u0259si oldu. \u018fm\u0259liyyata kapitan Elmar H\u00fcseynov r\u0259hb\u0259rlik etmi\u015fdi. Ax\u015famdan ba\u015flayaraq, s\u0259h\u0259r\u0259 yax\u0131n bir g\u00fcll\u0259 bel\u0259 at\u0131lmadan u\u011furla ba\u015fa \u00e7atd\u0131 v\u0259 n\u0259tic\u0259d\u0259 Da\u011fl\u0131q Qaraba\u011fdan yegan\u0259 \u00e7\u0131x\u0131\u015f n\u00f6qt\u0259si olan bu obyekt 1 ild\u0259n \u00e7ox Az\u0259rbaycan OMON-nun n\u0259zar\u0259tind\u0259 qaid\u0131. Az\u0259rbaycan OMON-u 1991-ci ilin May-Avqust aylar\u0131nda \u00c7ayk\u0259nd (Koltso) \u0259m\u0259liyyat\u0131n\u0131 h\u0259yata ke\u00e7irmi\u015fdir. Bu d\u0259st\u0259nin i\u015ftirak\u0131yla Az\u0259rbaycan\u0131n bir \u00e7ox rayonlar\u0131nda (Qazax, Tovuz, G\u0259d\u0259b\u0259y,A\u011fdam, A\u011fd\u0259r\u0259, F\u00fczuli, \u015eu\u015fa, La\u00e7\u0131n, Xocav\u0259nd, Xank\u0259ndi, Goranboy, Goyg\u00f6l v\u0259 s.) 23 k\u0259nd azad edilmi\u015fdir.<\/p>\n\n\n\n<p> Erm\u0259ni separat\u00e7\u0131lar\u0131 t\u0259rk-silah olunmu\u015f, \u0259l\u0259 ke\u00e7iril\u0259n terroristl\u0259r h\u0259bs edilmi\u015f, m\u00fclk\u00fc erm\u0259nil\u0259r is\u0259 Erm\u0259nistana deportasiya edilmi\u015fdir. Bu Qaraba\u011f sava\u015f\u0131nda Az\u0259rbaycan\u0131n ilk h\u0259rbi u\u011furlar\u0131 idi. \u00c7ayk\u0259nd \u0259m\u0259liyyat\u0131ndan sonra, y\u0259ni 1991-ci ilin aprel-may aylar\u0131ndan etibar\u0259n OMON Qaraba\u011f sava\u015f\u0131nda aktiv i\u015ftirak etmi\u015f, m\u00fch\u00fcm h\u0259rbi \u0259m\u0259liyyatlarda xalq\u0131m\u0131za q\u0259l\u0259b\u0259l\u0259r b\u0259x\u015f etmi\u015fdir. OMON-un 1990-c\u0131 ilin Avqust ay\u0131ndan 1991-ci ilin oktyabr ay\u0131na q\u0259d\u0259r bu \u0259m\u0259liyyatlara \u015f\u0259xs\u0259n OMON-nun ilk komandiri \u0259fsan\u0259vi \u015f\u0259xsiyy\u0259t, polkovnik \u018fbil Rzayev r\u0259hb\u0259rlik edirdi. <\/p>\n\n\n\n<p>1991-ci ilin oktyabr ay\u0131nda m\u00fcxt\u0259lif qruplar\u0131n t\u0259zyiqi il\u0259 polis polkovnik-leytenant\u0131 \u018fbil Rzayev XTPD-nin Komandiri v\u0259zif\u0259sind\u0259n azad edildi. \u018fbil Rzayev hans\u0131 v\u0259zif\u0259d\u0259 olma\u011f\u0131ndan as\u0131l\u0131 olmayaraq h\u0259mi\u015f\u0259 v\u0259t\u0259n\u0259 s\u0259daq\u0259tl\u0259 xidm\u0259t etmi\u015fdir. <\/p>\n\n\n\n<p>O, \u0259sl ki\u015filik, m\u0259rdlik m\u0259kt\u0259bi idi. Bir m\u00fcdd\u0259td\u0259n sonra \u018fbil Rzayev Daxili \u0130\u015fl\u0259r Nazirliyinin \u0130ctimai T\u0259hl\u00fck\u0259sizlik \u0130dar\u0259sinin r\u0259isi v\u0259zif\u0259sin\u0259 ir\u0259li \u00e7\u0259kilir. \u018fbil Rzayev 25.09. 2002-ci ild\u0259 58 ya\u015f\u0131nda v\u0259fat edib.<\/p>\n\n\n\n<p><br><strong>ALLAH R\u018fHM\u018fT EL\u018fS\u0130N,RUHU \u015eAD M\u018fKANI C\u018fNN\u018fT OLSUN!<\/strong><\/p>\n\n\n\n<figure class=\"wp-block-image size-large is-resized\"><img loading=\"lazy\" decoding=\"async\" src=\"https:\/\/fedai.az\/wp-content\/uploads\/2020\/09\/120220266_4478751892196268_42966616494777282_o-1.jpg\" alt=\"\" class=\"wp-image-16488\" width=\"363\" height=\"645\" srcset=\"https:\/\/fedai.az\/wp-content\/uploads\/2020\/09\/120220266_4478751892196268_42966616494777282_o-1.jpg 540w, https:\/\/fedai.az\/wp-content\/uploads\/2020\/09\/120220266_4478751892196268_42966616494777282_o-1-169x300.jpg 169w, https:\/\/fedai.az\/wp-content\/uploads\/2020\/09\/120220266_4478751892196268_42966616494777282_o-1-84x150.jpg 84w\" sizes=\"auto, (max-width: 363px) 100vw, 363px\" \/><\/figure>\n\n\n\n<p><strong>Lal\u0259 H\u0259s\u0259nova<\/strong><\/p>\n","protected":false},"excerpt":{"rendered":"<p>Polis polkovniki \u018fbil Rzayev H\u00fcseyn o\u011flu 1 dekabr 1944-c\u00fc ild\u0259 Qubadl\u0131 rayonunun Qaraqoyunlu k\u0259ndind\u0259 anadan olub. \u018fbil Rzayev orta m\u0259kt\u0259bi bitirdikd\u0259n sonra 2 illik<\/p>\n","protected":false},"author":2,"featured_media":16489,"comment_status":"closed","ping_status":"closed","sticky":false,"template":"","format":"standard","meta":{"footnotes":""},"categories":[5],"tags":[],"class_list":["post-16483","post","type-post","status-publish","format-standard","has-post-thumbnail","hentry","category-veteran"],"aioseo_notices":[],"_links":{"self":[{"href":"https:\/\/fedai.az\/index.php?rest_route=\/wp\/v2\/posts\/16483","targetHints":{"allow":["GET"]}}],"collection":[{"href":"https:\/\/fedai.az\/index.php?rest_route=\/wp\/v2\/posts"}],"about":[{"href":"https:\/\/fedai.az\/index.php?rest_route=\/wp\/v2\/types\/post"}],"author":[{"embeddable":true,"href":"https:\/\/fedai.az\/index.php?rest_route=\/wp\/v2\/users\/2"}],"replies":[{"embeddable":true,"href":"https:\/\/fedai.az\/index.php?rest_route=%2Fwp%2Fv2%2Fcomments&post=16483"}],"version-history":[{"count":1,"href":"https:\/\/fedai.az\/index.php?rest_route=\/wp\/v2\/posts\/16483\/revisions"}],"predecessor-version":[{"id":16490,"href":"https:\/\/fedai.az\/index.php?rest_route=\/wp\/v2\/posts\/16483\/revisions\/16490"}],"wp:featuredmedia":[{"embeddable":true,"href":"https:\/\/fedai.az\/index.php?rest_route=\/wp\/v2\/media\/16489"}],"wp:attachment":[{"href":"https:\/\/fedai.az\/index.php?rest_route=%2Fwp%2Fv2%2Fmedia&parent=16483"}],"wp:term":[{"taxonomy":"category","embeddable":true,"href":"https:\/\/fedai.az\/index.php?rest_route=%2Fwp%2Fv2%2Fcategories&post=16483"},{"taxonomy":"post_tag","embeddable":true,"href":"https:\/\/fedai.az\/index.php?rest_route=%2Fwp%2Fv2%2Ftags&post=16483"}],"curies":[{"name":"wp","href":"https:\/\/api.w.org\/{rel}","templated":true}]}}