{"id":16500,"date":"2020-09-25T10:36:17","date_gmt":"2020-09-25T06:36:17","guid":{"rendered":"https:\/\/fedai.az\/?p=16500"},"modified":"2020-09-25T10:36:18","modified_gmt":"2020-09-25T06:36:18","slug":"universitetl%c9%99rd%c9%99-bos-qalan-plan-yerl%c9%99ri-is%c9%99-yaramayacaq","status":"publish","type":"post","link":"https:\/\/fedai.az\/?p=16500","title":{"rendered":"Universitetl\u0259rd\u0259 bo\u015f qalan plan yerl\u0259ri i\u015f\u0259 yaramayacaq"},"content":{"rendered":"\n<p><strong>D\u00fcn\u0259n D\u00f6vl\u0259t \u0130mtahan M\u0259rk\u0259zi rezidenturan\u0131n bo\u015f qalan plan yerl\u0259rin\u0259 \u0259riz\u0259 q\u0259bulunu elan edib. Bo\u015f qalan plan yerl\u0259rinin m\u00fcsabiq\u0259sind\u0259 i\u015ftirak etm\u0259k ist\u0259y\u0259n v\u0259 ixtisas se\u00e7imin\u0259 burax\u0131lm\u0131\u015f namiz\u0259dl\u0259r D\u0130M-\u0259 m\u00fcraci\u0259t etm\u0259lidirl\u0259r.<\/strong><\/p>\n\n\n\n<p><br>Bu yerl\u0259r \u00fczr\u0259 ixtisas se\u00e7imind\u0259 yaln\u0131z m\u00fcsabiq\u0259 \u015f\u0259rtini \u00f6d\u0259mi\u015f, lakin m\u00fcsabiq\u0259d\u0259n ke\u00e7m\u0259mi\u015f namiz\u0259dl\u0259r i\u015ftirak ed\u0259 bil\u0259r. N\u0259d\u0259ns\u0259, bo\u015f qalan plan yerl\u0259rin\u0259 q\u0259bul il\u0259 daha \u00e7ox q\u0259bul olunub, qeydiyyatdan ke\u00e7m\u0259y\u0259n namiz\u0259dl\u0259r maraqlan\u0131rlar.<\/p>\n\n\n\n<p><br><strong>Sual:<\/strong><br>Rezidenturaya ixtisas se\u00e7imind\u0259 i\u015ftirak ed\u0259r\u0259k u\u011fur qazan\u0131b, amma vaxt\u0131nda qeydiyyatdan ke\u00e7\u0259 bilm\u0259y\u0259nl\u0259r bo\u015f qalan plan yerl\u0259rin\u0259 q\u0259bulda i\u015ftirak ed\u0259 bil\u0259rl\u0259r?<\/p>\n\n\n\n<p><br><strong>Cavab:<\/strong><br>Xeyr. D\u00f6vl\u0259t \u0130mtahan M\u0259rk\u0259zind\u0259n AzEdu.az-a veril\u0259n m\u0259lumata g\u00f6r\u0259, rezidenturaya q\u0259bul olsa da, m\u00fc\u0259yy\u0259n olunmu\u015f m\u00fcdd\u0259td\u0259 qeydiyyatdan ke\u00e7m\u0259y\u0259n namiz\u0259dl\u0259r bo\u015f qalan yerl\u0259r \u00fczr\u0259 ke\u00e7iril\u0259n m\u00fcsabiq\u0259y\u0259 burax\u0131lm\u0131rlar. M\u00fcsabiq\u0259d\u0259 yaln\u0131z m\u00fcsabiq\u0259 \u015f\u0259rtl\u0259rini \u00f6d\u0259y\u0259r\u0259k ixtisas se\u00e7imin\u0259 burax\u0131lan namiz\u0259dl\u0259r i\u015ftirak ed\u0259 bil\u0259rl\u0259r.<\/p>\n\n\n\n<p><br>Qeyd ed\u0259k ki, rezidenturaya q\u0259bul \u00fc\u00e7\u00fcn ayr\u0131lm\u0131\u015f 569 plan yerind\u0259n 350-in\u0259 q\u0259bul h\u0259yata ke\u00e7irilib. 219 plan yeri bo\u015f qal\u0131b.<br>Bo\u015f qalan plan yerl\u0259rinin m\u00fcsabiq\u0259sind\u0259 i\u015ftirak etm\u0259k ist\u0259y\u0259n v\u0259 ixtisas se\u00e7imin\u0259 burax\u0131lm\u0131\u015f namiz\u0259dl\u0259r 7 v\u0259 8 avqust 2019-cu il tarixl\u0259rind\u0259 saat 10:00-dan 16:00-d\u0259k \u015f\u0259xsiyy\u0259ti t\u0259sdiq ed\u0259n s\u0259n\u0259din \u0259sli v\u0259 sur\u0259tini t\u0259qdim etm\u0259kl\u0259, \u015f\u0259xs\u0259n D\u0130M-\u0259 (\u00fcnvan: Bak\u0131 \u015f\u0259h\u0259ri, A. Salamzad\u0259 k\u00fc\u00e7\u0259si 28, ke\u00e7mi\u015f Bak\u0131 Asiya Universitetinin binas\u0131) m\u00fcraci\u0259t ed\u0259 bil\u0259rl\u0259r.<\/p>\n","protected":false},"excerpt":{"rendered":"<p>D\u00fcn\u0259n D\u00f6vl\u0259t \u0130mtahan M\u0259rk\u0259zi rezidenturan\u0131n bo\u015f qalan plan yerl\u0259rin\u0259 \u0259riz\u0259 q\u0259bulunu elan edib. Bo\u015f qalan plan yerl\u0259rinin m\u00fcsabiq\u0259sind\u0259 i\u015ftirak etm\u0259k ist\u0259y\u0259n v\u0259 ixtisas se\u00e7imin\u0259<\/p>\n","protected":false},"author":2,"featured_media":13408,"comment_status":"closed","ping_status":"closed","sticky":false,"template":"","format":"standard","meta":{"footnotes":""},"categories":[8],"tags":[],"class_list":["post-16500","post","type-post","status-publish","format-standard","has-post-thumbnail","hentry","category-thsil"],"aioseo_notices":[],"_links":{"self":[{"href":"https:\/\/fedai.az\/index.php?rest_route=\/wp\/v2\/posts\/16500","targetHints":{"allow":["GET"]}}],"collection":[{"href":"https:\/\/fedai.az\/index.php?rest_route=\/wp\/v2\/posts"}],"about":[{"href":"https:\/\/fedai.az\/index.php?rest_route=\/wp\/v2\/types\/post"}],"author":[{"embeddable":true,"href":"https:\/\/fedai.az\/index.php?rest_route=\/wp\/v2\/users\/2"}],"replies":[{"embeddable":true,"href":"https:\/\/fedai.az\/index.php?rest_route=%2Fwp%2Fv2%2Fcomments&post=16500"}],"version-history":[{"count":1,"href":"https:\/\/fedai.az\/index.php?rest_route=\/wp\/v2\/posts\/16500\/revisions"}],"predecessor-version":[{"id":16501,"href":"https:\/\/fedai.az\/index.php?rest_route=\/wp\/v2\/posts\/16500\/revisions\/16501"}],"wp:featuredmedia":[{"embeddable":true,"href":"https:\/\/fedai.az\/index.php?rest_route=\/wp\/v2\/media\/13408"}],"wp:attachment":[{"href":"https:\/\/fedai.az\/index.php?rest_route=%2Fwp%2Fv2%2Fmedia&parent=16500"}],"wp:term":[{"taxonomy":"category","embeddable":true,"href":"https:\/\/fedai.az\/index.php?rest_route=%2Fwp%2Fv2%2Fcategories&post=16500"},{"taxonomy":"post_tag","embeddable":true,"href":"https:\/\/fedai.az\/index.php?rest_route=%2Fwp%2Fv2%2Ftags&post=16500"}],"curies":[{"name":"wp","href":"https:\/\/api.w.org\/{rel}","templated":true}]}}