{"id":16508,"date":"2020-09-26T01:45:07","date_gmt":"2020-09-25T21:45:07","guid":{"rendered":"https:\/\/fedai.az\/?p=16508"},"modified":"2020-09-26T01:45:08","modified_gmt":"2020-09-25T21:45:08","slug":"pakistanli-diplomatdan-qarabag-aciqlamasi-daim-az%c9%99rbaycanin-yaninda-olacagiq","status":"publish","type":"post","link":"https:\/\/fedai.az\/?p=16508","title":{"rendered":"Pakistanl\u0131 diplomatdan QARABA\u011e A\u00c7IQLAMASI: &#171;Daim Az\u0259rbaycan\u0131n yan\u0131nda olaca\u011f\u0131q&#187;"},"content":{"rendered":"\n<p><strong>&#171;Erm\u0259nistan\u0131n Az\u0259rbaycana qar\u015f\u0131 t\u0259xribat\u00e7\u0131 \u0259m\u0259ll\u0259ri, at\u0259\u015fk\u0259sin m\u00fct\u0259madi pozulmas\u0131 beyn\u0259lxalq h\u00fcquqla bir araya s\u0131\u011fm\u0131r&#187;.<\/strong><\/p>\n\n\n\n<p><br>Oxu24.com x\u0259b\u0259r verir ki, bunu Pakistan\u0131n Az\u0259rbaycana yeni t\u0259yin olunmu\u015f s\u0259firi Bilal Hayee jurnalistl\u0259rl\u0259 g\u00f6r\u00fc\u015f\u00fc zaman\u0131 bildirib.<br>&#171;Pakistan bu m\u0259s\u0259l\u0259d\u0259 daim Az\u0259rbaycan\u0131n yan\u0131nda olacaq. Biz Da\u011fl\u0131q Qaraba\u011f m\u00fcnaqi\u015f\u0259sin\u0259 dair BMT T\u0259hl\u00fck\u0259sizlik \u015euras\u0131n\u0131n m\u00fcvafiq q\u0259tnam\u0259l\u0259rinin yerin\u0259 yetirilm\u0259sin\u0259 t\u0259r\u0259fdar\u0131q. Xat\u0131rlatmaq ist\u0259rdim ki, Pakistan Erm\u0259nistan\u0131 Az\u0259rbaycana qar\u015f\u0131 i\u015f\u011fal\u00e7\u0131 siyas\u0259tin\u0259 g\u00f6r\u0259 tan\u0131mayan yegan\u0259 d\u00f6vl\u0259tdir\u201d, &#8212; s\u0259fir vur\u011fulay\u0131b.<\/p>\n\n\n\n<p><br>Az\u0259rbaycanla h\u0259rbi \u0259m\u0259kda\u015fl\u0131\u011f\u0131n u\u011furla inki\u015faf etdiyini dil\u0259 g\u0259tir\u0259n pakistanl\u0131 diplomat h\u0259m\u00e7inin antiterror \u0259m\u0259liyyatlar\u0131 sah\u0259sind\u0259 xeyli m\u00fcsb\u0259t t\u0259cr\u00fcb\u0259y\u0259 malik olduqlar\u0131n\u0131 da diqq\u0259t\u0259 \u00e7atd\u0131r\u0131b.<\/p>\n","protected":false},"excerpt":{"rendered":"<p>&#171;Erm\u0259nistan\u0131n Az\u0259rbaycana qar\u015f\u0131 t\u0259xribat\u00e7\u0131 \u0259m\u0259ll\u0259ri, at\u0259\u015fk\u0259sin m\u00fct\u0259madi pozulmas\u0131 beyn\u0259lxalq h\u00fcquqla bir araya s\u0131\u011fm\u0131r&#187;. Oxu24.com x\u0259b\u0259r verir ki, bunu Pakistan\u0131n Az\u0259rbaycana yeni t\u0259yin olunmu\u015f s\u0259firi<\/p>\n","protected":false},"author":2,"featured_media":16509,"comment_status":"closed","ping_status":"closed","sticky":false,"template":"","format":"standard","meta":{"footnotes":""},"categories":[1],"tags":[],"class_list":["post-16508","post","type-post","status-publish","format-standard","has-post-thumbnail","hentry","category-siyast"],"aioseo_notices":[],"_links":{"self":[{"href":"https:\/\/fedai.az\/index.php?rest_route=\/wp\/v2\/posts\/16508","targetHints":{"allow":["GET"]}}],"collection":[{"href":"https:\/\/fedai.az\/index.php?rest_route=\/wp\/v2\/posts"}],"about":[{"href":"https:\/\/fedai.az\/index.php?rest_route=\/wp\/v2\/types\/post"}],"author":[{"embeddable":true,"href":"https:\/\/fedai.az\/index.php?rest_route=\/wp\/v2\/users\/2"}],"replies":[{"embeddable":true,"href":"https:\/\/fedai.az\/index.php?rest_route=%2Fwp%2Fv2%2Fcomments&post=16508"}],"version-history":[{"count":1,"href":"https:\/\/fedai.az\/index.php?rest_route=\/wp\/v2\/posts\/16508\/revisions"}],"predecessor-version":[{"id":16510,"href":"https:\/\/fedai.az\/index.php?rest_route=\/wp\/v2\/posts\/16508\/revisions\/16510"}],"wp:featuredmedia":[{"embeddable":true,"href":"https:\/\/fedai.az\/index.php?rest_route=\/wp\/v2\/media\/16509"}],"wp:attachment":[{"href":"https:\/\/fedai.az\/index.php?rest_route=%2Fwp%2Fv2%2Fmedia&parent=16508"}],"wp:term":[{"taxonomy":"category","embeddable":true,"href":"https:\/\/fedai.az\/index.php?rest_route=%2Fwp%2Fv2%2Fcategories&post=16508"},{"taxonomy":"post_tag","embeddable":true,"href":"https:\/\/fedai.az\/index.php?rest_route=%2Fwp%2Fv2%2Ftags&post=16508"}],"curies":[{"name":"wp","href":"https:\/\/api.w.org\/{rel}","templated":true}]}}