{"id":16511,"date":"2020-09-26T01:48:05","date_gmt":"2020-09-25T21:48:05","guid":{"rendered":"https:\/\/fedai.az\/?p=16511"},"modified":"2020-09-26T01:48:06","modified_gmt":"2020-09-25T21:48:06","slug":"direktor-olmaq-ist%c9%99y%c9%99nl%c9%99r-ucun-s%c9%99n%c9%99d-q%c9%99bulunun-vaxti-aciqlanib","status":"publish","type":"post","link":"https:\/\/fedai.az\/?p=16511","title":{"rendered":"Direktor olmaq ist\u0259y\u0259nl\u0259r \u00fc\u00e7\u00fcn s\u0259n\u0259d q\u0259bulunun vaxt\u0131 a\u00e7\u0131qlan\u0131b"},"content":{"rendered":"\n<p><strong>Cari ilin 28 sentyabr tarixind\u0259n direktor v\u0259zif\u0259sin\u0259 i\u015f\u0259 q\u0259bul \u00fczr\u0259 m\u00fcsabiq\u0259y\u0259 start veril\u0259c\u0259k.<\/strong><\/p>\n\n\n\n<p>T\u0259hsil Nazirliyind\u0259n veril\u0259n m\u0259lumata g\u00f6r\u0259, m\u00fcsabiq\u0259d\u0259 pedaqoji v\u0259 ya idar\u0259etm\u0259 ixtisas sah\u0259l\u0259ri \u00fczr\u0259 ali t\u0259hsili, 5 ild\u0259n az olmayaraq (t\u0259hsilin t\u0259\u015fkili v\u0259 idar\u0259 olunmas\u0131 ixtisas\u0131 \u00fczr\u0259 elmi d\u0259r\u0259c\u0259si v\u0259 elmi ad\u0131 olduqda 3 il) pedaqoji staj\u0131 olan v\u0259 haz\u0131rda \u00fcmumi t\u0259hsil m\u00fc\u0259ssis\u0259l\u0259rind\u0259 pedaqoji f\u0259aliyy\u0259tl\u0259 m\u0259\u015f\u011ful olan \u015f\u0259xsl\u0259r i\u015ftirak ed\u0259 bil\u0259rl\u0259r.<\/p>\n\n\n\n<p>M\u00fcsabiq\u0259 d\u00f6rd m\u0259rh\u0259l\u0259d\u0259n ibar\u0259tdir: elektron s\u0259n\u0259d q\u0259bulu, test imtahan\u0131, m\u00fcsahib\u0259 v\u0259 vakansiyalara yerl\u0259\u015fdirilm\u0259.<\/p>\n\n\n\n<p>M\u00fcsabiq\u0259y\u0259 elektron s\u0259n\u0259d q\u0259bulu m\u0259rh\u0259l\u0259si 28 sentyabr \u2013 2 oktyabr, test imtahan\u0131 m\u0259rh\u0259l\u0259si oktyabr ay\u0131n\u0131n birinci yar\u0131s\u0131nda, m\u00fcsahib\u0259 m\u0259rh\u0259l\u0259si noyabr-dekabr aylar\u0131nda, vakansiyalara yerl\u0259\u015fdirilm\u0259 is\u0259 2021-ci ilin yanvar ay\u0131nda h\u0259yata ke\u00e7iril\u0259c\u0259k.<\/p>\n\n\n\n<p>Qeyd ed\u0259k ki, direktorlar\u0131n i\u015f\u0259 q\u0259bulu imtahanlar\u0131 \u0259n\u0259n\u0259vi olaraq,&nbsp;&nbsp;Bak\u0131 \u015f\u0259h\u0259rind\u0259 deyil, \u00f6lk\u0259nin m\u00fcxt\u0259lif \u015f\u0259h\u0259r v\u0259 rayonlar\u0131nda yarad\u0131lan imtahan m\u0259rk\u0259zl\u0259rind\u0259 karantin rejiminin m\u00fcvafiq t\u0259l\u0259bl\u0259rin\u0259 \u0259m\u0259l edilm\u0259kl\u0259 t\u0259\u015fkil edil\u0259c\u0259k. H\u0259r bir imtahan m\u0259rk\u0259zind\u0259 imtahanlar\u0131n t\u0259\u015fkilin\u0259 c\u0259lb olunan b\u00fct\u00fcn \u0259m\u0259kda\u015flar COVID 19 testind\u0259n ke\u00e7iril\u0259c\u0259k. \u0130mtahan m\u0259rk\u0259zl\u0259rinin haz\u0131rda q\u00fcvv\u0259d\u0259 olan sanitar-epidemioloji t\u0259l\u0259bl\u0259r\u0259 uy\u011fun olaraq dezinfeksiya edilm\u0259si t\u0259min olunacaq.<\/p>\n\n\n\n<p>Direktor v\u0259zif\u0259sin\u0259 i\u015f\u0259 q\u0259bul \u00fczr\u0259 m\u00fcsabiq\u0259 il\u0259 ba\u011fl\u0131 h\u0259r hans\u0131 sual yarand\u0131\u011f\u0131 t\u0259qdird\u0259 T\u0259hsil Nazirliyinin \u0130nsan resurslar\u0131 \u015f\u00f6b\u0259sinin +99470 248 19 92 &#171;Whatsapp\u201d n\u00f6mr\u0259si il\u0259 \u0259laq\u0259 saxlamaq m\u00fcmk\u00fcnd\u00fcr.<\/p>\n","protected":false},"excerpt":{"rendered":"<p>Cari ilin 28 sentyabr tarixind\u0259n direktor v\u0259zif\u0259sin\u0259 i\u015f\u0259 q\u0259bul \u00fczr\u0259 m\u00fcsabiq\u0259y\u0259 start veril\u0259c\u0259k. T\u0259hsil Nazirliyind\u0259n veril\u0259n m\u0259lumata g\u00f6r\u0259, m\u00fcsabiq\u0259d\u0259 pedaqoji v\u0259 ya idar\u0259etm\u0259 ixtisas<\/p>\n","protected":false},"author":2,"featured_media":0,"comment_status":"closed","ping_status":"closed","sticky":false,"template":"","format":"standard","meta":{"footnotes":""},"categories":[8],"tags":[],"class_list":["post-16511","post","type-post","status-publish","format-standard","hentry","category-thsil"],"aioseo_notices":[],"_links":{"self":[{"href":"https:\/\/fedai.az\/index.php?rest_route=\/wp\/v2\/posts\/16511","targetHints":{"allow":["GET"]}}],"collection":[{"href":"https:\/\/fedai.az\/index.php?rest_route=\/wp\/v2\/posts"}],"about":[{"href":"https:\/\/fedai.az\/index.php?rest_route=\/wp\/v2\/types\/post"}],"author":[{"embeddable":true,"href":"https:\/\/fedai.az\/index.php?rest_route=\/wp\/v2\/users\/2"}],"replies":[{"embeddable":true,"href":"https:\/\/fedai.az\/index.php?rest_route=%2Fwp%2Fv2%2Fcomments&post=16511"}],"version-history":[{"count":1,"href":"https:\/\/fedai.az\/index.php?rest_route=\/wp\/v2\/posts\/16511\/revisions"}],"predecessor-version":[{"id":16512,"href":"https:\/\/fedai.az\/index.php?rest_route=\/wp\/v2\/posts\/16511\/revisions\/16512"}],"wp:attachment":[{"href":"https:\/\/fedai.az\/index.php?rest_route=%2Fwp%2Fv2%2Fmedia&parent=16511"}],"wp:term":[{"taxonomy":"category","embeddable":true,"href":"https:\/\/fedai.az\/index.php?rest_route=%2Fwp%2Fv2%2Fcategories&post=16511"},{"taxonomy":"post_tag","embeddable":true,"href":"https:\/\/fedai.az\/index.php?rest_route=%2Fwp%2Fv2%2Ftags&post=16511"}],"curies":[{"name":"wp","href":"https:\/\/api.w.org\/{rel}","templated":true}]}}