{"id":16513,"date":"2020-09-26T01:51:11","date_gmt":"2020-09-25T21:51:11","guid":{"rendered":"https:\/\/fedai.az\/?p=16513"},"modified":"2020-09-26T01:51:13","modified_gmt":"2020-09-25T21:51:13","slug":"ceyhun-bayramov-erm%c9%99nistanin-xin-bascisina-cavab-verdi","status":"publish","type":"post","link":"https:\/\/fedai.az\/?p=16513","title":{"rendered":"Ceyhun Bayramov Erm\u0259nistan\u0131n X\u0130N ba\u015f\u00e7\u0131s\u0131na cavab verdi"},"content":{"rendered":"\n<p><strong>&#171;BMT Ba\u015f katibinin qlobal at\u0259\u015fk\u0259s\u0259 riay\u0259t olunmas\u0131na dair \u00e7a\u011f\u0131r\u0131\u015f\u0131na Az\u0259rbaycan\u0131n guya ki, m\u0259h\u0259l qoymamas\u0131 bar\u0259d\u0259 Erm\u0259nistan xarici i\u015fl\u0259r naziri Z\u00f6hrab Mnatsakanyan\u0131n \u0259n\u0259n\u0259vi iddialar\u0131 \u0259sass\u0131zd\u0131r&#187;.&nbsp;<\/strong><\/p>\n\n\n\n<p>Bunu Az\u0259rbaycan\u0131n Xarici \u0130\u015fl\u0259r naziri Ceyhun Bayramov Qara D\u0259niz \u0130qtisadi \u018fm\u0259kda\u015fl\u0131q T\u0259\u015fkilat\u0131 d\u00f6vl\u0259tl\u0259rinin Xarici \u0130\u015fl\u0259r Nazirl\u0259ri \u015euras\u0131n\u0131n qeyri-r\u0259smi iclas\u0131nda deyib.\u00a0<\/p>\n\n\n\n<p>C.Bayramov Erm\u0259nistan\u0131n beyn\u0259lxalq h\u00fcququn norma v\u0259 prinsipl\u0259rini kobud \u015f\u0259kild\u0259 pozaraq, BMT T\u0259hl\u00fck\u0259sizlik \u015euras\u0131n\u0131n q\u0259tnam\u0259l\u0259rinin t\u0259l\u0259bl\u0259rin\u0259 m\u0259h\u0259l qoymayaraq 30 il\u0259 yax\u0131nd\u0131r ki, Az\u0259rbaycan\u0131n Da\u011fl\u0131q Qaraba\u011f v\u0259 \u0259traf yeddi rayonunu i\u015f\u011fal alt\u0131nda saxlad\u0131\u011f\u0131n\u0131 vur\u011fulay\u0131b.<\/p>\n\n\n\n<p>Nazir bu ilin iyulun 12-16-da iki d\u00f6vl\u0259tin s\u0259rh\u0259dind\u0259 Az\u0259rbaycan\u0131n Tovuz rayonu istiqam\u0259tind\u0259 Erm\u0259nistan\u0131n yeni t\u0259cav\u00fcz akt\u0131na c\u0259hd etdiyi, lakin bu \u00f6lk\u0259nin siyasi v\u0259 h\u0259rbi m\u0259qs\u0259dl\u0259rin\u0259 nail olmad\u0131\u011f\u0131n\u0131 qeyd edib.<\/p>\n\n\n\n<p>C.Bayramov Erm\u0259nistan\u0131n Tovuz istiqam\u0259tind\u0259 \u0259vv\u0259lc\u0259d\u0259n planla\u015fd\u0131rd\u0131\u011f\u0131 h\u0259rbi t\u0259xribat\u0131n\u0131n s\u0259b\u0259bl\u0259ri, o c\u00fcml\u0259d\u0259n \u00f6z i\u015f\u011fal\u00e7\u0131 siyas\u0259tind\u0259n arxa plana ke\u00e7irm\u0259k, \u00fc\u00e7\u00fcnc\u00fc t\u0259r\u0259fl\u0259ri m\u00fcnaqi\u015f\u0259y\u0259 c\u0259lb etm\u0259k, \u0259razinin yax\u0131nl\u0131\u011f\u0131ndan ke\u00e7\u0259n m\u00fch\u00fcm enerji v\u0259 n\u0259qliyyat infrastrukturuna z\u0259r\u0259r vurmaq, n\u0259hay\u0259t \u00f6z \u0259halisinin diqq\u0259tini daxili probleml\u0259rd\u0259n yay\u0131nd\u0131rmaq bar\u0259d\u0259 t\u0259dbir i\u015ftirak\u00e7\u0131lar\u0131na m\u0259lumat verib. Erm\u0259nistan\u0131n m\u0259qs\u0259dy\u00f6nl\u00fc \u015f\u0259kild\u0259 Az\u0259rbaycan\u0131n m\u00fclki \u0259halisini h\u0259d\u0259f\u0259 ald\u0131\u011f\u0131 v\u0259 iyul t\u0259xribat\u0131nda 76 ya\u015fl\u0131 insan\u0131n \u00f6z h\u0259y\u0259tind\u0259 q\u0259tl\u0259 yetirildiyi bildirilib.<\/p>\n\n\n\n<p>Az\u0259rbaycan \u0259razil\u0259rinin Erm\u0259nistan t\u0259r\u0259find\u0259n i\u015f\u011fal\u0131n\u0131n davam etm\u0259sinin beyn\u0259lxalq s\u00fclh v\u0259 t\u0259hl\u00fck\u0259sizlik \u00fc\u00e7\u00fcn ciddi t\u0259hdid olaraq qald\u0131\u011f\u0131n\u0131 s\u00f6yl\u0259y\u0259n Xarici \u0130\u015fl\u0259r naziri vur\u011fulay\u0131b ki, Erm\u0259nistan silahl\u0131 q\u00fcvv\u0259l\u0259rini Az\u0259rbaycan\u0131n i\u015f\u011fal olunmu\u015f Da\u011fl\u0131q Qaraba\u011f v\u0259 dig\u0259r \u0259razil\u0259rind\u0259n n\u0259 q\u0259d\u0259r tez \u00e7\u0131xararsa, bir o q\u0259d\u0259r tez m\u00fcnaqi\u015f\u0259 h\u0259ll edil\u0259c\u0259k v\u0259 bel\u0259likl\u0259 d\u0259 b\u00f6lg\u0259d\u0259 geni\u015f miqyasl\u0131 iqtisadi \u0259m\u0259kda\u015fl\u0131\u011fa yol a\u00e7\u0131lacaq.<\/p>\n","protected":false},"excerpt":{"rendered":"<p>&#171;BMT Ba\u015f katibinin qlobal at\u0259\u015fk\u0259s\u0259 riay\u0259t olunmas\u0131na dair \u00e7a\u011f\u0131r\u0131\u015f\u0131na Az\u0259rbaycan\u0131n guya ki, m\u0259h\u0259l qoymamas\u0131 bar\u0259d\u0259 Erm\u0259nistan xarici i\u015fl\u0259r naziri Z\u00f6hrab Mnatsakanyan\u0131n \u0259n\u0259n\u0259vi iddialar\u0131 \u0259sass\u0131zd\u0131r&#187;.&nbsp;<\/p>\n","protected":false},"author":2,"featured_media":16514,"comment_status":"closed","ping_status":"closed","sticky":false,"template":"","format":"standard","meta":{"footnotes":""},"categories":[1],"tags":[],"class_list":["post-16513","post","type-post","status-publish","format-standard","has-post-thumbnail","hentry","category-siyast"],"aioseo_notices":[],"_links":{"self":[{"href":"https:\/\/fedai.az\/index.php?rest_route=\/wp\/v2\/posts\/16513","targetHints":{"allow":["GET"]}}],"collection":[{"href":"https:\/\/fedai.az\/index.php?rest_route=\/wp\/v2\/posts"}],"about":[{"href":"https:\/\/fedai.az\/index.php?rest_route=\/wp\/v2\/types\/post"}],"author":[{"embeddable":true,"href":"https:\/\/fedai.az\/index.php?rest_route=\/wp\/v2\/users\/2"}],"replies":[{"embeddable":true,"href":"https:\/\/fedai.az\/index.php?rest_route=%2Fwp%2Fv2%2Fcomments&post=16513"}],"version-history":[{"count":1,"href":"https:\/\/fedai.az\/index.php?rest_route=\/wp\/v2\/posts\/16513\/revisions"}],"predecessor-version":[{"id":16515,"href":"https:\/\/fedai.az\/index.php?rest_route=\/wp\/v2\/posts\/16513\/revisions\/16515"}],"wp:featuredmedia":[{"embeddable":true,"href":"https:\/\/fedai.az\/index.php?rest_route=\/wp\/v2\/media\/16514"}],"wp:attachment":[{"href":"https:\/\/fedai.az\/index.php?rest_route=%2Fwp%2Fv2%2Fmedia&parent=16513"}],"wp:term":[{"taxonomy":"category","embeddable":true,"href":"https:\/\/fedai.az\/index.php?rest_route=%2Fwp%2Fv2%2Fcategories&post=16513"},{"taxonomy":"post_tag","embeddable":true,"href":"https:\/\/fedai.az\/index.php?rest_route=%2Fwp%2Fv2%2Ftags&post=16513"}],"curies":[{"name":"wp","href":"https:\/\/api.w.org\/{rel}","templated":true}]}}