{"id":16516,"date":"2020-09-26T01:54:35","date_gmt":"2020-09-25T21:54:35","guid":{"rendered":"https:\/\/fedai.az\/?p=16516"},"modified":"2020-09-26T01:54:38","modified_gmt":"2020-09-25T21:54:38","slug":"erm%c9%99nil%c9%99ri-qarsda-q%c9%99bul-ed%c9%99n-b%c9%99l%c9%99diyy%c9%99-bascisi-h%c9%99bs-edildi","status":"publish","type":"post","link":"https:\/\/fedai.az\/?p=16516","title":{"rendered":"Erm\u0259nil\u0259ri Qarsda q\u0259bul ed\u0259n b\u0259l\u0259diyy\u0259 ba\u015f\u00e7\u0131s\u0131 h\u0259bs edildi"},"content":{"rendered":"\n<p><strong>T\u00fcrkiy\u0259 Terrorla M\u00fcbariz\u0259 Polis \u015e\u00f6b\u0259sinin \u0259m\u0259kda\u015flar\u0131 Qars b\u0259l\u0259diyy\u0259sinin ba\u015f\u00e7\u0131s\u0131 Ayhan Bilgeni h\u0259bs edibl\u0259r. R\u0259smi \u015f\u0259xs &#8212; K\u00fcrdp\u0259r\u0259st Xalq Demokratik Partiyas\u0131n\u0131n \u00fczv\u00fc &#8212; terrora \u00e7a\u011f\u0131r\u0131\u015fda v\u0259 terror\u00e7ular\u0131 d\u0259st\u0259kl\u0259m\u0259kd\u0259 g\u00fcnahland\u0131r\u0131l\u0131r.<\/strong><\/p>\n\n\n\n<p>Virtualaz.org xat\u0131rlad\u0131r ki, Xalq Demokratik Partiyas\u0131 uzun ill\u0259rdir T\u00fcrk d\u00f6vl\u0259tin\u0259 qar\u015f\u0131 silahl\u0131 m\u00fcbariz\u0259 aparan PKK terror t\u0259\u015fkilat\u0131n\u0131n siyasi qanad\u0131 say\u0131l\u0131r.<\/p>\n\n\n\n<p><strong>&#171;Anadolu&#187;nun verdiyi m\u0259lumata g\u00f6r\u0259, Ayhan Bilgen bu g\u00fcn s\u0259h\u0259r h\u0259bs olunub. Polis \u0259m\u0259kda\u015flar\u0131 onun evind\u0259 axtar\u0131\u015flar\u0131 davam etdirir.<\/strong><\/p>\n\n\n\n<p>Ayhan Bilgen 2014-c\u00fc ild\u0259 Kobani hadis\u0259l\u0259rind\u0259n sonra PKK terror\u00e7ular\u0131na qisas \u00e7a\u011f\u0131r\u0131\u015f\u0131 il\u0259 m\u0259\u015fhurla\u015f\u0131b. 2019-cu ild\u0259 Erm\u0259nistandan olan hey\u0259ti Qarsa d\u0259v\u0259t etdikd\u0259n sonra T\u00fcrk medias\u0131n\u0131n s\u0259hif\u0259l\u0259rind\u0259 \u00e7ap olunub. Qarsa g\u0259l\u0259n Erm\u0259nistan n\u00fcmay\u0259nd\u0259 hey\u0259tind\u0259 idman, m\u0259d\u0259niyy\u0259t v\u0259 turizm \u015f\u00f6b\u0259sinin m\u00fcdiri \u0130\u015ftan Zakaryan, Yerevan D\u00f6vl\u0259t Universitetinin tarix fak\u00fclt\u0259sinin dekan\u0131 Erik Minasyan, tarix m\u00fc\u0259llimi Erik Soqomonyan v\u0259 ba\u015fqalar\u0131 i\u015ftirak edibl\u0259r.<\/p>\n\n\n\n<p>Sonradan Ayhan Bilgenin h\u0259r\u0259k\u0259tl\u0259ri T\u00fcrkiy\u0259d\u0259 ciddi etirazlara s\u0259b\u0259b olub. Erm\u0259ni n\u00fcmay\u0259nd\u0259 hey\u0259tinin Qarsa d\u0259v\u0259tini dig\u0259r \u0259razil\u0259rd\u0259n olan deputatlar q\u0131nay\u0131b v\u0259 Erm\u0259nistan\u0131n Az\u0259rbaycan \u0259razil\u0259rini i\u015f\u011fal etdiyini xat\u0131rlad\u0131blar.<\/p>\n","protected":false},"excerpt":{"rendered":"<p>T\u00fcrkiy\u0259 Terrorla M\u00fcbariz\u0259 Polis \u015e\u00f6b\u0259sinin \u0259m\u0259kda\u015flar\u0131 Qars b\u0259l\u0259diyy\u0259sinin ba\u015f\u00e7\u0131s\u0131 Ayhan Bilgeni h\u0259bs edibl\u0259r. R\u0259smi \u015f\u0259xs &#8212; K\u00fcrdp\u0259r\u0259st Xalq Demokratik Partiyas\u0131n\u0131n \u00fczv\u00fc &#8212; terrora \u00e7a\u011f\u0131r\u0131\u015fda<\/p>\n","protected":false},"author":2,"featured_media":16517,"comment_status":"closed","ping_status":"closed","sticky":false,"template":"","format":"standard","meta":{"footnotes":""},"categories":[3],"tags":[],"class_list":["post-16516","post","type-post","status-publish","format-standard","has-post-thumbnail","hentry","category-gundm"],"aioseo_notices":[],"_links":{"self":[{"href":"https:\/\/fedai.az\/index.php?rest_route=\/wp\/v2\/posts\/16516","targetHints":{"allow":["GET"]}}],"collection":[{"href":"https:\/\/fedai.az\/index.php?rest_route=\/wp\/v2\/posts"}],"about":[{"href":"https:\/\/fedai.az\/index.php?rest_route=\/wp\/v2\/types\/post"}],"author":[{"embeddable":true,"href":"https:\/\/fedai.az\/index.php?rest_route=\/wp\/v2\/users\/2"}],"replies":[{"embeddable":true,"href":"https:\/\/fedai.az\/index.php?rest_route=%2Fwp%2Fv2%2Fcomments&post=16516"}],"version-history":[{"count":1,"href":"https:\/\/fedai.az\/index.php?rest_route=\/wp\/v2\/posts\/16516\/revisions"}],"predecessor-version":[{"id":16518,"href":"https:\/\/fedai.az\/index.php?rest_route=\/wp\/v2\/posts\/16516\/revisions\/16518"}],"wp:featuredmedia":[{"embeddable":true,"href":"https:\/\/fedai.az\/index.php?rest_route=\/wp\/v2\/media\/16517"}],"wp:attachment":[{"href":"https:\/\/fedai.az\/index.php?rest_route=%2Fwp%2Fv2%2Fmedia&parent=16516"}],"wp:term":[{"taxonomy":"category","embeddable":true,"href":"https:\/\/fedai.az\/index.php?rest_route=%2Fwp%2Fv2%2Fcategories&post=16516"},{"taxonomy":"post_tag","embeddable":true,"href":"https:\/\/fedai.az\/index.php?rest_route=%2Fwp%2Fv2%2Ftags&post=16516"}],"curies":[{"name":"wp","href":"https:\/\/api.w.org\/{rel}","templated":true}]}}