{"id":16519,"date":"2020-09-26T02:23:34","date_gmt":"2020-09-25T22:23:34","guid":{"rendered":"https:\/\/fedai.az\/?p=16519"},"modified":"2020-09-26T02:24:05","modified_gmt":"2020-09-25T22:24:05","slug":"abs-in-olk%c9%99mizd%c9%99ki-s%c9%99firliyi-oz-v%c9%99t%c9%99ndaslarina-muraci%c9%99t-etdi-abseronu-t%c9%99rk-etm%c9%99yin","status":"publish","type":"post","link":"https:\/\/fedai.az\/?p=16519","title":{"rendered":"AB\u015e-\u0131n \u00f6lk\u0259mizd\u0259ki s\u0259firliyi \u00f6z v\u0259t\u0259nda\u015flar\u0131na m\u00fcraci\u0259t etdi \u2013 AB\u015eERONU T\u018fRK ETM\u018fY\u0130N"},"content":{"rendered":"\n<p><strong>AB\u015e s\u0259firliyi Az\u0259rbaycanda olan AB\u015e v\u0259t\u0259nda\u015flar\u0131na x\u0259b\u0259rdarl\u0131q edib.<\/strong><\/p>\n\n\n\n<p>\u201cSAVA\u015e\u201d x\u0259b\u0259r verir ki, bu bar\u0259d\u0259 s\u0259firliyin m\u0259tbuat xidm\u0259ti m\u0259lumat yay\u0131b.<\/p>\n\n\n\n<p>\u201cAB\u015e-\u0131n Az\u0259rbaycandak\u0131 s\u0259firliyi AB\u015e v\u0259t\u0259nda\u015flar\u0131n\u0131 g\u0259rginliyin artmas\u0131 v\u0259 Erm\u0259nistan-Az\u0259rbaycan s\u0259rh\u0259dinin b\u0259zi hiss\u0259l\u0259rind\u0259 ba\u015f ver\u0259n son hadis\u0259l\u0259rl\u0259 \u0259laq\u0259dar Ab\u015feron yar\u0131madas\u0131 xaricind\u0259 vacib olmayan s\u0259yah\u0259tl\u0259rd\u0259n qa\u00e7ma\u011fa \u00e7a\u011f\u0131r\u0131r. AB\u015e-\u0131n Bak\u0131dak\u0131 s\u0259firliyi s\u0259firlik i\u015f\u00e7il\u0259rin\u0259 v\u0259 onlar\u0131n ail\u0259 \u00fczvl\u0259rin\u0259 Ab\u015feron yar\u0131madas\u0131ndan k\u0259narda s\u0259yah\u0259t etm\u0259m\u0259yi tap\u015f\u0131r\u0131b\u201d, \u2013 dey\u0259 s\u0259firliyin m\u0259lumat\u0131nda bildirilib.<\/p>\n\n\n\n<p>S\u0259firlik Az\u0259rbaycan\u0131n b\u00fct\u00fcn regionlar\u0131ndak\u0131 AB\u015e v\u0259t\u0259nda\u015flar\u0131na son hadis\u0259l\u0259ri bilm\u0259k \u00fc\u00e7\u00fcn yerli median\u0131 izl\u0259m\u0259yi t\u00f6vsiy\u0259 edib.<\/p>\n\n\n\n<p>\u201cAB\u015e s\u0259firliyi AB\u015e v\u0259t\u0259nda\u015flar\u0131n\u0131 ictimai yerl\u0259rd\u0259 ehtiyatl\u0131 davranma\u011fa v\u0259 h\u0259r hans\u0131 yarana bil\u0259c\u0259k n\u00fcmayi\u015fd\u0259n uzaq olma\u011fa \u00e7a\u011f\u0131r\u0131r. S\u0259firlik t\u0259hl\u00fck\u0259sizlik v\u0259ziyy\u0259tini izl\u0259m\u0259y\u0259 v\u0259 ehtiyac olduqda \u0259lav\u0259 m\u0259lumat verm\u0259y\u0259 davam ed\u0259c\u0259k\u201d, \u2013 s\u0259firliyin yayd\u0131\u011f\u0131 m\u0259lumatda bu da qeyd olunub.<\/p>\n","protected":false},"excerpt":{"rendered":"<p>AB\u015e s\u0259firliyi Az\u0259rbaycanda olan AB\u015e v\u0259t\u0259nda\u015flar\u0131na x\u0259b\u0259rdarl\u0131q edib. \u201cSAVA\u015e\u201d x\u0259b\u0259r verir ki, bu bar\u0259d\u0259 s\u0259firliyin m\u0259tbuat xidm\u0259ti m\u0259lumat yay\u0131b. \u201cAB\u015e-\u0131n Az\u0259rbaycandak\u0131 s\u0259firliyi AB\u015e v\u0259t\u0259nda\u015flar\u0131n\u0131<\/p>\n","protected":false},"author":2,"featured_media":16520,"comment_status":"closed","ping_status":"closed","sticky":false,"template":"","format":"standard","meta":{"footnotes":""},"categories":[3],"tags":[],"class_list":["post-16519","post","type-post","status-publish","format-standard","has-post-thumbnail","hentry","category-gundm"],"aioseo_notices":[],"_links":{"self":[{"href":"https:\/\/fedai.az\/index.php?rest_route=\/wp\/v2\/posts\/16519","targetHints":{"allow":["GET"]}}],"collection":[{"href":"https:\/\/fedai.az\/index.php?rest_route=\/wp\/v2\/posts"}],"about":[{"href":"https:\/\/fedai.az\/index.php?rest_route=\/wp\/v2\/types\/post"}],"author":[{"embeddable":true,"href":"https:\/\/fedai.az\/index.php?rest_route=\/wp\/v2\/users\/2"}],"replies":[{"embeddable":true,"href":"https:\/\/fedai.az\/index.php?rest_route=%2Fwp%2Fv2%2Fcomments&post=16519"}],"version-history":[{"count":1,"href":"https:\/\/fedai.az\/index.php?rest_route=\/wp\/v2\/posts\/16519\/revisions"}],"predecessor-version":[{"id":16521,"href":"https:\/\/fedai.az\/index.php?rest_route=\/wp\/v2\/posts\/16519\/revisions\/16521"}],"wp:featuredmedia":[{"embeddable":true,"href":"https:\/\/fedai.az\/index.php?rest_route=\/wp\/v2\/media\/16520"}],"wp:attachment":[{"href":"https:\/\/fedai.az\/index.php?rest_route=%2Fwp%2Fv2%2Fmedia&parent=16519"}],"wp:term":[{"taxonomy":"category","embeddable":true,"href":"https:\/\/fedai.az\/index.php?rest_route=%2Fwp%2Fv2%2Fcategories&post=16519"},{"taxonomy":"post_tag","embeddable":true,"href":"https:\/\/fedai.az\/index.php?rest_route=%2Fwp%2Fv2%2Ftags&post=16519"}],"curies":[{"name":"wp","href":"https:\/\/api.w.org\/{rel}","templated":true}]}}