{"id":16522,"date":"2020-09-26T02:26:55","date_gmt":"2020-09-25T22:26:55","guid":{"rendered":"https:\/\/fedai.az\/?p=16522"},"modified":"2020-09-26T02:32:13","modified_gmt":"2020-09-25T22:32:13","slug":"general-polkovnik-biz-daha-25-il-oturub-torpaqlarin-danisiqlar-yolu-il%c9%99-h%c9%99llini-gozl%c9%99m%c9%99y%c9%99c%c9%99yik","status":"publish","type":"post","link":"https:\/\/fedai.az\/?p=16522","title":{"rendered":"General-polkovnik: &#171;Biz daha 25 il oturub torpaqlar\u0131n dan\u0131\u015f\u0131qlar yolu il\u0259 h\u0259llini g\u00f6zl\u0259m\u0259y\u0259c\u0259yik&#187;"},"content":{"rendered":"\n<p><strong>Az\u0259rbaycan Prezidentinin k\u00f6m\u0259k\u00e7isi &#8212; Administrasiyan\u0131n H\u0259rbi m\u0259s\u0259l\u0259l\u0259r \u015f\u00f6b\u0259sinin r\u0259hb\u0259ri, general-polkovnik M\u0259h\u0259rr\u0259m \u018fliyev Trend-\u0259 m\u00fcsahib\u0259 verib.\u00a0<\/strong><\/p>\n\n\n\n<p>M\u00fcsahib\u0259ni t\u0259qdim edirik:<\/p>\n\n\n\n<p><br><strong>&#8212; M\u0259h\u0259rr\u0259m m\u00fc\u0259llim, Prezident \u0130lham \u018fliyevin yerli telekanallara m\u00fcsahib\u0259si, el\u0259c\u0259 d\u0259 BMT Ba\u015f Assambleyas\u0131n\u0131n 75-ci Sessiyas\u0131 \u00e7\u0259r\u00e7iv\u0259sind\u0259 BMT-nin 75 illiyin\u0259 h\u0259sr edilmi\u015f Y\u00fcks\u0259k S\u0259viyy\u0259li \u0130clasda Erm\u0259nistan\u0131n i\u015f\u011fal\u00e7\u0131l\u0131q siyas\u0259ti v\u0259 s\u00fclh dan\u0131\u015f\u0131qlar\u0131n\u0131 pozmas\u0131 istiqam\u0259tind\u0259 s\u0259sl\u0259ndirdiyi b\u0259yanatlara nec\u0259 \u015f\u0259rh ver\u0259rdiniz?<\/strong><\/p>\n\n\n\n<p><br>&#8212; \u00d6nc\u0259 qeyd edim ki, c\u0259nab Prezident \u0130lham \u018fliyevin s\u0259sl\u0259ndirdiyi h\u0259r bir b\u0259yanat, ir\u0259li s\u00fcrd\u00fcy\u00fc h\u0259r bir fikir d\u00fcnyaya veril\u0259n m\u00fch\u00fcm mesajlard\u0131r. \u00c7\u00fcnki Az\u0259rbaycan x\u00fcsusil\u0259 son d\u00f6vrl\u0259rd\u0259 regional g\u00fccd\u0259n beyn\u0259lxalq g\u00fcc\u0259 \u00e7evrilmi\u015f \u00f6lk\u0259 statusuna sahibdir. Biz bunu \u00f6lk\u0259mizin Qafqaz regionunda h\u0259yata ke\u00e7irdiyi iqtisadi v\u0259 s. layih\u0259l\u0259rin d\u00fcnya \u0259h\u0259miyy\u0259tli layih\u0259l\u0259r\u0259 transfer olunmas\u0131 il\u0259 d\u0259 g\u00f6st\u0259r\u0259 bil\u0259rik. \u00dcmumiyy\u0259tl\u0259, Prezident \u0130lham \u018fliyev c\u0259nablar\u0131 t\u0259r\u0259find\u0259n apar\u0131lan \u00e7ox\u015fax\u0259li islahatlar n\u0259tic\u0259sind\u0259 \u00f6lk\u0259mizin s\u00f6z sahibin\u0259 \u00e7evirlm\u0259si fakt\u0131 dan\u0131lmazd\u0131r. M\u0259hz bu kimi amill\u0259rin t\u0259hlill\u0259rini aparark\u0259n, d\u00f6vl\u0259t ba\u015f\u00e7\u0131m\u0131z\u0131n \u00e7\u0131x\u0131\u015f v\u0259 b\u0259yanatlar\u0131 d\u0259rhal d\u00fcnyan\u0131n diqq\u0259t m\u0259rk\u0259zind\u0259 yer al\u0131r v\u0259 bu bir reall\u0131qd\u0131r, aksiomad\u0131r. El\u0259c\u0259 d\u0259, i\u015f\u011fal\u00e7\u0131 Erm\u0259nistan\u0131n Az\u0259rbaycana qar\u015f\u0131 y\u00fcr\u00fctd\u00fcy\u00fc t\u0259cav\u00fczkar v\u0259 i\u015f\u011fal\u00e7\u0131l\u0131q siyas\u0259ti \u0259traf\u0131nda ir\u0259li s\u00fcrd\u00fcy\u00fc fikirl\u0259rinin n\u0259tic\u0259sidir ki, bu g\u00fcn beyn\u0259lxalq al\u0259m \u00f6lk\u0259mizin haqq v\u0259 \u0259dal\u0259tli \u00e7a\u011f\u0131r\u0131\u015flar\u0131n\u0131 d\u0259st\u0259kl\u0259yir, erm\u0259nil\u0259rin vandalizm\u0259, terrora s\u00f6yk\u0259n\u0259n siyas\u0259tl\u0259rini pisl\u0259yir, i\u015f\u011fal alt\u0131nda qalm\u0131\u015f torpaqlar\u0131m\u0131z\u0131n azad edilm\u0259si t\u0259l\u0259bin\u0259 d\u0259st\u0259k g\u00f6st\u0259rirl\u0259r. Biz bunu x\u00fcsusil\u0259 Tovuz hadis\u0259l\u0259ri zaman\u0131 g\u00f6rd\u00fck, \u015fahidi olduq. Bu x\u00fcsusdan da t\u0259hlil aparsaq, bel\u0259 n\u0259tic\u0259 hasil ed\u0259 bil\u0259rik ki, BMT-d\u0259 d\u00fcnya \u00fczr\u0259 182 \u00f6lk\u0259 aras\u0131nda Az\u0259rbaycan\u0131n d\u00f6vl\u0259t ba\u015f\u00e7\u0131s\u0131n\u0131n sayca alt\u0131nc\u0131 \u00e7\u0131x\u0131\u015f etm\u0259si Prezident \u0130lham \u018fliyev\u0259 h\u0259m Az\u0259rbaycan\u0131n d\u00f6vl\u0259t ba\u015f\u00e7\u0131s\u0131, h\u0259m d\u0259 Qo\u015fulmama H\u0259r\u0259kat\u0131n\u0131n s\u0259dri kimi beyn\u0259lxalq s\u0259viyy\u0259d\u0259 g\u00f6st\u0259ril\u0259n h\u00f6rm\u0259t v\u0259 etimad\u0131n t\u0259zah\u00fcr\u00fcd\u00fcr.<\/p>\n\n\n\n<p><br>\u0130\u015f\u011fal\u00e7\u0131 Erm\u0259nistan hakimiyy\u0259tinin i\u015f\u011fal olunmu\u015f \u0259razil\u0259rd\u0259 az\u0259rbaycanl\u0131 \u0259haliy\u0259 qar\u015f\u0131 etnik t\u0259mizl\u0259m\u0259 h\u0259yata ke\u00e7irdiyini, bir milyondan \u00e7ox az\u0259rbaycanl\u0131n\u0131 qa\u00e7q\u0131n v\u0259 m\u0259cburi k\u00f6\u00e7k\u00fcn v\u0259ziyy\u0259tin\u0259 sald\u0131\u011f\u0131n\u0131, Xocal\u0131 soyq\u0131r\u0131m\u0131n\u0131 t\u00f6r\u0259tdiyini, beyn\u0259lxalq h\u00fcquq normalar\u0131n\u0131 kobud \u015f\u0259kild\u0259 pozaraq qanunsuz m\u0259skunla\u015fd\u0131rma siyas\u0259ti h\u0259yata ke\u00e7irdiyini, i\u015f\u011fal olunmu\u015f \u0259razil\u0259rd\u0259 Az\u0259rbaycan xalq\u0131na m\u0259xsus tarixi, m\u0259d\u0259ni v\u0259 dini abid\u0259l\u0259ri m\u0259hv etdiyini diqq\u0259t\u0259 \u00e7atd\u0131ran \u00f6lk\u0259 Prezidenti \u0130lham \u018fliyev BMT-ni v\u0259 beyn\u0259lxalq ictimaiyy\u0259ti Erm\u0259nistan\u0131n n\u00f6vb\u0259ti h\u0259rbi t\u0259cav\u00fczd\u0259n \u00e7\u0259kindirilm\u0259sin\u0259 d\u0259v\u0259t etm\u0259si il\u0259 yana\u015f\u0131, h\u0259m d\u0259 vur\u011fulay\u0131b ki, \u0259ks halda Az\u0259rbaycan\u0131n torpaqlar\u0131n\u0131 dig\u0259r vasit\u0259l\u0259rl\u0259, y\u0259ni m\u00fcharib\u0259 il\u0259 azad etm\u0259k h\u00fcququnu icra etm\u0259sind\u0259n ba\u015fqa yolu qalmayacaq.<\/p>\n\n\n\n<p><br>Bel\u0259 ki, b\u00fct\u00fcn bu ill\u0259r \u0259rzind\u0259 c\u0259bh\u0259boyu \u0259razil\u0259rd\u0259 ya\u015fayan Az\u0259rbaycan \u0259halisi erm\u0259ni vandallar\u0131, terror\u00e7ular\u0131 il\u0259 \u00fcz-\u00fcz\u0259 dayanma\u011fa m\u0259cbur olub. Lakin erm\u0259ni h\u0259rbi birl\u0259\u015fm\u0259l\u0259rinin c\u0259bh\u0259boyu m\u00fclki \u0259halinin ya\u015fay\u0131\u015f yerl\u0259rini h\u0259d\u0259f\u0259 almas\u0131, da\u011f\u0131nt\u0131lara, insan t\u0259l\u0259fatlar\u0131na s\u0259b\u0259b olmas\u0131na baxmayaraq, az\u0259rbaycanl\u0131lar \u00f6z evl\u0259rini t\u0259rk etm\u0259yib, \u0259ksin\u0259 m\u0259rdlik n\u00fcmayi\u015f etdirirl\u0259r. \u00c7\u00fcnki Az\u0259rbaycan xalq\u0131 Silahl\u0131 Q\u00fcvv\u0259l\u0259rimiz\u0259 inan\u0131r. M\u00fcxt\u0259lif vaxtlarda Erm\u0259nistan\u0131n t\u00f6r\u0259tdiyi t\u0259xribatlar\u0131n q\u0259tiyy\u0259tl\u0259 qar\u015f\u0131s\u0131n\u0131n al\u0131nmas\u0131, d\u00fc\u015fm\u0259nin d\u0259f\u0259l\u0259rl\u0259 a\u011f\u0131r itki ver\u0259r\u0259k geri otuzdurulmas\u0131 ordumuzun g\u00fcc\u00fcn\u00fc g\u00f6st\u0259rir. Prezidentimiz, Silahl\u0131 Q\u00fcvv\u0259l\u0259rin Ali Ba\u015f Komandan\u0131 c\u0259nab \u0130lham \u018fliyevin dediyi kimi, Az\u0259rbaycan d\u00f6vl\u0259tinin, xalq\u0131n\u0131n s\u0259bri t\u00fck\u0259nm\u0259z deyil. Biz daha 25 il oturub torpaqlar\u0131n dan\u0131\u015f\u0131qlar yolu il\u0259 h\u0259ll olunmas\u0131n\u0131 g\u00f6zl\u0259m\u0259y\u0259c\u0259yik. Bu m\u0259s\u0259l\u0259 konkret h\u0259llini tapmal\u0131d\u0131r. Az\u0259rbaycanda bu g\u00fcn birm\u0259nal\u0131 m\u00f6vqe formala\u015f\u0131b ki, torpaqlar\u0131m\u0131z i\u015f\u011faldan azad edilm\u0259lidir. \u0130ndi Az\u0259rbaycan \u00f6z se\u00e7imini ed\u0259c\u0259k. Biz h\u0259rbi yolla torpaqlar\u0131m\u0131z\u0131 i\u015f\u011faldan azad ed\u0259c\u0259yik. N\u0259tic\u0259d\u0259, Erm\u0259nistan\u0131n d\u00f6vl\u0259t kimi m\u00f6vcudlu\u011fu da sual alt\u0131na d\u00fc\u015f\u0259c\u0259k.<\/p>\n\n\n\n<p><br>T\u0259\u0259ss\u00fcf v\u0259 narahat\u00e7\u0131l\u0131q hissi il\u0259 qeyd edir\u0259m ki, b\u00fct\u00fcn d\u00fcnya ictimaiyy\u0259tin\u0259 m\u0259lumdur ki, Erm\u0259nistan i\u015f\u011fal etdiyi Az\u0259rbaycan torpaqlar\u0131nda terror\u00e7u yuvalar\u0131 yarad\u0131b, orada terror\u00e7ularla h\u0259rbi t\u0259liml\u0259r v\u0259 aktiv narkotik vasit\u0259l\u0259rin ticar\u0259ti h\u0259yata ke\u00e7irilir. Bu da t\u0259kc\u0259 Az\u0259rbaycana deyil, b\u00fct\u00fcn qon\u015fu \u00f6lk\u0259l\u0259r\u0259 &#8212; b\u0259\u015f\u0259riyy\u0259t\u0259 ciddi t\u0259hdid yarad\u0131r.<\/p>\n\n\n\n<p><br>Onu da qeyd edim ki, bu g\u00fcn Az\u0259rbaycan xalq\u0131 v\u0259 y\u00fcks\u0259k v\u0259t\u0259np\u0259rv\u0259rlik ruhunda yeti\u015f\u0259n sa\u011flam d\u00fc\u015f\u00fcnc\u0259li g\u0259nc n\u0259sil torpaqlar\u0131m\u0131z\u0131n m\u00fcharib\u0259 yolu il\u0259 i\u015f\u011faldan azad edilm\u0259sinin t\u0259r\u0259fdar\u0131d\u0131r. H\u0259m\u00e7inin, \u00f6lk\u0259nin m\u00fcdafi\u0259 qabiliyy\u0259tinin v\u0259 t\u0259hl\u00fck\u0259sizliyinin t\u0259min edilm\u0259si, x\u00fcsusi m\u00fcdafi\u0259 xarakterli layih\u0259l\u0259rin v\u0259 t\u0259dbirl\u0259rin h\u0259yata ke\u00e7irilm\u0259si y\u00f6n\u00fcnd\u0259 maliyy\u0259 t\u0259minat\u0131n\u0131n yarad\u0131lmas\u0131 dem\u0259y\u0259 \u0259sas verir ki, n\u00f6vb\u0259ti ill\u0259rd\u0259 bu faktor \u00f6z prioritetliyini saxlayacaqd\u0131r. Bizim torpaqlar\u0131n geri qaytar\u0131lmas\u0131 \u00fc\u00e7\u00fcn kifay\u0259t q\u0259d\u0259r canl\u0131 q\u00fcvv\u0259miz, ehtiyatda olan savadl\u0131, bilikli, h\u0259rbi-taktiki bilgil\u0259ri, s\u0259viyy\u0259l\u0259ri y\u00fcks\u0259k olan zabit hey\u0259timiz, \u0259n m\u00fcasir standartlara cavab ver\u0259n h\u0259rbi-texniki t\u0259chizat\u0131m\u0131z, g\u00fccl\u00fc Ordumuz var.<\/p>\n\n\n\n<p><br>O c\u00fcml\u0259d\u0259n, qeyd etdiyim kimi, biz maksimum \u015f\u0259kild\u0259 m\u00fcnaqi\u015f\u0259nin s\u00fclh yolu il\u0259 h\u0259ll olunmas\u0131na \u00e7al\u0131\u015fm\u0131\u015f\u0131q, ancaq g\u00f6r\u00fcnd\u00fcy\u00fc kimi, Erm\u0259nistan\u0131n m\u00f6vcud \u201cpa\u015finyan hakimiyy\u0259ti\u201d dan\u0131\u015f\u0131qlar prosesinin dayanmas\u0131na s\u0259b\u0259b olub. Bu bax\u0131mdan, \u0259g\u0259r sabah i\u015f\u011fal\u00e7\u0131 \u00f6lk\u0259 a\u011f\u0131r f\u0259sadlara s\u0259b\u0259b olacaq v\u0259ziyy\u0259t\u0259 d\u00fc\u015f\u0259c\u0259ks\u0259, m\u0259suliyy\u0259ti h\u0259min \u00f6lk\u0259nin h\u0259rbi-siyasi r\u0259hb\u0259rliyi da\u015f\u0131yacaq. Ona g\u00f6r\u0259 d\u0259, \u00fcmid edirik beyn\u0259lxalq h\u00fcquq Az\u0259rbaycana m\u00fcnasib\u0259td\u0259 d\u0259 i\u015fl\u0259y\u0259c\u0259k v\u0259 BMT q\u0259tnam\u0259l\u0259ri ba\u015fqa \u00f6lk\u0259l\u0259rd\u0259 yaranan probleml\u0259rl\u0259 ba\u011fl\u0131 d\u0259rhal i\u015fl\u0259k v\u0259ziyy\u0259t\u0259 g\u0259tirildiyi kimi, Da\u011fl\u0131q Qaraba\u011f m\u00fcnaqi\u015f\u0259sinin h\u0259llin\u0259 d\u0259 g\u0259tirib \u00e7\u0131xaracaq.<\/p>\n\n\n\n<p><br><strong>&#8212; C\u0259nab general-polkovnik, son ill\u0259rd\u0259 Az\u0259rbaycan v\u0259 T\u00fcrkiy\u0259 aras\u0131nda h\u0259r sah\u0259d\u0259 oldu\u011fu kimi, h\u0259rbi sah\u0259d\u0259 d\u0259 m\u00fcnt\u0259z\u0259m xarakterli v\u0259 strateji \u0259m\u0259kda\u015fl\u0131q m\u00fchiti artan x\u0259tl\u0259 inki\u015faf edir. Sizc\u0259 bu kimi birlik v\u0259 b\u0259rab\u0259rlik m\u00fchiti \u00f6lk\u0259l\u0259rimiz\u0259 regionda daha hans\u0131 t\u00f6hf\u0259l\u0259rini ver\u0259 bil\u0259r?<\/strong><\/p>\n\n\n\n<p><br>&#8212; M\u0259n \u00f6nc\u0259ki m\u00fcsahib\u0259 v\u0259 a\u00e7\u0131qlamalar\u0131mda da vur\u011fulad\u0131\u011f\u0131n\u0131z m\u0259s\u0259l\u0259y\u0259 ayd\u0131nl\u0131q g\u0259tirmi\u015f\u0259m. hesab edir\u0259m ki, iki qarda\u015f \u00f6lk\u0259 aras\u0131ndak\u0131 sars\u0131lmaz birlik \u0259b\u0259di v\u0259 d\u00f6nm\u0259zdir. Lakin bir daha xat\u0131rlatmalar\u0131m\u0131 ed\u0259r\u0259k, suala tam t\u0259fsilat\u0131 il\u0259 cavab verm\u0259k ist\u0259rdim. Yad\u0131n\u0131zdad\u0131rsa, bir m\u00fcdd\u0259t \u0259vv\u0259l Prezident \u0130lham \u018fliyev c\u0259nablar\u0131 Yunan\u0131stan\u0131n \u00f6lk\u0259miz\u0259 t\u0259yin olunmu\u015f s\u0259firinin etimadnam\u0259sini q\u0259bul ed\u0259rk\u0259n, bu g\u00fcn d\u0259 aktual olan m\u00f6vzuya &#8212; Aral\u0131q d\u0259nizinin \u015f\u0259rq akvatoriyas\u0131 \u0259traf\u0131ndak\u0131 m\u00fcbahis\u0259li m\u0259s\u0259l\u0259y\u0259 m\u0259hz T\u00fcrkiy\u0259y\u0259 d\u0259st\u0259k m\u0259qs\u0259di il\u0259 yana\u015fd\u0131, q\u0259tiyy\u0259tli m\u00f6vqeyini bildirdi. Bel\u0259 olan halda, y\u0259ni bu kimi b\u0259nz\u0259r m\u0259s\u0259l\u0259l\u0259rd\u0259 qarda\u015f \u00f6lk\u0259 il\u0259 t\u0259hdid dilind\u0259 dan\u0131\u015fma\u011fa \u00e7al\u0131\u015fanlar\u0131n cavab\u0131n\u0131n Az\u0259rbaycan Prezidenti t\u0259r\u0259find\u0259n y\u00fcks\u0259k diplomatik t\u0259rzl\u0259 verilm\u0259si s\u00f6z yox ki, t\u00fcrk qarda\u015flar\u0131m\u0131zla birg\u0259 h\u0259r birimizi &#8212; dey\u0259rdim ki, b\u00f6y\u00fck t\u00fcrk d\u00fcnyas\u0131n\u0131 q\u00fcrurland\u0131rd\u0131. \u018fb\u0259s deyil ki, T\u00fcrkiy\u0259nin d\u00f6vl\u0259t v\u0259 hakimiyy\u0259t n\u00fcmay\u0259nd\u0259l\u0259rind\u0259n tutmu\u015f s\u0131ravi v\u0259t\u0259nda\u015flar\u0131na q\u0259d\u0259r h\u0259r k\u0259s Prezident \u0130lham \u018fliyev c\u0259nablar\u0131n\u0131n q\u0259tiyy\u0259tli b\u0259yanatlar\u0131n\u0131 alq\u0131\u015flad\u0131, bunu n\u00f6vb\u0259ti sars\u0131lmaz qarda\u015fl\u0131q n\u00fcmun\u0259si olaraq d\u0259y\u0259rl\u0259ndirdi. Onu da xat\u0131rlad\u0131m ki, Az\u0259rbaycan\u0131n T\u00fcrkiy\u0259y\u0259 olan bu kimi d\u0259st\u0259kl\u0259ri daha \u0259vv\u0259ll\u0259r d\u0259 olub. Bir ne\u00e7\u0259 il \u0259vv\u0259l &#8212; T\u00fcrkiy\u0259d\u0259 FET\u00d6 terror t\u0259\u015fkilat\u0131 t\u0259r\u0259find\u0259n d\u00f6vl\u0259t \u00e7evrili\u015fin\u0259 c\u0259hd edil\u0259n zaman \u00f6lk\u0259mizin ba\u015f\u00e7\u0131s\u0131 d\u0259rhal b\u0259yanat ver\u0259r\u0259k, Az\u0259rbaycan d\u00f6vl\u0259tinin v\u0259 xalq\u0131n\u0131n b\u00fct\u00fcn m\u0259nalarda T\u00fcrkiy\u0259 d\u00f6vl\u0259tinin, hakimiyy\u0259tinin v\u0259 xalq\u0131n\u0131n yan\u0131nda oldu\u011funu q\u0259tiyy\u0259tl\u0259 vur\u011fulad\u0131. Bu anda x\u00fcsusil\u0259 toxunmaq ist\u0259rdim ki, s\u00f6z\u00fcged\u0259n m\u0259s\u0259l\u0259 yaln\u0131z iki strateji v\u0259 m\u00fctt\u0259fiq \u00f6lk\u0259l\u0259r aras\u0131nda \u0259ld\u0259 edilmi\u015f r\u0259smi raz\u0131la\u015fmalar\u0131n g\u00f6st\u0259ricisi deyil, bu eyni zamanda, iki vahid qarda\u015fl\u0131\u011f\u0131n he\u00e7 vaxt d\u0259yi\u015film\u0259y\u0259c\u0259k, \u0259b\u0259di qalacaq bariz n\u00fcmun\u0259sidir. \u00c7\u00fcnki T\u00fcrkiy\u0259 d\u00f6vl\u0259ti d\u0259 Erm\u0259nistan-Az\u0259rbaycan, Da\u011fl\u0131q Qaraba\u011f m\u00fcnaqi\u015f\u0259sinin h\u0259lli istiqam\u0259tind\u0259 davaml\u0131 olaraq Az\u0259rbaycan\u0131n m\u00f6vqeyin\u0259 d\u0259st\u0259k g\u00f6st\u0259rib. Son hadis\u0259l\u0259r fonunda h\u0259yata ke\u00e7iril\u0259n h\u0259rbi t\u0259liml\u0259r d\u0259 bu d\u0259st\u0259yin ill\u0259r\u0259 s\u00f6yk\u0259n\u0259n bariz s\u00fcbutudur. Art\u0131q iki \u00f6lk\u0259 bir yumruqda birl\u0259\u015fib v\u0259 bu vahidliyi kims\u0259 sars\u0131da bilm\u0259z.<\/p>\n\n\n\n<p><br>Lakin sonrak\u0131 ill\u0259rd\u0259 d\u0259 \u00f6lk\u0259l\u0259rimiz aras\u0131nda d\u0259f\u0259l\u0259rl\u0259 birg\u0259 h\u0259rbi t\u0259liml\u0259r ba\u015f tutdu. X\u00fcsus\u0259n \u201cAzadl\u0131q Meydan\u0131\u201dnda ke\u00e7iril\u0259n h\u0259rbi paradda az\u0259rbaycanl\u0131 v\u0259 t\u00fcrk \u0259sg\u0259rl\u0259rin eyni s\u0131rada h\u0259rbi y\u00fcr\u00fc\u015fl\u0259 ke\u00e7m\u0259l\u0259ri, parad zaman\u0131 iki \u00f6lk\u0259 Ali Ba\u015f Komandanlar\u0131n\u0131n ir\u0259li s\u00fcrd\u00fckl\u0259ri nitql\u0259ri Az\u0259rbaycan-T\u00fcrkiy\u0259 m\u00fctt\u0259fiqliyinin \u0259n bariz t\u0259c\u0259ss\u00fcml\u0259rind\u0259n biri kimi ortaq tarixl\u0259rimiz\u0259 yaz\u0131ld\u0131.<\/p>\n\n\n\n<p><br>Art\u0131q d\u00fcnyan\u0131n siyasi, iqtisadi d\u00fcz\u0259ni d\u0259yi\u015fir v\u0259 x\u00fcsusil\u0259, Qafqaz, \u015e\u0259rqi Aral\u0131q, Yax\u0131n \u015e\u0259rq v\u0259 s. b\u00f6lg\u0259l\u0259rd\u0259 yeni s\u00f6z sahibl\u0259ri meydana g\u0259lib. Bel\u0259 s\u00f6z sahibl\u0259rind\u0259n biri d\u0259 r\u0259smi Ankarad\u0131r. Bu x\u00fcsusda r\u0259smi Bak\u0131n\u0131n da Ankara il\u0259 eyni m\u00f6vqel\u0259ri b\u00f6l\u00fc\u015fm\u0259si s\u00f6z yox ki, bizi ist\u0259m\u0259y\u0259n q\u00fcvv\u0259l\u0259ri \u00e7ox ciddi narahat edir. T\u00fcrkiy\u0259 il\u0259 Az\u0259rbaycan Silahl\u0131 Q\u00fcvv\u0259l\u0259rinin ikit\u0259r\u0259fli v\u0259 irimiqyasl\u0131, habel\u0259 d\u00f6y\u00fc\u015f \u015f\u0259raitin\u0259 \u0259n yax\u0131n olan h\u0259rbi t\u0259liml\u0259ri ba\u015f tutdu, bu t\u0259liml\u0259r ist\u0259r Bak\u0131da, ist\u0259r dig\u0259r rayon v\u0259 \u015f\u0259h\u0259rl\u0259rimizd\u0259, habel\u0259 Nax\u00e7\u0131vanda ke\u00e7irildi. Bu, s\u00fcbut edir ki, s\u00f6z\u00fcged\u0259n reall\u0131q d\u00fc\u015fm\u0259ni v\u0259 d\u00fc\u015fm\u0259n\u0259 havadarl\u0131q ed\u0259n bir s\u0131ra xarici dair\u0259l\u0259ri h\u0259qiq\u0259t\u0259n d\u0259 sars\u0131d\u0131r v\u0259 qar\u015f\u0131la\u015faca\u011f\u0131 m\u0259\u011flubiyy\u0259tinin ac\u0131s\u0131n\u0131 indid\u0259n ya\u015fad\u0131r. S\u00f6z yox ki, bu h\u0259qiq\u0259tl\u0259ri biz h\u0259m h\u0259rbi, h\u0259m d\u0259 dig\u0259r c\u0259h\u0259tl\u0259rd\u0259n t\u0259hlil edir, hans\u0131 m\u0259crada oldu\u011funu yax\u015f\u0131 bilirik v\u0259 Az\u0259rbaycan-T\u00fcrkiy\u0259 qarda\u015fl\u0131\u011f\u0131 timsal\u0131nda h\u0259r zaman ist\u0259nil\u0259n t\u0259hdid\u0259 layiqli, s\u0259rt, q\u0259tiyy\u0259tli, m\u0259\u011flubedici cavab verm\u0259y\u0259 haz\u0131r\u0131q. Art\u0131q bel\u0259 bir h\u0259qiq\u0259t \u00f6z\u00fcn\u00fc kifay\u0259t q\u0259d\u0259r v\u0259 dan\u0131lmaz isbatlar\u0131 il\u0259 t\u0259sdiq edib &#8212; bu g\u00fcn regionda \u0259ld\u0259 edil\u0259n u\u011furlar bilavasit\u0259 T\u00fcrkiy\u0259nin v\u0259 Az\u0259rbaycan\u0131n birg\u0259 s\u0259yl\u0259ridir.<\/p>\n\n\n\n<p><br><strong>&#8212; Yeri g\u0259lmi\u015fk\u0259n, bug\u00fcnl\u0259rd\u0259 ehtiyatda olan h\u0259rbi qulluq\u00e7ular\u0131n h\u0259rbi t\u0259liml\u0259r\u0259 c\u0259lb edilm\u0259l\u0259ri prosesin\u0259 start verilib. H\u0259min t\u0259liml\u0259rin m\u0259qs\u0259d v\u0259 m\u0259ram\u0131 bar\u0259d\u0259 n\u0259 dey\u0259 bil\u0259rdiniz?<\/strong><\/p>\n\n\n\n<p><br>&#8212; Qeyd edim ki, h\u0259yata ke\u00e7iril\u0259n h\u0259rbi t\u0259liml\u0259r bir \u00e7ox \u0259h\u0259miyy\u0259tli m\u0259qamlara \u0259saslan\u0131r v\u0259 eyni zamanda, m\u00fch\u00fcm h\u0259rbi \u0259m\u0259liyyat plan\u0131 olaraq orduda d\u00f6y\u00fc\u015f v\u0259rdi\u015fl\u0259rinin m\u00f6hk\u0259ml\u0259nm\u0259sind\u0259 v\u0259 h\u0259rbi qulluq\u00e7ular\u0131n q\u0259l\u0259b\u0259y\u0259 inam\u0131n\u0131n g\u00fccl\u0259nm\u0259sind\u0259 \u0259sas \u0259h\u0259miyy\u0259t k\u0259sb edir. Son ill\u0259r Az\u0259rbaycan\u0131n ordu quruculu\u011funda x\u00fcsusi \u00f6n\u0259m veril\u0259n m\u0259s\u0259l\u0259l\u0259rd\u0259n biri d\u0259 m\u00fcxt\u0259lif t\u0259yinatl\u0131 h\u0259rbi b\u00f6lm\u0259l\u0259rd\u0259 m\u00fcnt\u0259z\u0259m xarakterli t\u0259liml\u0259rin ke\u00e7irilm\u0259sidir. Bu amild\u0259n \u00e7\u0131x\u0131\u015f ed\u0259r\u0259k dey\u0259 bil\u0259r\u0259m ki, z\u0259ruri hallarda ehtiyatda olan h\u0259rbi m\u00fck\u0259ll\u0259fiyy\u0259tlil\u0259rin d\u0259 t\u0259liml\u0259r\u0259 c\u0259lb edilm\u0259si h\u0259rbi planlar\u0131n t\u0259rkib hiss\u0259sidir. Dig\u0259r t\u0259r\u0259fd\u0259n, ordumuzun h\u0259rbi arsenal\u0131na daxil edil\u0259n m\u00fcasir silah v\u0259 texnikalar\u0131n, \u00e7oxsayl\u0131 h\u0259rbi t\u0259chizat mexanizml\u0259rinin, habel\u0259 d\u00f6y\u00fc\u015f sirl\u0259rinin \u00f6yr\u0259nilm\u0259si bax\u0131m\u0131ndan da ehtiyatda olan h\u0259rb\u00e7il\u0259rin t\u0259liml\u0259r\u0259 c\u0259lb edilm\u0259si olduqca vacibdir. Daha d\u0259qiq des\u0259m, orduda insan amili n\u0259 q\u0259d\u0259r \u00f6n\u0259mlidirs\u0259, onun silahlanmas\u0131, h\u0259rbi g\u00fcc\u00fc d\u0259 \u0259n vacib m\u0259qamlardand\u0131r. Ali Ba\u015f Komandan, c\u0259nab \u0130lham \u018fliyevin h\u0259yata ke\u00e7irdiyi d\u00fc\u015f\u00fcn\u00fclm\u00fc\u015f siyas\u0259ti n\u0259tic\u0259sind\u0259 bu g\u00fcn Az\u0259rbaycan\u0131n C\u0259nubi Qafqaz\u0131n \u0259n g\u00fccl\u00fc ordusuna sahib olmas\u0131 reall\u0131\u011f\u0131 da bunu isbat edir. Haz\u0131rda d\u00fcnya h\u0259rb s\u0259nayesinin \u0259n son yenilikl\u0259ri olan silah-sursat Az\u0259rbaycan Ordusunun arsenal\u0131nda yer al\u0131r. Bu g\u00fcn Az\u0259rbaycan ordusunun arsenal\u0131nda olan silah-sursata v\u0259 texnikaya d\u00fcnyan\u0131n \u0259ks\u0259r d\u00f6vl\u0259tl\u0259rinin ordular\u0131 h\u0259s\u0259d apara bil\u0259r. \u00dcmumiyy\u0259tl\u0259, h\u0259rbi t\u0259liml\u0259r ehtiyatdan \u00e7a\u011f\u0131r\u0131lan h\u0259rbi\u00e7il\u0259rin &#8212; \u0259sg\u0259rin, gizirin v\u0259 zabitin h\u0259yat\u0131nda \u00e7ox \u0259h\u0259miyy\u0259tlidir. Bu c\u00fcr s\u0131naqlar onlar\u0131n h\u0259rbi bacar\u0131\u011f\u0131n\u0131 t\u0259sdiql\u0259m\u0259kl\u0259 yana\u015f\u0131 h\u0259m d\u00f6y\u00fc\u015f ruhunu art\u0131r\u0131r, h\u0259m d\u0259 h\u0259rbi v\u0259rdi\u015fl\u0259ri daha da t\u0259kmill\u0259\u015fdirir. Az\u0259rbaycan Ordusunun \u015f\u0259xsi hey\u0259ti il\u0259 birg\u0259 m\u00fct\u0259madi olaraq c\u0259bh\u0259 x\u0259ttind\u0259 geni\u015fmiqyasl\u0131 d\u00f6y\u00fc\u015f t\u0259liml\u0259rinin ke\u00e7irilm\u0259si qeyd etdiyim \u0259saslara s\u00f6yk\u0259nm\u0259kd\u0259dir. Az\u0259rbaycan Respublikas\u0131n\u0131n Prezidenti, Silahl\u0131 Q\u00fcvv\u0259l\u0259rin Ali Ba\u015f Komandan\u0131 c\u0259nab \u0130lham \u018fliyevin tap\u015f\u0131r\u0131\u011f\u0131 \u0259sas\u0131nda v\u0259 ordunun illik d\u00f6y\u00fc\u015f haz\u0131rl\u0131\u011f\u0131 plan\u0131na m\u00fcvafiq olaraq ke\u00e7iril\u0259n t\u0259liml\u0259r\u0259 m\u00fcxt\u0259lif t\u0259yinatl\u0131 d\u00f6y\u00fc\u015f b\u00f6lm\u0259l\u0259ri il\u0259 yana\u015f\u0131, ehtiyatda olan zabit, gizir v\u0259 \u0259sg\u0259rl\u0259rimiz d\u0259 c\u0259lb olunurlar ki, bu da d\u00f6y\u00fc\u015f ruhunun artmas\u0131na, d\u00fc\u015fm\u0259nin t\u0259la\u015flanmas\u0131na, qorxuya d\u00fc\u015fm\u0259sin\u0259 s\u0259b\u0259b olmaqdad\u0131r. \u018fb\u0259s deyil ki, art\u0131q erm\u0259ni medias\u0131 v\u0259 sosial \u015f\u0259b\u0259k\u0259 seqmentl\u0259ri ehtiyatda olan h\u0259rb\u00e7il\u0259rimizin h\u0259rbiy\u0259 \u00e7a\u011f\u0131r\u0131lmalar\u0131ndan b\u00f6y\u00fck sars\u0131nt\u0131 ke\u00e7irdikl\u0259rini gizl\u0259tmirl\u0259r.<\/p>\n\n\n\n<p><br><strong>&#8212; M\u0259h\u0259rr\u0259m m\u00fc\u0259llim, buradan daha bir sual da yaran\u0131r. Erm\u0259nistan r\u0259hb\u0259rliyinin qeyri-qanuni yollarla m\u00fcxt\u0259lif \u00f6lk\u0259l\u0259rd\u0259n muzdlu silahl\u0131lar\u0131 c\u0259lb etm\u0259l\u0259ri d\u00fc\u015fm\u0259n \u00f6lk\u0259nin \u00f6z ordusuna inam\u0131n\u0131n olmamas\u0131 il\u0259 \u0259laq\u0259l\u0259ndiril\u0259 bil\u0259rmi?<\/strong><\/p>\n\n\n\n<p><br>&#8212; \u018flb\u0259tt\u0259 ki, bu bel\u0259dir. Erm\u0259nistan ordusunda ba\u015f al\u0131b-ged\u0259n \u00f6zba\u015f\u0131nal\u0131qlar, \u0259sg\u0259r \u00f6l\u00fcml\u0259ri, f\u0259rarilik hallar\u0131n\u0131n artmas\u0131 da s\u00fcbut edir ki, onlar\u0131n ordular\u0131 yaln\u0131z s\u0259n\u0259d \u00fcz\u0259rind\u0259 bel\u0259 adland\u0131r\u0131l\u0131r. H\u0259qiq\u0259t\u0259 qalanda is\u0259, Erm\u0259nistan\u0131n k\u00f6hn\u0259, sovet vaxt\u0131ndan qalan silah v\u0259 texnikalar\u0131 da dem\u0259k olar ki, yarars\u0131z v\u0259ziyy\u0259td\u0259dir. Onlar yaln\u0131z ara-s\u0131ra silah mafiyalar\u0131 il\u0259 i\u015f birlikl\u0259rin\u0259 ged\u0259r\u0259k m\u00fc\u0259yy\u0259n t\u0259chizatlara yiy\u0259l\u0259nm\u0259y\u0259 \u00e7al\u0131\u015f\u0131rlar. Buna is\u0259 ordunun qlobal m\u00fcasirl\u0259\u015fm\u0259si ad\u0131n\u0131 verm\u0259k do\u011fru deyil. T\u0259bii ki, n\u0259inki \u0259sg\u0259rl\u0259r, h\u0259tta zabitl\u0259r bel\u0259 bu c\u00fcr z\u0259if orduda xidm\u0259t ke\u00e7m\u0259kd\u0259 maraql\u0131 deyill\u0259r. El\u0259 d\u0259 uza\u011fa getm\u0259y\u0259r\u0259k, yax\u0131n vaxtlarda erm\u0259nistan\u0131n etdiyi n\u00f6vb\u0259ti t\u0259xribat zaman\u0131 \u0259l\u0259 ke\u00e7irilmi\u015f erm\u0259ni diversiya \u00fczv\u00fcn\u00fcn verdiyi m\u00fcsahib\u0259sind\u0259n g\u00f6r\u00fcn\u00fcr ki, onlar\u0131n \u00f6lk\u0259 r\u0259hb\u0259rlikl\u0259rinin m\u00fcharib\u0259 ritorikalar\u0131 qorxunun, narahatl\u0131\u011f\u0131n \u0259lam\u0259tl\u0259ridir. Onu da n\u0259z\u0259r\u0259 alsaq ki, bu g\u00fcn Erm\u0259nistan r\u0259hb\u0259rliyi ordular\u0131n\u0131n n\u0259inki h\u0259rbi-texniki c\u0259h\u0259td\u0259n, h\u0259m d\u0259 canl\u0131 q\u00fcvv\u0259 bax\u0131m\u0131ndan t\u0259min ed\u0259 bilmirs\u0259, bunun \u00fc\u00e7\u00fcn m\u00fcxt\u0259lif Yax\u0131n \u015e\u0259rq \u00f6lk\u0259l\u0259rind\u0259n muzdlu d\u00f6y\u00fc\u015f\u00e7\u00fcl\u0259ri, terror\u00e7u \u015f\u0259b\u0259k\u0259l\u0259r\u0259 ba\u011fl\u0131 olan adamlar\u0131 qeyri-qanuni yollarla \u00f6lk\u0259l\u0259rin\u0259 transferl\u0259r edirl\u0259rs\u0259, dem\u0259k v\u0259ziyy\u0259t tam \u015f\u0259kild\u0259 ayd\u0131nla\u015f\u0131r. Bu m\u0259nada dey\u0259 bil\u0259r\u0259m ki, Az\u0259rbaycan\u0131n g\u00fccl\u00fc Ordusu Qaraba\u011f\u0131n azad olunmas\u0131 m\u0259s\u0259l\u0259sind\u0259 yaln\u0131z Erm\u0259nistan\u0131n i\u015f\u011fal\u00e7\u0131l\u0131q siyas\u0259tin\u0259 qar\u015f\u0131 deyil, h\u0259m d\u0259 beyn\u0259lxalq terrora qar\u015f\u0131 anti-terror \u0259m\u0259liyyatlar\u0131 ke\u00e7irm\u0259k h\u00fcququna malikdir. Bu beyn\u0259lxalq h\u00fcquq normalar\u0131na tam uy\u011fundur, qanunidir v\u0259 \u0259dal\u0259tlidir.<\/p>\n\n\n\n<p><br><strong>&#8212; C\u0259nab general-polkovnik, Az\u0259rbaycana Da\u011fl\u0131q Qaraba\u011f m\u00fcnaqi\u015f\u0259sind\u0259 \u0259n \u00e7ox d\u0259st\u0259k g\u00f6st\u0259r\u0259n \u00f6lk\u0259l\u0259rd\u0259n biri d\u0259 dost Pakistan d\u00f6vl\u0259tidir. \u00dcmumiyy\u0259tl\u0259, Pakistan\u0131n bu m\u0259s\u0259l\u0259d\u0259ki yeri v\u0259 rolu bar\u0259d\u0259 hans\u0131 fikirl\u0259rinizi b\u00f6l\u00fc\u015f\u0259rdiniz?<\/strong><\/p>\n\n\n\n<p><br>&#8212; Do\u011fru buyurdunuz. Pakistan \u0130slam Respublikas\u0131 Qaraba\u011f m\u00fcnaqi\u015f\u0259si ba\u015flad\u0131qdan sonra T\u00fcrkiy\u0259 il\u0259 yana\u015f\u0131 Az\u0259rbaycana ilk d\u0259st\u0259k g\u00f6st\u0259r\u0259n d\u00f6vl\u0259tl\u0259rd\u0259ndir. Bu \u00f6lk\u0259 m\u00fcst\u0259qilliyimizi d\u0259 ilk olaraq tan\u0131yan d\u00f6vl\u0259tl\u0259r s\u0131ras\u0131ndad\u0131r. Bunun is\u0259 tarixi m\u0259qamlar\u0131 il\u0259 yana\u015f\u0131, m\u0259n\u0259vi m\u0259qamlar\u0131 da var. \u00c7\u00fcnki Az\u0259rbaycanla Pakistan aras\u0131ndak\u0131 ba\u011fl\u0131l\u0131q \u00f6z\u00fcnd\u0259 bir s\u0131ra m\u00fch\u00fcm, h\u0259yati sars\u0131lmazl\u0131\u011f\u0131 \u0259ks etdirm\u0259kd\u0259dir.<\/p>\n\n\n\n<p><br>Dig\u0259r t\u0259r\u0259fd\u0259n, Az\u0259rbaycan d\u00f6vl\u0259ti v\u0259 bu g\u00fcn d\u00fcnyada n\u00fcfuzu il\u0259 se\u00e7il\u0259n Heyd\u0259r \u018fliyev Fondu daim dost Pakistan d\u00f6vl\u0259tin\u0259, xalq\u0131na \u00f6z d\u0259st\u0259yini \u0259sirg\u0259m\u0259yib. H\u0259min \u00f6lk\u0259d\u0259 ba\u015f ver\u0259n t\u0259bii f\u0259lak\u0259tl\u0259r zaman\u0131nda da, m\u00fcxt\u0259lif t\u0259dris m\u00fc\u0259ssis\u0259l\u0259rinin tikintisind\u0259 d\u0259, ba\u015fqa bir s\u0131ra m\u00fcvafiq m\u0259s\u0259l\u0259l\u0259rd\u0259 d\u0259 Az\u0259rbaycan Pakistan\u0131n yan\u0131nda olub. Pakistan d\u00f6vl\u0259ti d\u0259 m\u00fcxt\u0259lif beyn\u0259lxalq t\u0259\u015fkilatlarda \u00f6lk\u0259miz\u0259 ard\u0131c\u0131l d\u0259st\u0259yini g\u00f6st\u0259rib. O c\u00fcml\u0259d\u0259n, h\u0259rbi sah\u0259d\u0259 d\u0259 \u0259m\u0259kda\u015fl\u0131qlar\u0131m\u0131z m\u00f6vcuddur. \u018fn m\u00fch\u00fcm m\u0259s\u0259l\u0259 is\u0259 budur ki, dost v\u0259 qarda\u015f \u00f6lk\u0259 Az\u0259rbaycana d\u0259st\u0259k verm\u0259k v\u0259 h\u0259mr\u0259ylik n\u00fcmayi\u015f etdirm\u0259kl\u0259 yana\u015f\u0131, bu g\u00fcn\u0259 kimi Erm\u0259nistanla diplomatik \u0259laq\u0259l\u0259r qurmay\u0131b, onu bir d\u00f6vl\u0259t kimi tan\u0131may\u0131b. Bu siyas\u0259tin t\u0259m\u0259li is\u0259 Ulu \u00d6nd\u0259r Heyd\u0259r \u018fliyev t\u0259r\u0259find\u0259n &#8212; Pakistanla m\u00fcnasib\u0259tl\u0259rin m\u00f6hk\u0259ml\u0259ndirilm\u0259sind\u0259n ba\u015flayaraq qoyulub. Bu g\u00fcn h\u0259min siyas\u0259t Prezident \u0130lham \u018fliyev t\u0259r\u0259find\u0259n u\u011furlar davam etdirilm\u0259kd\u0259dir. \u018fb\u0259s deyil ki, d\u00f6vl\u0259timizin ba\u015f\u00e7\u0131s\u0131 \u201cAz\u0259rbaycan b\u00fct\u00fcn m\u0259s\u0259l\u0259l\u0259rd\u0259 Pakistan\u0131n yan\u0131ndad\u0131r\u201d k\u0259lam\u0131 il\u0259 bu birliyin m\u00f6hk\u0259m \u0259saslara s\u00f6yk\u0259ndiyini isbatlay\u0131b. Az\u0259rbaycan\u0131n qarda\u015f \u00f6lk\u0259 il\u0259 \u0259m\u0259kda\u015fl\u0131\u011f\u0131nda h\u0259rbi siyasi amil bar\u0259d\u0259 dan\u0131\u015fark\u0259n onu da xat\u0131rlada bil\u0259r\u0259m ki, Az\u0259rbaycan Respublikas\u0131 il\u0259 Pakistan \u0130slam Respublikas\u0131 aras\u0131nda 2002-ci ild\u0259 imzalanan m\u00fcdafi\u0259 v\u0259 h\u0259rbi sah\u0259d\u0259 \u0259m\u0259kda\u015fl\u0131q haqq\u0131nda sazi\u015fd\u0259 h\u0259r iki \u00f6lk\u0259nin h\u0259rbi-siyasi sah\u0259d\u0259 t\u0259r\u0259fda\u015fl\u0131\u011f\u0131n\u0131n prioritet istiqam\u0259tl\u0259ri \u0259ks olunub. Bu m\u00fcqavil\u0259 il\u0259 d\u00f6vl\u0259tl\u0259rimiz aras\u0131nda h\u0259rbi \u0259laq\u0259l\u0259r daha da geni\u015fl\u0259nib.<\/p>\n\n\n\n<p><br>Onu da bildirim ki, Pakistan \u00f6lk\u0259miz\u0259 m\u00fcxt\u0259lif m\u00fcdafi\u0259 s\u0259nayesi m\u0259hsullar\u0131 t\u0259klif ed\u0259n qarda\u015f \u00f6lk\u0259l\u0259rd\u0259ndir. Eyni zamanda, 2015-ci ild\u0259 iki \u00f6lk\u0259 aras\u0131nda Strateji \u0259m\u0259kda\u015fl\u0131q haqq\u0131nda B\u0259yannam\u0259nin imzalanmas\u0131 il\u0259 t\u0259hl\u00fck\u0259sizlik, h\u0259rbi, h\u0259rbi-texniki, h\u0259rbi t\u0259hsil sah\u0259sind\u0259 \u0259m\u0259kda\u015fl\u0131\u011f\u0131 yeni m\u0259rh\u0259l\u0259y\u0259 do\u011fru y\u00fcks\u0259ldib. Statistik r\u0259q\u0259ml\u0259r d\u0259 \u0259ld\u0259 edil\u0259n u\u011furlu h\u0259rbi \u0259m\u0259kda\u015fl\u0131\u011f\u0131 t\u0259sdiq edir. Bel\u0259 ki, son \u00fc\u00e7 ild\u0259 h\u0259rbi sah\u0259d\u0259 Pakistandan Az\u0259rbaycana 52, \u00f6lk\u0259mizd\u0259n Pakistana is\u0259 42 s\u0259f\u0259r ger\u00e7\u0259kl\u0259\u015fib. Haz\u0131rk\u0131 d\u00f6vr\u0259 q\u0259d\u0259r is\u0259, 350-d\u0259n \u00e7ox az\u0259rbaycanl\u0131 h\u0259rb\u00e7inin Pakistanda m\u00fcxt\u0259lif kurslarda i\u015ftirak edib.<\/p>\n\n\n\n<p><br>\u00d6lk\u0259l\u0259rimiz aras\u0131ndak\u0131 g\u00f6r\u00fc\u015fl\u0259r bu g\u00fcn d\u0259 davam edir. Sentyabr\u0131n \u0259vv\u0259lind\u0259 Moskvaya s\u0259f\u0259ri zaman\u0131 m\u00fcdafi\u0259 naziri Zakir H\u0259s\u0259nov Pakistan \u0130slam Respublikas\u0131n\u0131n Birl\u0259\u015fmi\u015f Q\u0259rargah R\u0259isl\u0259ri Komit\u0259sinin s\u0259dri general Nadim Raza il\u0259 g\u00f6r\u00fc\u015f ke\u00e7irib. G\u00f6r\u00fc\u015fd\u0259 xalqlar\u0131m\u0131z aras\u0131nda \u0259n\u0259n\u0259vi dostluq v\u0259 qar\u015f\u0131l\u0131ql\u0131 etimad\u0131n, el\u0259c\u0259 d\u0259 Az\u0259rbaycan-Pakistan \u0259laq\u0259l\u0259rinin y\u00fcks\u0259l\u0259n x\u0259tl\u0259 inki\u015faf etm\u0259sind\u0259n v\u0259 strateji t\u0259r\u0259fda\u015fl\u0131\u011f\u0131n s\u0259viyy\u0259sind\u0259n m\u0259mnunluq ifad\u0259 olunub. G\u00f6r\u00fc\u015fd\u0259 dig\u0259r m\u00fch\u00fcm m\u0259s\u0259l\u0259l\u0259rl\u0259 yana\u015f\u0131, Az\u0259rbaycan il\u0259 Pakistan aras\u0131nda t\u0259hl\u00fck\u0259sizlik, h\u0259rbi, h\u0259rbi-texniki v\u0259 h\u0259rbi t\u0259hsil sah\u0259l\u0259rind\u0259, terrorizm\u0259 qar\u015f\u0131 m\u00fcbariz\u0259d\u0259 \u0259m\u0259kda\u015fl\u0131\u011f\u0131n, H\u0259rbi Hava v\u0259 H\u0259rbi D\u0259niz q\u00fcvv\u0259l\u0259ri aras\u0131nda \u0259laq\u0259l\u0259rin geni\u015fl\u0259ndirilm\u0259si, el\u0259c\u0259 d\u0259 birg\u0259 h\u0259rbi t\u0259liml\u0259rin ke\u00e7irilm\u0259si m\u0259s\u0259l\u0259l\u0259ri m\u00fczakir\u0259 olunub. B\u00fct\u00fcn bunlar \u00f6lk\u0259l\u0259rimiz aras\u0131ndak\u0131 m\u00fcnbit \u0259m\u0259kda\u015fl\u0131qlar\u0131n, dostlu\u011fun v\u0259 qarda\u015fl\u0131\u011f\u0131n bariz n\u00fcmun\u0259sidir.<\/p>\n\n\n\n<p><br>Qeyd edim ki, y\u00fcks\u0259k v\u0259zif\u0259li d\u00f6vl\u0259t m\u0259murundan s\u0131ravi v\u0259t\u0259nda\u015fa q\u0259d\u0259r qarda\u015f Pakistan Respublikas\u0131na b\u00f6y\u00fck r\u0259\u011fb\u0259t v\u0259 m\u0259h\u0259bb\u0259t hissl\u0259ri vard\u0131r. \u00c7ox m\u0259mnunuq ki, biz eyni m\u00fcnasib\u0259ti qar\u015f\u0131 t\u0259r\u0259fd\u0259n g\u00f6r\u00fcr\u00fck.<\/p>\n\n\n\n<p><br><strong>&#8212; M\u0259h\u0259rr\u0259m m\u00fc\u0259llim, qay\u0131daq yen\u0259 i\u015f\u011fal\u00e7\u0131 Erm\u0259nistan\u0131n t\u0259cav\u00fczkar siyas\u0259tin\u0259 v\u0259 bu d\u0259f\u0259 erm\u0259ni kils\u0259sinin, daha d\u0259qiqi is\u0259 E\u00e7mi\u0259dzinin f\u0259aliyy\u0259tin\u0259. Siz\u0259 el\u0259 g\u0259lmirmi ki, qar\u015f\u0131 t\u0259r\u0259f bu m\u0259s\u0259l\u0259d\u0259 d\u0259 Az\u0259rbaycana uduzur?<\/strong><\/p>\n\n\n\n<p><br>&#8212; T\u0259\u0259ss\u00fcf ki, erm\u0259ni kils\u0259si he\u00e7 vaxt s\u00fclh car\u00e7\u0131s\u0131, m\u00fcharib\u0259y\u0259 qar\u015f\u0131 \u00e7\u0131xan t\u0259r\u0259f kimi \u00e7\u0131x\u0131\u015f etm\u0259yib. Biz unutmamal\u0131y\u0131q ki, m\u0259hz Qaraba\u011f m\u00fcnaqi\u015f\u0259sinin yaranmas\u0131nda, alovlanmas\u0131nda, insanlar\u0131m\u0131z\u0131n \u00f6ld\u00fcr\u00fclm\u0259sind\u0259, q\u0259tl\u0259 yetirilm\u0259sind\u0259 E\u00e7mi\u0259dzin kils\u0259sinin rolu kifay\u0259t q\u0259d\u0259rdir. Bu bar\u0259d\u0259 televiziyalar\u0131m\u0131zda arxiv kadrlar\u0131 bu g\u00fcn d\u0259 qal\u0131r. \u00dcmumiyy\u0259tl\u0259, E\u00e7mi\u0259dzin kils\u0259si n\u0259inki t\u00fcrk d\u00fcnyas\u0131na, habel\u0259 m\u00fcs\u0259lman d\u00fcnyas\u0131na qar\u015f\u0131 a\u015fkar d\u00fc\u015fm\u0259n\u00e7ilik m\u00f6vqeyi s\u0259rgil\u0259yir. Tarix\u0259n bel\u0259 olub, bu g\u00fcn d\u0259 bel\u0259dir. N\u0259inki b\u00fct\u00fcn erm\u0259nil\u0259rin katolikosu Qaregin, el\u0259c\u0259 d\u0259 d\u00fcnyan\u0131n bir \u00e7ox \u00f6lk\u0259l\u0259rind\u0259 yer el\u0259mi\u015f E\u00e7mi\u0259dzin katolikoslu\u011fu sanki d\u00fcnyaya meydan oxuyur, az qala b\u00fct\u00fcn d\u00fcnyan\u0131n erm\u0259nil\u0259r\u0259 m\u0259xsus oldu\u011funu iddia edirl\u0259r, tarixi faktlar\u0131 inkar etm\u0259kl\u0259, yalanlarla, b\u00f6htanlarla.<\/p>\n\n\n\n<p><br>M\u0259n bir misal\u0131 da g\u0259tirm\u0259k ist\u0259rdim. Livan\u0131n paytaxt\u0131 Beyrutda &#8212; erm\u0259nil\u0259rin kompakt ya\u015fad\u0131\u011f\u0131 B\u00fcrc Hamud adl\u0131 \u0259razid\u0259 ba\u015f ver\u0259n v\u0259 \u00e7oxsayl\u0131 insan t\u0259l\u0259fat\u0131na s\u0259b\u0259b olan g\u00fccl\u00fc partlay\u0131\u015fdan sonra d\u00fcnyan\u0131n diqq\u0259ti Yax\u0131n \u015e\u0259rq regionunun geosiyasi cinah\u0131na t\u0259r\u0259f y\u00f6n\u0259lm\u0259y\u0259 ba\u015flay\u0131b. Bu x\u00fcsusda, Erm\u0259nistan\u0131n t\u0259la\u015f\u0131 daha \u00e7ox qabar\u0131q g\u00f6r\u00fcnm\u0259kd\u0259dir. \u00c7\u00fcnki qeyd etdiyimiz kimi, partlay\u0131\u015f\u0131n ba\u015f verdiyi \u00f6lk\u0259d\u0259 400 min\u0259 q\u0259d\u0259r erm\u0259ni ya\u015fay\u0131r v\u0259 onlar\u0131n \u0259ks\u0259riyy\u0259ti m\u0259hz B\u00fcrc Hamud adl\u0131 q\u0259s\u0259b\u0259d\u0259 m\u0259skunla\u015f\u0131blar.<\/p>\n\n\n\n<p><br>Lakin m\u0259s\u0259l\u0259 yaln\u0131z bunda deyil. Daha d\u0259qiq des\u0259k, sirr deyil ki, erm\u0259nil\u0259r tarixl\u0259r boyu t\u0259cav\u00fczkar bax\u0131\u015flar\u0131 v\u0259 i\u015f\u011fal\u00e7\u0131l\u0131q siyas\u0259tl\u0259ri il\u0259 d\u00fcnyan\u0131n h\u0259r yerin\u0259 s\u0259p\u0259l\u0259nm\u0259kl\u0259 yana\u015f\u0131, h\u0259m d\u0259 terror v\u0259 s. bu kimi siyasi-h\u0259rbi t\u0259\u015fkilatlanmalar\u0131n\u0131 apar\u0131b, o c\u00fcml\u0259d\u0259n, anti-t\u00fcrk siyas\u0259tind\u0259n \u00e7\u0131x\u0131\u015f ed\u0259r\u0259k, yeni \u0259razi iddialar\u0131n\u0131 reall\u0131\u011fa \u00e7evirm\u0259kd\u0259n \u00f6tr\u00fc f\u0259aliyy\u0259t istiqam\u0259tl\u0259rinin dinamikliyini qoruyub-saxlay\u0131blar. M\u0259hz bel\u0259 m\u0259rk\u0259zl\u0259rini Yax\u0131n \u015e\u0259rq regionunda quran erm\u0259ni lobbisinin \u0259sas dayaq n\u00f6qt\u0259l\u0259rin\u0259n biri d\u0259 Livan olub. \u201cAsala\u201d gizli erm\u0259ni terror t\u0259\u015fkilat\u0131n\u0131n, habel\u0259 \u201cda\u015fnaksyutunun\u201d Yax\u0131n \u015e\u0259rq qolunun t\u0259m\u0259ll\u0259ri m\u0259hz Livanda qoyulub v\u0259 E\u00e7mi\u0259dzin kils\u0259si b\u00fct\u00fcn bunlara \u00f6z xeyir-duas\u0131n\u0131 verib. \u018fb\u0259s deyil ki, g\u00fcn\u00fc-bu g\u00fcn d\u0259 erm\u0259nil\u0259rin f\u0259xrl\u0259 adlar\u0131n\u0131 \u00e7\u0259kdikl\u0259ri \u201casala\u201d terror t\u0259\u015fkilat\u0131n\u0131n, habel\u0259 \u201cda\u015fnaksyutunun\u201d Yax\u0131n \u015e\u0259rq qolunun t\u0259m\u0259ll\u0259ri m\u0259hz Livanda qoyulub. Dig\u0259r ki\u00e7ik h\u0259rbi t\u0259\u015fkilatlanmalar\u0131n da bu \u00f6lk\u0259d\u0259 apar\u0131lmas\u0131 sirr deyil.<\/p>\n\n\n\n<p><br>Yeri g\u0259lmi\u015fk\u0259n, daha bir fakt\u0131 da xat\u0131rlatmaq ist\u0259rdim. Bu g\u00fcn Livanda erm\u0259nil\u0259rin \u201cb\u00f6y\u00fck kilikiya evi\u201d adland\u0131rd\u0131qlar\u0131 kils\u0259 m\u0259rk\u0259zl\u0259ri f\u0259aliyy\u0259t g\u00f6st\u0259rir v\u0259 h\u0259min m\u0259rk\u0259z\u0259 r\u0259hb\u0259rlik ed\u0259n erm\u0259ni katolikosu I Aramd\u0131r. Bu, h\u0259min Aramd\u0131r ki, \u201cYouTube\u201d sosial \u015f\u0259b\u0259k\u0259sind\u0259 Qaraba\u011f\u0131n Erm\u0259nistana birl\u0259\u015fdirilm\u0259si t\u0259l\u0259bi, habel\u0259 d\u00fcnyan\u0131n erm\u0259nil\u0259r\u0259 m\u0259xsus olmas\u0131 bar\u0259d\u0259 \u00e7oxsayl\u0131 \u00e7\u0131x\u0131\u015flar\u0131 olmu\u015fdur.<\/p>\n\n\n\n<p><br>Bunlara baxmayaraq, Az\u0259rbaycan d\u00f6vl\u0259tinin apard\u0131\u011f\u0131 u\u011furlu xarici diplomatiyas\u0131 say\u0259sind\u0259 E\u00e7mi\u0259dzin kils\u0259sinin f\u0259aliyy\u0259ti qar\u015f\u0131s\u0131na ke\u00e7ilm\u0259z baryerl\u0259r qoyulmaqdad\u0131r.<\/p>\n\n\n\n<p><br>Art\u0131q beyn\u0259lxalq al\u0259m bilir v\u0259 d\u0259rk edir ki, d\u00fcnya erm\u0259ni\u00e7iliyi \u0259vv\u0259lki g\u00fcc\u00fcnd\u0259 deyil v\u0259 onun z\u0259ifl\u0259m\u0259si bilavasit\u0259 Az\u0259rbaycan d\u00f6vl\u0259tinin apard\u0131\u011f\u0131 g\u00fccl\u00fc diplomatik siyas\u0259ti n\u0259tic\u0259sind\u0259 ba\u015f verib. Art\u0131q bizim g\u00fcc\u00fcm\u00fcz qar\u015f\u0131s\u0131nda he\u00e7 bir erm\u0259ni mara\u011f\u0131 dayana bilm\u0259k iqtidar\u0131nda, g\u00fcc\u00fcnd\u0259 deyil.<\/p>\n\n\n\n<p><br><strong>&#8212; C\u0259nab general-polkovnik, d\u00fcnyada COV\u0130D-19 pandemiyas\u0131 t\u00fc\u011fyan edir v\u0259 onunla m\u00fcbariz\u0259d\u0259 Az\u0259rbaycan bir s\u0131ra u\u011furlara imza at\u0131b. B\u0259s h\u0259rbi hiss\u0259l\u0259rimizd\u0259 koronavirus infeksiyas\u0131 il\u0259 m\u00fcbariz\u0259 istiqam\u0259tind\u0259 hans\u0131 i\u015fl\u0259r g\u00f6r\u00fcl\u00fcr?<\/strong><\/p>\n\n\n\n<p><br>&#8212; Koronavirus infeksiyas\u0131 d\u00fcnya \u00f6lk\u0259l\u0259ri aras\u0131nda bu g\u00fcn d\u0259 s\u00fcr\u0259tl\u0259 yay\u0131lmaqdad\u0131r. \u00dcmumd\u00fcnya S\u0259hiyy\u0259 T\u0259\u015fkilat\u0131n\u0131n da t\u00f6vsiy\u0259 v\u0259 t\u0259l\u0259bl\u0259rind\u0259n ir\u0259li g\u0259l\u0259r\u0259k Az\u0259rbaycanda da bir s\u0131ra t\u0259xir\u0259sal\u0131nmaz t\u0259dbirl\u0259rin h\u0259yata ke\u00e7irilm\u0259si z\u0259rur\u0259tinin ard\u0131nca, u\u011furlu n\u0259tic\u0259l\u0259r \u0259ld\u0259 olunub. Prezident \u0130lham \u018fliyevin q\u0259tiyy\u0259ti v\u0259 davaml\u0131 diqq\u0259ti n\u0259tic\u0259sind\u0259 COV\u0130D-19-la m\u00fcbariz\u0259d\u0259 ard\u0131c\u0131l nailiyy\u0259tl\u0259rin \u0259ld\u0259 olunmas\u0131 da buna d\u0259lal\u0259t edir. Lakin edil\u0259nl\u0259rl\u0259 yana\u015f\u0131, dem\u0259k ist\u0259rdim ki, h\u0259rbi hiss\u0259l\u0259rimizd\u0259, h\u0259rbi m\u0259qs\u0259dli m\u00fcxt\u0259lif obyektl\u0259rd\u0259 d\u0259 infeksiya il\u0259 m\u00fcbariz\u0259 istiqam\u0259tind\u0259 \u00e7ox m\u00fch\u00fcm i\u015fl\u0259r h\u0259yata ke\u00e7irilib v\u0259 ke\u00e7irilm\u0259kd\u0259 davam edir. Xat\u0131rlad\u0131m ki, Az\u0259rbaycan Ordusunun \u015f\u0259xsi hey\u0259tinin yeni n\u00f6v koronavirus infeksiyas\u0131na yoluxmas\u0131n\u0131n qar\u015f\u0131s\u0131n\u0131n al\u0131nmas\u0131 \u00fc\u00e7\u00fcn Ali Ba\u015f Komandan c\u0259nab Preziden \u0130lham \u018fliyevin tap\u015f\u0131r\u0131qlar\u0131na uy\u011fun olaraq m\u00fcdafi\u0259 naziri \u0259mr imzalay\u0131b v\u0259 t\u0259dbirl\u0259r plan\u0131 t\u0259sdiql\u0259yib. Eyni zamanda, m\u00fcvafiq idar\u0259l\u0259r t\u0259r\u0259find\u0259n koronavirusun profilaktikas\u0131, diaqnostikas\u0131 v\u0259 m\u00fcalic\u0259sin\u0259 dair t\u0259limatlar haz\u0131rlanaraq qo\u015funlara, h\u0259rbi m\u00fcalic\u0259 m\u00fc\u0259ssis\u0259l\u0259rin\u0259 g\u00f6nd\u0259rilib, koronavirusa qar\u015f\u0131 m\u00fcbariz\u0259 \u00e7\u0259r\u00e7iv\u0259sind\u0259 Az\u0259rbaycan Respublikas\u0131n\u0131n S\u0259hiyy\u0259 Nazirliyi v\u0259 T\u018fB\u0130B-l\u0259 koordinasiyal\u0131 i\u015f t\u0259\u015fkil edilib. M\u00fcdafi\u0259 Nazirliyinin m\u00fcvafiq idar\u0259l\u0259ri v\u0259 tabeliyind\u0259 olan qurumlar g\u00fccl\u0259ndirilmi\u015f i\u015f rejimin\u0259 ke\u00e7\u0259r\u0259k S\u0259hiyy\u0259 Nazirliyi v\u0259 onun m\u00fcvafiq qurumlar\u0131 il\u0259 qar\u015f\u0131l\u0131ql\u0131 f\u0259aliyy\u0259t g\u00f6st\u0259rir. \u018fn m\u00fcasir tibbi avadanl\u0131qlarla tam t\u0259chiz edil\u0259n mobil s\u0259yyar hospitallar ixtisasla\u015fd\u0131r\u0131lm\u0131\u015f tibbi yard\u0131m\u0131n g\u00f6st\u0259rilm\u0259si \u00fc\u00e7\u00fcn h\u0259kim briqadas\u0131 il\u0259 haz\u0131r v\u0259ziyy\u0259t\u0259 g\u0259tirilib. Az\u0259rbaycan Ordusunda yoluxucu x\u0259st\u0259likl\u0259r\u0259 qar\u015f\u0131 m\u00fcbariz\u0259 v\u0259 onlardan qorunma \u00dcST-\u00fcn t\u00f6vsiy\u0259l\u0259rin\u0259 m\u00fcvafiq olaraq elmi c\u0259h\u0259td\u0259n \u0259sasland\u0131r\u0131lm\u0131\u015f profilaktik v\u0259 \u0259ks epidemik t\u0259dbirl\u0259r kompleksi \u00e7\u0259r\u00e7iv\u0259sind\u0259 apar\u0131l\u0131r. Bu t\u0259dbirl\u0259r kompleksi 3 \u0259sas h\u0259lq\u0259d\u0259n ibar\u0259tdir: m\u00fcmk\u00fcn riskl\u0259rin a\u015fkara \u00e7\u0131xar\u0131lmas\u0131, bu riskl\u0259rin qiym\u0259tl\u0259ndirilm\u0259si v\u0259 onlar\u0131n idar\u0259 olunmas\u0131, y\u0259ni t\u0259sirinin minimum s\u0259viyy\u0259sin\u0259 endirilm\u0259si. H\u0259rbi qulluq\u00e7ular aras\u0131nda qeyd olunan t\u0259dbirl\u0259r kompleksinin effektiv h\u0259yata ke\u00e7irilm\u0259si r\u0259hb\u0259rliyin daimi t\u0259l\u0259bidir.<\/p>\n\n\n\n<p><br>Bu bax\u0131mdan, qeyd etm\u0259k ist\u0259rdim ki, hospitallara v\u0259 tibb m\u0259nt\u0259q\u0259l\u0259rin\u0259 m\u00fcraci\u0259t ed\u0259n h\u0259r bir h\u0259rbi qulluq\u00e7u bar\u0259d\u0259 m\u0259lumat x\u00fcsusi rabit\u0259 vasit\u0259si il\u0259 d\u0259rhal r\u0259hb\u0259rliy\u0259 m\u0259ruz\u0259 olunur, eyni zamanda \u00e7evik, adekvat, profilaktik v\u0259 diaqnostik m\u00fcalic\u0259 t\u0259dbirl\u0259ri g\u00f6r\u00fcl\u00fcr.<\/p>\n\n\n\n<p><br>Bununla yana\u015f\u0131 Silahl\u0131 Q\u00fcvv\u0259l\u0259rd\u0259 ba\u015f vermi\u015f bu kimi hallar bar\u0259d\u0259 d\u0259rhal Az\u0259rbaycan Respublikas\u0131 Prezidentinin Administrasiyas\u0131n\u0131n H\u0259rbi m\u0259s\u0259l\u0259l\u0259r \u015f\u00f6b\u0259sin\u0259 m\u0259lumat verilir.<\/p>\n\n\n\n<p><br>M\u0259hz, c\u0259nab Ali Ba\u015f Komandan \u0130lham \u018fliyevin daim diqq\u0259t v\u0259 qay\u011f\u0131s\u0131, Ordu r\u0259hb\u0259rliyinin ciddiliyi v\u0259 t\u0259l\u0259bkarl\u0131\u011f\u0131, el\u0259c\u0259 d\u0259 h\u0259rbi h\u0259kiml\u0259rin f\u0259dakarl\u0131\u011f\u0131 say\u0259sind\u0259 hal-haz\u0131rda h\u0259rbi qulluq\u00e7ular\u0131m\u0131z\u0131n sa\u011flaml\u0131\u011f\u0131 kifay\u0259t q\u0259d\u0259r y\u00fcks\u0259k s\u0259viyy\u0259d\u0259 t\u0259min olunur. N\u0259tic\u0259d\u0259 tibbi h\u0259rbi hiss\u0259 v\u0259 m\u00fc\u0259ssis\u0259l\u0259r ciddi \u0259ks epidemik i\u015f \u015f\u0259raitind\u0259 f\u0259aliyy\u0259t\u0259 haz\u0131rlan\u0131b, x\u0259st\u0259l\u0259rin t\u0259cridi \u00fc\u00e7\u00fcn m\u00fcvafiq bokslar yarad\u0131l\u0131b, onlar laz\u0131mi avadanl\u0131qlarla t\u0259chiz edilib, tibb hey\u0259ti t\u0259limatland\u0131r\u0131l\u0131b. \u015e\u0259xsi hey\u0259t f\u0259rdi m\u00fchafiz\u0259 vasit\u0259l\u0259ri il\u0259 t\u0259chiz olunub. Hospital v\u0259 poliklinikalar h\u0259kim-infeksionistl\u0259rl\u0259 komplektl\u0259\u015fdirilil\u0259r\u0259k f\u0259aliyy\u0259tl\u0259rini davam etdirirl\u0259r. M\u0259hz apar\u0131lan \u00f6nl\u0259yici t\u0259dbirl\u0259r, \u0259ld\u0259 edil\u0259n n\u0259tic\u0259l\u0259r d\u0259 g\u00f6st\u0259rir ki, Az\u0259rbaycan Ordusunda yoluxma hallar\u0131 qeyd\u0259 al\u0131nmay\u0131b v\u0259 h\u0259min istiqam\u0259td\u0259 h\u0259yata ke\u00e7iril\u0259n t\u0259dbirl\u0259r haz\u0131rda u\u011furla davam etdirilm\u0259kd\u0259dir. Hesab edir\u0259m ki, b\u00fct\u00f6vl\u00fckd\u0259 Az\u0259rbaycan d\u00f6vl\u0259tinin qazand\u0131\u011f\u0131 u\u011furlar art\u0131q b\u00fct\u00fcn d\u00fcnyaya bir \u00f6rn\u0259k v\u0259 n\u00fcmun\u0259dir.<\/p>\n","protected":false},"excerpt":{"rendered":"<p>Az\u0259rbaycan Prezidentinin k\u00f6m\u0259k\u00e7isi &#8212; Administrasiyan\u0131n H\u0259rbi m\u0259s\u0259l\u0259l\u0259r \u015f\u00f6b\u0259sinin r\u0259hb\u0259ri, general-polkovnik M\u0259h\u0259rr\u0259m \u018fliyev Trend-\u0259 m\u00fcsahib\u0259 verib.\u00a0 M\u00fcsahib\u0259ni t\u0259qdim edirik: &#8212; M\u0259h\u0259rr\u0259m m\u00fc\u0259llim, Prezident \u0130lham \u018fliyevin<\/p>\n","protected":false},"author":2,"featured_media":16525,"comment_status":"closed","ping_status":"closed","sticky":false,"template":"","format":"standard","meta":{"footnotes":""},"categories":[4],"tags":[],"class_list":["post-16522","post","type-post","status-publish","format-standard","has-post-thumbnail","hentry","category-qarabag"],"aioseo_notices":[],"_links":{"self":[{"href":"https:\/\/fedai.az\/index.php?rest_route=\/wp\/v2\/posts\/16522","targetHints":{"allow":["GET"]}}],"collection":[{"href":"https:\/\/fedai.az\/index.php?rest_route=\/wp\/v2\/posts"}],"about":[{"href":"https:\/\/fedai.az\/index.php?rest_route=\/wp\/v2\/types\/post"}],"author":[{"embeddable":true,"href":"https:\/\/fedai.az\/index.php?rest_route=\/wp\/v2\/users\/2"}],"replies":[{"embeddable":true,"href":"https:\/\/fedai.az\/index.php?rest_route=%2Fwp%2Fv2%2Fcomments&post=16522"}],"version-history":[{"count":3,"href":"https:\/\/fedai.az\/index.php?rest_route=\/wp\/v2\/posts\/16522\/revisions"}],"predecessor-version":[{"id":16527,"href":"https:\/\/fedai.az\/index.php?rest_route=\/wp\/v2\/posts\/16522\/revisions\/16527"}],"wp:featuredmedia":[{"embeddable":true,"href":"https:\/\/fedai.az\/index.php?rest_route=\/wp\/v2\/media\/16525"}],"wp:attachment":[{"href":"https:\/\/fedai.az\/index.php?rest_route=%2Fwp%2Fv2%2Fmedia&parent=16522"}],"wp:term":[{"taxonomy":"category","embeddable":true,"href":"https:\/\/fedai.az\/index.php?rest_route=%2Fwp%2Fv2%2Fcategories&post=16522"},{"taxonomy":"post_tag","embeddable":true,"href":"https:\/\/fedai.az\/index.php?rest_route=%2Fwp%2Fv2%2Ftags&post=16522"}],"curies":[{"name":"wp","href":"https:\/\/api.w.org\/{rel}","templated":true}]}}