{"id":16532,"date":"2020-09-26T02:50:15","date_gmt":"2020-09-25T22:50:15","guid":{"rendered":"https:\/\/fedai.az\/?p=16532"},"modified":"2020-09-26T02:50:18","modified_gmt":"2020-09-25T22:50:18","slug":"prezident-ilham-%c9%99liyevd%c9%99n-muharib%c9%99-x%c9%99b%c9%99rdarligi","status":"publish","type":"post","link":"https:\/\/fedai.az\/?p=16532","title":{"rendered":"Prezident \u0130lham \u018fliyevd\u0259n m\u00fcharib\u0259 x\u0259b\u0259rdarl\u0131\u011f\u0131"},"content":{"rendered":"\n<p><strong>Prezident \u0130lham \u018fliyev sentyabr\u0131n 25-d\u0259 Avropa \u0130ttifaq\u0131n\u0131n C\u0259nubi Qafqaz \u00fczr\u0259 x\u00fcsusi n\u00fcmay\u0259nd\u0259si Toivo Klaar\u0131 q\u0259bul edib. AZ\u018fRTAC x\u0259b\u0259r verir ki, \u0130lham \u018fliyev g\u00f6r\u00fc\u015fd\u0259 b\u00f6lg\u0259d\u0259 v\u0259ziyy\u0259tin m\u0259nfi m\u0259craya do\u011fru getdiyini deyib: \u201cBu da \u0259sas\u0259n Erm\u0259nistan\u0131n Az\u0259rbaycana qar\u015f\u0131 davaml\u0131 h\u0259rbi t\u0259xribatlar\u0131na g\u00f6r\u0259 ba\u015f verir. \u018fn t\u0259cav\u00fczkar add\u0131m\u0131 Erm\u0259nistan iyulun 12-d\u0259 at\u0131b. Onlar bizim h\u0259rbi m\u00f6vqel\u0259ri v\u0259 k\u0259ndl\u0259rimizi at\u0259\u015f\u0259 tutmaq \u00fc\u00e7\u00fcn artilleriyadan istifad\u0259 edibl\u0259r. Bunun n\u0259tic\u0259sind\u0259 h\u0259rbi qulluq\u00e7ular aras\u0131nda itkil\u0259r olub v\u0259 bir m\u00fclki \u015f\u0259xs \u00f6ld\u00fcr\u00fcl\u00fcb. Erm\u0259nistanla d\u00f6vl\u0259t s\u0259rh\u0259din\u0259 yax\u0131n k\u0259ndl\u0259rd\u0259 bir \u00e7ox evl\u0259r darmada\u011f\u0131n edilib. Bundan \u0259vv\u0259l d\u0259 Erm\u0259nistan v\u0259 Az\u0259rbaycan aras\u0131nda d\u00f6vl\u0259t s\u0259rh\u0259dind\u0259 Erm\u0259nistan\u0131n h\u0259rbi t\u0259xribatlar\u0131 m\u00fcnt\u0259z\u0259m xarakter da\u015f\u0131y\u0131rd\u0131. Lakin bud\u0259f\u0259ki kimi t\u0259cav\u00fczkar formada olmam\u0131\u015fd\u0131.<\/strong><\/p>\n\n\n\n<p>Bir m\u00fcdd\u0259t \u0259vv\u0259l ordumuz s\u0259rh\u0259dd\u0259n \u00e7\u0131xar\u0131l\u0131b v\u0259 indi Erm\u0259nistanla d\u00f6vl\u0259t s\u0259rh\u0259dinin b\u00f6y\u00fck bir hiss\u0259sini s\u0259rh\u0259d xidm\u0259ti m\u00fchafiz\u0259 edir. Bu, Erm\u0259nistanla d\u00f6vl\u0259t s\u0259rh\u0259dind\u0259 he\u00e7 bir h\u0259rbi niyy\u0259tl\u0259rimizin olmad\u0131\u011f\u0131n\u0131 g\u00f6st\u0259rir. Ola bilsin ki, bu onlara yanl\u0131\u015f bir mesaj idi. Onlar biz\u0259 h\u00fccum ed\u0259 bil\u0259c\u0259kl\u0259rini, d\u00f6vl\u0259t s\u0259rh\u0259dini ke\u00e7\u0259 bil\u0259c\u0259kl\u0259rini v\u0259 yeni \u0259razil\u0259ri i\u015f\u011fal ed\u0259 bil\u0259c\u0259kl\u0259rini d\u00fc\u015f\u00fcnd\u00fcl\u0259r.<\/p>\n\n\n\n<p>Bu, Erm\u0259nistan\u0131n m\u00fcdafi\u0259 nazirinin b\u0259yanat\u0131na m\u00fcvafiqdir. O, Amerika Birl\u0259\u015fmi\u015f \u015etatlar\u0131nda olark\u0259n demi\u015fdi ki, Erm\u0259nistan yeni \u0259razil\u0259r \u00fc\u00e7\u00fcn yeni m\u00fcharib\u0259y\u0259 ba\u015flayacaq. Bu, Erm\u0259nistan\u0131n t\u0259cav\u00fczkar davran\u0131\u015f\u0131n\u0131n davam etm\u0259sini ayd\u0131n n\u00fcmayi\u015f etdirir. \u0130yulda h\u00fccumlar\u0131n m\u0259qs\u0259di \u0259sas\u0259n yeni \u0259razil\u0259r i\u015f\u011fal etm\u0259k v\u0259 sonra dan\u0131\u015f\u0131qlar masas\u0131nda daha g\u00fccl\u00fc m\u00f6vqey\u0259 malik olmaq idi.<\/p>\n\n\n\n<p>\u0130kinci s\u0259b\u0259b Erm\u0259nistan \u0259halisinin diqq\u0259tini daxili problem v\u0259 \u00e7\u0259tinlikl\u0259rd\u0259n yay\u0131nd\u0131rmaq idi.<\/p>\n\n\n\n<p>N\u00f6vb\u0259ti s\u0259b\u0259b, z\u0259nnimc\u0259, onlar m\u00fcnaqi\u015f\u0259y\u0259 \u00fc\u00e7\u00fcnc\u00fc t\u0259r\u0259fl\u0259ri c\u0259lb etm\u0259k ist\u0259yirdil\u0259r. M\u0259\u011flub olduqdan d\u0259rhal sonra onlar yard\u0131m \u00fc\u00e7\u00fcn Kollektiv T\u0259hl\u00fck\u0259sizlik M\u00fcqavil\u0259si T\u0259\u015fkilat\u0131na m\u00fcraci\u0259t etdil\u0259r.<\/p>\n\n\n\n<p>S\u0259b\u0259bl\u0259rd\u0259n biri d\u0259 dan\u0131\u015f\u0131qlar prosesini pozmaq idi. B\u0259lk\u0259 d\u0259 ba\u015fqa s\u0259b\u0259bl\u0259r var idi, lakin d\u00fc\u015f\u00fcn\u00fcr\u0259m ki, bunlar \u0259sas s\u0259b\u0259bl\u0259r idi.<\/p>\n\n\n\n<p>Onlar m\u0259qs\u0259dl\u0259rin\u0259 nail ola bilm\u0259dil\u0259r. Onlar yaln\u0131z bir m\u0259qs\u0259d\u0259 nail oldular, bu da dan\u0131\u015f\u0131qlar\u0131n dayanmas\u0131d\u0131r. B\u00fct\u00fcn m\u0259suliyy\u0259t Erm\u0259nistan\u0131n \u00fcz\u0259rind\u0259dir. Onlar dan\u0131\u015f\u0131qlar\u0131 aparmaq ist\u0259m\u0259dikl\u0259rini n\u00fcmayi\u015f etdirdil\u0259r. \u0130\u015f\u011fal olunmu\u015f \u0259razil\u0259rd\u0259, Xank\u0259ndid\u0259 Erm\u0259nistan\u0131n ba\u015f nazirinin \u201cQaraba\u011f Erm\u0259nistand\u0131r\u201d b\u0259yanat\u0131 faktiki olaraq Erm\u0259nistan\u0131n dan\u0131\u015f\u0131qlar\u0131 t\u0259rk etm\u0259sini n\u00fcmayi\u015f etdirirdi. \u018fks halda bu q\u0259buledilm\u0259z v\u0259 yanl\u0131\u015f b\u0259yanat\u0131 s\u0259sl\u0259ndirm\u0259kd\u0259n \u00e7\u0259kin\u0259rdi.<\/p>\n\n\n\n<p>Onlar\u0131n dan\u0131\u015f\u0131qlar prosesini bil\u0259r\u0259kd\u0259n pozmas\u0131n\u0131n daha bir g\u00f6st\u0259ricisi Da\u011fl\u0131q Qaraba\u011fdan olan separat\u00e7\u0131lar\u0131 dan\u0131\u015f\u0131qlar prosesin\u0259 c\u0259lb etm\u0259k \u00fc\u00e7\u00fcn ard\u0131c\u0131l s\u0259yl\u0259ri g\u00f6st\u0259rm\u0259si idi. Bu da d\u0259rhal r\u0259dd edilib v\u0259 Minsk qrupunun h\u0259ms\u0259drl\u0259rind\u0259n d\u0259st\u0259kl\u0259nm\u0259yib. Ba\u015fqa s\u00f6zl\u0259, onlar art\u0131q uzun ill\u0259rdir ki, m\u00f6vcud olan dan\u0131\u015f\u0131qlar\u0131n format\u0131n\u0131 d\u0259yi\u015fm\u0259k ist\u0259yirdil\u0259r.<\/p>\n\n\n\n<p>\u0130yul t\u0259xribatlar\u0131ndan sonra, avqust ay\u0131nda onlar t\u0259mas x\u0259ttin\u0259 diversiya qrupunu g\u00f6nd\u0259rmi\u015fdi v\u0259 bu diversiya qrupunun ba\u015f\u00e7\u0131s\u0131 yaxalan\u0131b. O etiraf etdi v\u0259 ifad\u0259 verdi ki, d\u0259st\u0259si il\u0259 birg\u0259 m\u00fclki \u0259haliy\u0259 h\u00fccum etm\u0259k, terror aktlar\u0131n\u0131 t\u00f6r\u0259tm\u0259k v\u0259 h\u0259rbi quluq\u00e7ular\u0131m\u0131za h\u00fccum etm\u0259k \u00fc\u00e7\u00fcn g\u00f6nd\u0259rilib. Bu onu g\u00f6st\u0259rir ki, Erm\u0259nistan\u0131n Az\u0259rbaycana qar\u015f\u0131 t\u0259cav\u00fczkar siyas\u0259ti davam edir. Onu da g\u00f6st\u0259rir ki, Erm\u0259nistan m\u00fcharib\u0259y\u0259 haz\u0131rla\u015f\u0131r.<\/p>\n\n\n\n<p>Bunun ba\u015fqa bir g\u00f6st\u0259ricisi odur ki, onlar k\u00f6n\u00fcll\u00fcl\u0259rd\u0259n ibar\u0259t qo\u015fun yarad\u0131ld\u0131\u011f\u0131n\u0131 elan edibl\u0259r v\u0259 b\u0259yanatlara \u0259sas\u0259n, bu d\u0259st\u0259l\u0259r on minl\u0259rl\u0259 adamdan ibar\u0259t olacaq. \u018fg\u0259r Erm\u0259nistan s\u00fclh ist\u0259yirs\u0259, \u0259g\u0259r onlar dan\u0131\u015f\u0131qlar ist\u0259yirl\u0259rs\u0259, buna n\u0259 ehtiyac var? Onlar\u0131n bu yalan v\u0259 g\u00fcl\u00fcnc b\u0259yanatlar verm\u0259sin\u0259 v\u0259 praktiki add\u0131mlar atmas\u0131na n\u0259 ehtiyac var? On minl\u0259rl\u0259 insandan ibar\u0259t k\u00f6n\u00fcll\u00fc qo\u015funun bir m\u0259qs\u0259di var \u2013 Az\u0259rbaycana h\u00fccum etm\u0259k. Onlar bu k\u00f6n\u00fcll\u00fc qo\u015funun t\u0259rkibin\u0259 ya\u015fl\u0131 insanlar\u0131 v\u0259 h\u0259tta qad\u0131nlar\u0131 daxil edirl\u0259r. Onlar i\u015f\u011fal olunmu\u015f \u0259razil\u0259rd\u0259 qondarma h\u0259rbi t\u0259liml\u0259r t\u0259\u015fkil edirl\u0259r ki, bu da biz\u0259 qar\u015f\u0131 daha bir t\u0259xribatd\u0131r.<\/p>\n\n\n\n<p>S\u00f6zs\u00fcz ki, Az\u0259rbaycan\u0131n q\u0259dim tarixi \u015f\u0259h\u0259ri olan \u015eu\u015fada cinay\u0259tkar xunta rejiminin qondarma liderinin d\u0131rnaqaras\u0131 andi\u00e7m\u0259 m\u0259rasimini t\u0259\u015fkil etm\u0259k q\u0259rar\u0131 onlar\u0131n q\u0259sd\u0259n etdiyi daha bir t\u0259xribatd\u0131r.<\/p>\n\n\n\n<p>Siz h\u0259m\u00e7inin bilirsiniz ki, erm\u0259nil\u0259rin Az\u0259rbaycan\u0131n i\u015f\u011fal olunmu\u015f \u0259razil\u0259rind\u0259 qanunsuz m\u0259skunla\u015fmas\u0131 m\u0259s\u0259l\u0259si bir \u00e7ox beyn\u0259lxalq t\u0259\u015fkilatda art\u0131q qald\u0131r\u0131l\u0131b. Bu, beyn\u0259lxalq h\u00fcquqla kobud \u015f\u0259kild\u0259 ziddiyy\u0259t t\u0259\u015fkil edir. Bu, Cenevr\u0259 konvensiyas\u0131n\u0131n pozulmas\u0131d\u0131r v\u0259 cinay\u0259tdir. Onlar erm\u0259nil\u0259ri Livandan \u015eu\u015faya, dig\u0259r i\u015f\u011fal olunmu\u015f \u0259razil\u0259r\u0259 k\u00f6\u00e7\u00fcr\u00fcrl\u0259r. Onlar bunu n\u00fcmayi\u015f etdirirl\u0259r, televiziya vasit\u0259sil\u0259 g\u00f6st\u0259rirl\u0259r, internetd\u0259 g\u00f6st\u0259rirl\u0259r. Faktiki olaraq beyn\u0259lxalq h\u00fcquq normalar\u0131na tamamil\u0259 m\u0259h\u0259l qoymurlar v\u0259 cinay\u0259t t\u00f6r\u0259dirl\u0259r. Onlar\u0131n bu c\u00fcr davranmaq imkan\u0131nda olmas\u0131n\u0131n s\u0259b\u0259bi ondan ibar\u0259tdir ki, onlar\u0131 dayand\u0131ran yoxdur. Minsk qrupunun h\u0259ms\u0259drl\u0259ri onlar\u0131 dayand\u0131rm\u0131r. Minsk qrupunun b\u0259yanatlar\u0131 birba\u015fa \u00fcnvan\u0131 olmayan b\u0259yanatlard\u0131r. \u00c7\u00fcnki Az\u0259rbaycan he\u00e7 bir t\u0259xribat\u00e7\u0131 add\u0131m atmay\u0131b. Biz d\u00f6vl\u0259t s\u0259rh\u0259dind\u0259 onlara h\u00fccum etm\u0259mi\u015fik, diversiya qrupu g\u00f6nd\u0259rm\u0259mi\u015fik, k\u00f6n\u00fcll\u00fc qo\u015funun yarad\u0131lmas\u0131n\u0131 elan etm\u0259mi\u015fik, he\u00e7 bir ba\u015fqa t\u0259xribat t\u00f6r\u0259tm\u0259mi\u015fik. B\u00fct\u00fcn t\u0259xribatlar\u0131 Erm\u0259nistan t\u00f6r\u0259dir v\u0259 onlar bunu q\u0259sd\u0259n edirl\u0259r, bunu n\u00fcmayi\u015f etdirirl\u0259r. Onlara beyn\u0259lxalq t\u0259zyiqin olmamas\u0131 \u00e7ox t\u0259hl\u00fck\u0259li add\u0131mlara g\u0259tirib \u00e7\u0131xar\u0131r ki, bunun da g\u00f6zl\u0259nilm\u0259z n\u0259tic\u0259l\u0259ri ola bil\u0259r.<\/p>\n\n\n\n<p><strong>Bizd\u0259 ba\u015fqa bir m\u0259lumat var. K\u0259\u015ffiyyat m\u0259nb\u0259l\u0259rimizd\u0259 m\u0259lumat var ki, \u00e7ox ciddi h\u0259rbi haz\u0131rl\u0131qlar gedir, onlar\u0131n h\u0259rbi q\u00fcvv\u0259l\u0259ri t\u0259mas x\u0259ttind\u0259, d\u00f6vl\u0259t s\u0259rh\u0259dind\u0259 c\u0259ml\u0259\u015fir. Biz v\u0259ziyy\u0259ti izl\u0259yirik v\u0259 \u00f6z\u00fcm\u00fcz\u00fc m\u00fcdafi\u0259 ed\u0259c\u0259yik, Tovuzda etdiyimiz kimi, ba\u015fqa bir \u00e7ox hallarda etdiyimiz kimi. \u018fg\u0259r onlar biz\u0259 h\u00fccum ets\u0259l\u0259r, pe\u015fman olacaqlar\u201d.<\/strong><\/p>\n","protected":false},"excerpt":{"rendered":"<p>Prezident \u0130lham \u018fliyev sentyabr\u0131n 25-d\u0259 Avropa \u0130ttifaq\u0131n\u0131n C\u0259nubi Qafqaz \u00fczr\u0259 x\u00fcsusi n\u00fcmay\u0259nd\u0259si Toivo Klaar\u0131 q\u0259bul edib. AZ\u018fRTAC x\u0259b\u0259r verir ki, \u0130lham \u018fliyev g\u00f6r\u00fc\u015fd\u0259 b\u00f6lg\u0259d\u0259<\/p>\n","protected":false},"author":2,"featured_media":16533,"comment_status":"closed","ping_status":"closed","sticky":false,"template":"","format":"standard","meta":{"footnotes":""},"categories":[4],"tags":[],"class_list":["post-16532","post","type-post","status-publish","format-standard","has-post-thumbnail","hentry","category-qarabag"],"aioseo_notices":[],"_links":{"self":[{"href":"https:\/\/fedai.az\/index.php?rest_route=\/wp\/v2\/posts\/16532","targetHints":{"allow":["GET"]}}],"collection":[{"href":"https:\/\/fedai.az\/index.php?rest_route=\/wp\/v2\/posts"}],"about":[{"href":"https:\/\/fedai.az\/index.php?rest_route=\/wp\/v2\/types\/post"}],"author":[{"embeddable":true,"href":"https:\/\/fedai.az\/index.php?rest_route=\/wp\/v2\/users\/2"}],"replies":[{"embeddable":true,"href":"https:\/\/fedai.az\/index.php?rest_route=%2Fwp%2Fv2%2Fcomments&post=16532"}],"version-history":[{"count":1,"href":"https:\/\/fedai.az\/index.php?rest_route=\/wp\/v2\/posts\/16532\/revisions"}],"predecessor-version":[{"id":16534,"href":"https:\/\/fedai.az\/index.php?rest_route=\/wp\/v2\/posts\/16532\/revisions\/16534"}],"wp:featuredmedia":[{"embeddable":true,"href":"https:\/\/fedai.az\/index.php?rest_route=\/wp\/v2\/media\/16533"}],"wp:attachment":[{"href":"https:\/\/fedai.az\/index.php?rest_route=%2Fwp%2Fv2%2Fmedia&parent=16532"}],"wp:term":[{"taxonomy":"category","embeddable":true,"href":"https:\/\/fedai.az\/index.php?rest_route=%2Fwp%2Fv2%2Fcategories&post=16532"},{"taxonomy":"post_tag","embeddable":true,"href":"https:\/\/fedai.az\/index.php?rest_route=%2Fwp%2Fv2%2Ftags&post=16532"}],"curies":[{"name":"wp","href":"https:\/\/api.w.org\/{rel}","templated":true}]}}