{"id":16544,"date":"2020-09-26T04:20:17","date_gmt":"2020-09-26T00:20:17","guid":{"rendered":"https:\/\/fedai.az\/?p=16544"},"modified":"2020-09-26T04:20:20","modified_gmt":"2020-09-26T00:20:20","slug":"ilham-%c9%99liyevin-b%c9%99y%c9%99natlari-pasinyanin-maskasini-cirir-erm%c9%99ni-siyas%c9%99tci","status":"publish","type":"post","link":"https:\/\/fedai.az\/?p=16544","title":{"rendered":"&#171;\u0130lham \u018fliyevin b\u0259y\u0259natlar\u0131 Pa\u015finyan\u0131n maskas\u0131n\u0131 c\u0131r\u0131r&#187; &#8212; erm\u0259ni siyas\u0259t\u00e7i"},"content":{"rendered":"\n<p><strong>\u0130lham \u018fliyevin b\u0259y\u0259natlar\u0131n\u0131n ham\u0131 \u00fc\u00e7\u00fcn Nikol Pa\u015finyan\u0131n maskas\u0131n\u0131 c\u0131r\u0131r, bu s\u00f6zl\u0259ri Erm\u0259nistan\u0131n Respublika\u00e7\u0131lar partiyas\u0131n\u0131n vitse-prezidenti Armen A\u015fotyan s\u00f6yl\u0259yib.<\/strong><\/p>\n\n\n\n<p><a href=\"https:\/\/ednews.net\/az\">Eurasia Diary<\/a>&nbsp;erm\u0259ni K\u0130V-\u0259 istinad\u0259n x\u0259b\u0259r verir ki, A\u015fotyan \u018fliyevin s\u00f6zl\u0259rinin arxas\u0131nda tanklar v\u0259 toplar dayand\u0131\u011f\u0131n\u0131 bildirib.<\/p>\n\n\n\n<p>\u201c\u018fg\u0259r m\u00fcharib\u0259 ba\u015flasa Erm\u0259nistan yegan\u0259 g\u00fcnahkar kimi g\u00f6st\u0259rilm\u0259m\u0259lidir\u201d, dey\u0259 A\u015fotyan s\u00f6yl\u0259yib.<\/p>\n\n\n\n<p>O, Az\u0259rbaycan t\u0259bli\u011fat\u0131n\u0131n h\u0259l\u0259ki qalib g\u0259ldiyini d\u0259 vur\u011fulay\u0131b.<\/p>\n\n\n\n<p>\u201cBu yax\u015f\u0131 bitm\u0259y\u0259c\u0259k, biz art\u0131q h\u0259r iki h\u0259m diplomatik h\u0259m d\u0259 m\u00fcmk\u00fcn h\u0259rbi c\u0259bh\u0259d\u0259 m\u0259\u011flubuq. \u00c7\u00fcnki Nikol Pa\u015finyan v\u0259 Z\u00f6hrab Mnatsakanyan\u0131n ba\u015f\u0131 daxili populizm\u0259 qar\u0131\u015f\u0131b. Son iki il yar\u0131mda onlar biz\u0259 qulaq asm\u0131rlar\u201d.<\/p>\n\n\n\n<p>A\u015fotyan \u00e7\u0131x\u0131\u015f yolunu Pa\u015finyan\u0131n istefas\u0131 v\u0259 n\u00f6vb\u0259d\u0259nk\u0259nar parlament se\u00e7kil\u0259rind\u0259 g\u00f6r\u00fcr.<\/p>\n","protected":false},"excerpt":{"rendered":"<p>\u0130lham \u018fliyevin b\u0259y\u0259natlar\u0131n\u0131n ham\u0131 \u00fc\u00e7\u00fcn Nikol Pa\u015finyan\u0131n maskas\u0131n\u0131 c\u0131r\u0131r, bu s\u00f6zl\u0259ri Erm\u0259nistan\u0131n Respublika\u00e7\u0131lar partiyas\u0131n\u0131n vitse-prezidenti Armen A\u015fotyan s\u00f6yl\u0259yib. Eurasia Diary&nbsp;erm\u0259ni K\u0130V-\u0259 istinad\u0259n x\u0259b\u0259r verir<\/p>\n","protected":false},"author":2,"featured_media":16545,"comment_status":"closed","ping_status":"closed","sticky":false,"template":"","format":"standard","meta":{"footnotes":""},"categories":[1],"tags":[],"class_list":["post-16544","post","type-post","status-publish","format-standard","has-post-thumbnail","hentry","category-siyast"],"aioseo_notices":[],"_links":{"self":[{"href":"https:\/\/fedai.az\/index.php?rest_route=\/wp\/v2\/posts\/16544","targetHints":{"allow":["GET"]}}],"collection":[{"href":"https:\/\/fedai.az\/index.php?rest_route=\/wp\/v2\/posts"}],"about":[{"href":"https:\/\/fedai.az\/index.php?rest_route=\/wp\/v2\/types\/post"}],"author":[{"embeddable":true,"href":"https:\/\/fedai.az\/index.php?rest_route=\/wp\/v2\/users\/2"}],"replies":[{"embeddable":true,"href":"https:\/\/fedai.az\/index.php?rest_route=%2Fwp%2Fv2%2Fcomments&post=16544"}],"version-history":[{"count":1,"href":"https:\/\/fedai.az\/index.php?rest_route=\/wp\/v2\/posts\/16544\/revisions"}],"predecessor-version":[{"id":16546,"href":"https:\/\/fedai.az\/index.php?rest_route=\/wp\/v2\/posts\/16544\/revisions\/16546"}],"wp:featuredmedia":[{"embeddable":true,"href":"https:\/\/fedai.az\/index.php?rest_route=\/wp\/v2\/media\/16545"}],"wp:attachment":[{"href":"https:\/\/fedai.az\/index.php?rest_route=%2Fwp%2Fv2%2Fmedia&parent=16544"}],"wp:term":[{"taxonomy":"category","embeddable":true,"href":"https:\/\/fedai.az\/index.php?rest_route=%2Fwp%2Fv2%2Fcategories&post=16544"},{"taxonomy":"post_tag","embeddable":true,"href":"https:\/\/fedai.az\/index.php?rest_route=%2Fwp%2Fv2%2Ftags&post=16544"}],"curies":[{"name":"wp","href":"https:\/\/api.w.org\/{rel}","templated":true}]}}