{"id":16547,"date":"2020-09-26T04:37:01","date_gmt":"2020-09-26T00:37:01","guid":{"rendered":"https:\/\/fedai.az\/?p=16547"},"modified":"2020-09-26T04:37:06","modified_gmt":"2020-09-26T00:37:06","slug":"cin-uygur-turkl%c9%99rinin-bir-mill%c9%99t-kimi-m%c9%99hv-edilm%c9%99si-ucun-380-dus%c9%99rg%c9%99-qurub","status":"publish","type":"post","link":"https:\/\/fedai.az\/?p=16547","title":{"rendered":"\u00c7in uy\u011fur t\u00fcrkl\u0259rinin bir mill\u0259t kimi m\u0259hv edilm\u0259si \u00fc\u00e7\u00fcn 380 d\u00fc\u015f\u0259rg\u0259 qurub"},"content":{"rendered":"\n<p><strong>GADTB-nin M\u0259tbuat M\u0259rk\u0259zin\u0259 daxil olan m\u0259lumata g\u00f6r\u0259, \u00c7inin \u015e\u0259rqi T\u00fcrk\u00fcstanda 2017-ci ild\u0259n b\u0259ri m\u00fcs\u0259lman uy\u011fur t\u00fcrkl\u0259rinin assimilyasiya edilm\u0259si \u00fc\u00e7\u00fcn onlar\u0131n h\u0259bsd\u0259 saxlan\u0131ld\u0131\u011f\u0131 380 \u0259d\u0259dd\u0259n art\u0131q fa\u015fistsaya\u011f\u0131 d\u00fc\u015f\u0259rg\u0259 v\u0259 m\u0259rk\u0259z quruldu\u011fu bildirilir.<\/strong><\/p>\n\n\n\n<p>Bu bar\u0259d\u0259 m\u0259lumat Avstraliya Strateji Siyas\u0259t \u0130nstitutunun \u201cS\u0259ncan M\u0259lumat Layih\u0259si\u201d \u00e7\u0259r\u00e7iv\u0259sind\u0259 yayd\u0131\u011f\u0131 hesabatda verilib.<\/p>\n\n\n\n<p>Hesabatda \u015fahidl\u0259rin ifad\u0259l\u0259ri, jurnalistl\u0259rin v\u0259 t\u0259dqiqat\u00e7\u0131lar\u0131n faktlar\u0131 v\u0259 yerli hakimiyy\u0259tin r\u0259smi in\u015faat t\u0259dar\u00fck elanlar\u0131na \u0259saslanan d\u0259lill\u0259r, peyk foto\u015f\u0259kill\u0259ri \u0259sas\u0131nda apar\u0131lan ara\u015fd\u0131rmalar \u0259ks etdirilib. N\u0259tic\u0259d\u0259 380-d\u0259n art\u0131q bina v\u0259 m\u00fc\u0259ssis\u0259nin yeri a\u015fkara \u00e7\u0131xar\u0131l\u0131b. 2 il \u0259vv\u0259l say\u0131 100 \u0259d\u0259d olan d\u00fc\u015f\u0259rg\u0259l\u0259rin peyk fotolar\u0131 onlar\u0131n s\u00fcr\u0259tl\u0259 \u00e7oxald\u0131\u011f\u0131n\u0131 g\u00f6st\u0259rib. Hesabatda 14 \u0259d\u0259d h\u0259bsxanan\u0131n in\u015fa edilm\u0259kd\u0259 oldu\u011fu da qeyd edilib.<\/p>\n","protected":false},"excerpt":{"rendered":"<p>GADTB-nin M\u0259tbuat M\u0259rk\u0259zin\u0259 daxil olan m\u0259lumata g\u00f6r\u0259, \u00c7inin \u015e\u0259rqi T\u00fcrk\u00fcstanda 2017-ci ild\u0259n b\u0259ri m\u00fcs\u0259lman uy\u011fur t\u00fcrkl\u0259rinin assimilyasiya edilm\u0259si \u00fc\u00e7\u00fcn onlar\u0131n h\u0259bsd\u0259 saxlan\u0131ld\u0131\u011f\u0131 380 \u0259d\u0259dd\u0259n<\/p>\n","protected":false},"author":2,"featured_media":16548,"comment_status":"closed","ping_status":"closed","sticky":false,"template":"","format":"standard","meta":{"footnotes":""},"categories":[13],"tags":[],"class_list":["post-16547","post","type-post","status-publish","format-standard","has-post-thumbnail","hentry","category-xarici"],"aioseo_notices":[],"_links":{"self":[{"href":"https:\/\/fedai.az\/index.php?rest_route=\/wp\/v2\/posts\/16547","targetHints":{"allow":["GET"]}}],"collection":[{"href":"https:\/\/fedai.az\/index.php?rest_route=\/wp\/v2\/posts"}],"about":[{"href":"https:\/\/fedai.az\/index.php?rest_route=\/wp\/v2\/types\/post"}],"author":[{"embeddable":true,"href":"https:\/\/fedai.az\/index.php?rest_route=\/wp\/v2\/users\/2"}],"replies":[{"embeddable":true,"href":"https:\/\/fedai.az\/index.php?rest_route=%2Fwp%2Fv2%2Fcomments&post=16547"}],"version-history":[{"count":1,"href":"https:\/\/fedai.az\/index.php?rest_route=\/wp\/v2\/posts\/16547\/revisions"}],"predecessor-version":[{"id":16549,"href":"https:\/\/fedai.az\/index.php?rest_route=\/wp\/v2\/posts\/16547\/revisions\/16549"}],"wp:featuredmedia":[{"embeddable":true,"href":"https:\/\/fedai.az\/index.php?rest_route=\/wp\/v2\/media\/16548"}],"wp:attachment":[{"href":"https:\/\/fedai.az\/index.php?rest_route=%2Fwp%2Fv2%2Fmedia&parent=16547"}],"wp:term":[{"taxonomy":"category","embeddable":true,"href":"https:\/\/fedai.az\/index.php?rest_route=%2Fwp%2Fv2%2Fcategories&post=16547"},{"taxonomy":"post_tag","embeddable":true,"href":"https:\/\/fedai.az\/index.php?rest_route=%2Fwp%2Fv2%2Ftags&post=16547"}],"curies":[{"name":"wp","href":"https:\/\/api.w.org\/{rel}","templated":true}]}}