{"id":16550,"date":"2020-09-26T12:22:12","date_gmt":"2020-09-26T08:22:12","guid":{"rendered":"https:\/\/fedai.az\/?p=16550"},"modified":"2020-09-26T12:22:27","modified_gmt":"2020-09-26T08:22:27","slug":"nazirliyin-musabiq%c9%99y%c9%99-cixardigi-552-direktor-yerinin-siyahisi","status":"publish","type":"post","link":"https:\/\/fedai.az\/?p=16550","title":{"rendered":"Nazirliyin m\u00fcsabiq\u0259y\u0259 \u00e7\u0131xard\u0131\u011f\u0131 552 direktor yerinin siyah\u0131s\u0131"},"content":{"rendered":"\n<p><strong>Cari il \u00fczr\u0259 \u00fcmumi t\u0259hsil m\u00fc\u0259ssis\u0259l\u0259rin\u0259 direktorlar\u0131n i\u015f\u0259 q\u0259bulu m\u00fcsabiq\u0259sin\u0259 552 vakant yer \u00e7\u0131xar\u0131lacaq.<\/strong><\/p>\n\n\n\n<p>\u201cQafqazinfo\u201d x\u0259b\u0259r verir ki, direktorlar\u0131n i\u015f\u0259 q\u0259bulu \u00fczr\u0259 m\u00fcsabiq\u0259y\u0259 sentyabr\u0131n 28-d\u0259n start veril\u0259c\u0259k.<\/p>\n\n\n\n<p>M\u00fcsabiq\u0259d\u0259 i\u015ftirak etm\u0259k ist\u0259y\u0259n namiz\u0259dl\u0259r 2 oktyabr saat 23:59-d\u0259k elektron qeydiyyat zaman\u0131 m\u00fcvafiq m\u0259lumatlar\u0131 daxil ed\u0259r\u0259k t\u0259l\u0259b olunan s\u0259n\u0259dl\u0259ri y\u00fckl\u0259dikd\u0259n v\u0259 vakant yerl\u0259ri se\u00e7dikd\u0259n sonra \u0259riz\u0259l\u0259rini t\u0259sdiq etm\u0259lidirl\u0259r.<\/p>\n\n\n\n<p>Namiz\u0259dl\u0259r a\u015fa\u011f\u0131da qeyd olunan link vasit\u0259sil\u0259 m\u00fcsabiq\u0259 \u00fczr\u0259 elan edil\u0259c\u0259k vakant yerl\u0259r v\u0259 m\u00fcvafiq m\u0259lumatlarla tan\u0131\u015f ola bil\u0259rl\u0259r:<\/p>\n\n\n\n<p><a href=\"https:\/\/edu.gov.az\/upload\/file\/vakansiya\/2020\/D%C4%B0Q_vakant_yerler.pdf\">\u00dcmumi t\u0259hsil m\u00fc\u0259ssis\u0259l\u0259rind\u0259 direktor v\u0259zif\u0259sin\u0259 i\u015f\u0259 q\u0259bul \u00fczr\u0259 m\u00fcsabiq\u0259y\u0259 elan edil\u0259c\u0259k vakant yerl\u0259r<\/a><\/p>\n","protected":false},"excerpt":{"rendered":"<p>Cari il \u00fczr\u0259 \u00fcmumi t\u0259hsil m\u00fc\u0259ssis\u0259l\u0259rin\u0259 direktorlar\u0131n i\u015f\u0259 q\u0259bulu m\u00fcsabiq\u0259sin\u0259 552 vakant yer \u00e7\u0131xar\u0131lacaq. \u201cQafqazinfo\u201d x\u0259b\u0259r verir ki, direktorlar\u0131n i\u015f\u0259 q\u0259bulu \u00fczr\u0259 m\u00fcsabiq\u0259y\u0259 sentyabr\u0131n<\/p>\n","protected":false},"author":2,"featured_media":16551,"comment_status":"closed","ping_status":"closed","sticky":false,"template":"","format":"standard","meta":{"footnotes":""},"categories":[8],"tags":[],"class_list":["post-16550","post","type-post","status-publish","format-standard","has-post-thumbnail","hentry","category-thsil"],"aioseo_notices":[],"_links":{"self":[{"href":"https:\/\/fedai.az\/index.php?rest_route=\/wp\/v2\/posts\/16550","targetHints":{"allow":["GET"]}}],"collection":[{"href":"https:\/\/fedai.az\/index.php?rest_route=\/wp\/v2\/posts"}],"about":[{"href":"https:\/\/fedai.az\/index.php?rest_route=\/wp\/v2\/types\/post"}],"author":[{"embeddable":true,"href":"https:\/\/fedai.az\/index.php?rest_route=\/wp\/v2\/users\/2"}],"replies":[{"embeddable":true,"href":"https:\/\/fedai.az\/index.php?rest_route=%2Fwp%2Fv2%2Fcomments&post=16550"}],"version-history":[{"count":1,"href":"https:\/\/fedai.az\/index.php?rest_route=\/wp\/v2\/posts\/16550\/revisions"}],"predecessor-version":[{"id":16552,"href":"https:\/\/fedai.az\/index.php?rest_route=\/wp\/v2\/posts\/16550\/revisions\/16552"}],"wp:featuredmedia":[{"embeddable":true,"href":"https:\/\/fedai.az\/index.php?rest_route=\/wp\/v2\/media\/16551"}],"wp:attachment":[{"href":"https:\/\/fedai.az\/index.php?rest_route=%2Fwp%2Fv2%2Fmedia&parent=16550"}],"wp:term":[{"taxonomy":"category","embeddable":true,"href":"https:\/\/fedai.az\/index.php?rest_route=%2Fwp%2Fv2%2Fcategories&post=16550"},{"taxonomy":"post_tag","embeddable":true,"href":"https:\/\/fedai.az\/index.php?rest_route=%2Fwp%2Fv2%2Ftags&post=16550"}],"curies":[{"name":"wp","href":"https:\/\/api.w.org\/{rel}","templated":true}]}}