{"id":16578,"date":"2020-09-26T14:52:13","date_gmt":"2020-09-26T10:52:13","guid":{"rendered":"https:\/\/fedai.az\/?p=16578"},"modified":"2020-09-26T15:13:13","modified_gmt":"2020-09-26T11:13:13","slug":"pasinyan-t%c9%99cili-hokum%c9%99t-uzvl%c9%99rini-v%c9%99-qubernatorlari-bir-yer%c9%99-topladi-orduya-1-nomr%c9%99li-%c9%99mr-verilib-erm%c9%99nistanda-n%c9%99-bas-verir","status":"publish","type":"post","link":"https:\/\/fedai.az\/?p=16578","title":{"rendered":"Pa\u015finyan t\u0259cili h\u00f6kum\u0259t \u00fczvl\u0259rini v\u0259 qubernatorlar\u0131 bir yer\u0259 toplad\u0131. Orduya 1 n\u00f6mr\u0259li \u0259mr verilib. ERM\u018fN\u0130STANDA N\u018f BA\u015e VER\u0130R?"},"content":{"rendered":"\n<p>Erm\u0259ni K\u0130V-l\u0259rinin verdiyi m\u0259lumatlara g\u00f6r\u0259, s\u0259lahiyy\u0259tlil\u0259r parlament \u00fcsul-idar\u0259sinin \u00f6z\u00fcn\u00fc do\u011frultmad\u0131\u011f\u0131na inand\u0131qlar\u0131 \u00fc\u00e7\u00fcn yenid\u0259n prezidentlik modelin\u0259 qay\u0131tmaq ist\u0259yirl\u0259r.<\/p>\n\n\n\n<p>\u018fdliyy\u0259 naziri R\u00fcst\u0259m Badasyan bu ke\u00e7idin real olmad\u0131\u011f\u0131n\u0131 qeyd edib, \u00e7\u00fcnki bu, Konstitusiyaya uy\u011fun olaraq h\u0259yata ke\u00e7iril\u0259 bilm\u0259z.<\/p>\n\n\n\n<p>Q\u0259zet yaz\u0131r ki, \u201cM\u0259nim add\u0131m\u0131m\u201d blokunun n\u00fcmay\u0259nd\u0259l\u0259ri \u201c\u00c7i\u00e7\u0259kl\u0259n\u0259n Erm\u0259nistan\u201d partiyas\u0131n\u0131n lideri Qagik \u00c7arukyan \u0259traf\u0131nda ba\u015f ver\u0259n hadis\u0259l\u0259r bar\u0259d\u0259 m\u0259s\u0259l\u0259 qald\u0131r\u0131blar.<\/p>\n\n\n\n<p>N\u0259\u015frin m\u0259nb\u0259l\u0259rin\u0259 g\u00f6r\u0259, \u201cM\u0259nim add\u0131m\u0131m\u201d parlament fraksiyas\u0131n\u0131n deputat\u0131 Sofiya Ovsepyan parlamentl\u0259 h\u00f6kum\u0259t aras\u0131ndak\u0131 \u0259laq\u0259nin k\u0259sildiyi v\u0259 h\u00f6kum\u0259t n\u00fcmay\u0259nd\u0259l\u0259rinin h\u0259ft\u0259l\u0259rdir deputatlar\u0131n m\u0259ktublar\u0131na cavab verm\u0259dikl\u0259ri bar\u0259d\u0259 sual s\u0259sl\u0259ndirib.<\/p>\n\n\n\n<figure class=\"wp-block-image size-large is-resized\"><img loading=\"lazy\" decoding=\"async\" src=\"https:\/\/fedai.az\/wp-content\/uploads\/2020\/09\/120195852_1538955939610050_7978643485877298676_n.jpg\" alt=\"\" class=\"wp-image-16582\" width=\"955\" height=\"546\"\/><\/figure>\n\n\n\n<p>Cavab olaraq Ge\u011farkunik b\u00f6lg\u0259sinin qubernatoru Gnel Sanoyan problemin tez h\u0259ll olunmas\u0131 \u00fc\u00e7\u00fcn yazmama\u011f\u0131, z\u0259ng etm\u0259yi t\u0259klif edib.<\/p>\n\n\n\n<p>Publika.az-\u0131n yazd\u0131\u011f\u0131na g\u00f6r\u0259, <strong>Prezident \u0130lham \u018fliyevin g\u00f6zl\u0259nil\u0259n m\u00fcharib\u0259 \u00f6nc\u0259si Erm\u0259nistan daxilind\u0259 siyasi toqqu\u015fma yaratma\u011fa hesablanm\u0131\u015f add\u0131m\u0131 realla\u015fd\u0131.<\/strong><\/p>\n\n\n\n<p>Erm\u0259ni ba\u015f nazirin hakimiyy\u0259tini g\u00fccl\u0259ndirm\u0259k, \u0259v\u0259zind\u0259 real dan\u0131\u015f\u0131qlara g\u0259lm\u0259k \u00fc\u00e7\u00fcn D\u00fc\u015f\u0259nb\u0259d\u0259 \u0130lham \u018fliyevd\u0259n vaxt ist\u0259m\u0259si fakt\u0131n\u0131n ictimaiyy\u0259tl\u0259\u015fdirilm\u0259si dan\u0131\u015f\u0131qlarla ba\u011fl\u0131 verdiyi v\u0259d\u0259 \u0259m\u0259l etm\u0259y\u0259n Pa\u015finyan hakimiyy\u0259ti \u00fc\u00e7\u00fcn ciddi probleml\u0259r yarad\u0131b.<\/p>\n\n\n\n<p>Nikol ona qar\u015f\u0131 \u00e7evril\u0259n daxili ictimai r\u0259yin y\u00f6n\u00fcn\u00fc d\u0259yi\u015fdirm\u0259k v\u0259 \u00f6z\u00fcn\u00fc xilas etm\u0259k \u00fc\u00e7\u00fcn d\u00fcn\u0259n \u2013 25 sentyabr \u2013 iki add\u0131m atd\u0131.<\/p>\n\n\n\n<p><strong>Birincisi,<\/strong>&nbsp;\u201c\u00c7i\u00e7\u0259kl\u0259n\u0259n Erm\u0259nistan\u201d partiyas\u0131n\u0131n lideri Qaqik Sarukyan h\u0259bs edildi. Bu, daxili siyasi seqmentd\u0259 g\u00fcnd\u0259min d\u0259yi\u015fm\u0259sin\u0259 hesablan\u0131b.<\/p>\n\n\n\n<p><strong>\u0130kincisi,<\/strong>&nbsp;c\u0259bh\u0259d\u0259 t\u0259xribat h\u00fccumlar\u0131na haz\u0131rl\u0131q gedir.<\/p>\n\n\n\n<figure class=\"wp-block-image size-large is-resized\"><img loading=\"lazy\" decoding=\"async\" src=\"https:\/\/fedai.az\/wp-content\/uploads\/2020\/09\/109290-1-790x445-1.jpg\" alt=\"\" class=\"wp-image-16580\" width=\"1000\" height=\"563\" srcset=\"https:\/\/fedai.az\/wp-content\/uploads\/2020\/09\/109290-1-790x445-1.jpg 790w, https:\/\/fedai.az\/wp-content\/uploads\/2020\/09\/109290-1-790x445-1-300x169.jpg 300w, https:\/\/fedai.az\/wp-content\/uploads\/2020\/09\/109290-1-790x445-1-150x84.jpg 150w, https:\/\/fedai.az\/wp-content\/uploads\/2020\/09\/109290-1-790x445-1-768x433.jpg 768w\" sizes=\"auto, (max-width: 1000px) 100vw, 1000px\" \/><\/figure>\n\n\n\n<p>Erm\u0259nistan medias\u0131 bir ne\u00e7\u0259 saat \u00f6nc\u0259 &#8212; yerli vaxtla saat 22:00 rad\u0259l\u0259rind\u0259 Da\u011fl\u0131q Qaraba\u011fdak\u0131 b\u00fct\u00fcn h\u0259rbi hiss\u0259l\u0259rin 1 n\u00f6mr\u0259li haz\u0131rl\u0131q v\u0259ziyy\u0259tin\u0259 g\u0259tirildiyi haqda m\u0259lumat yay\u0131b. M\u0259lumata g\u00f6r\u0259, i\u015f\u011fal olunmu\u015f \u0259razil\u0259rd\u0259ki zabit hey\u0259ti tam \u015f\u0259kild\u0259 h\u0259rbi hiss\u0259l\u0259r\u0259 \u00e7a\u011fr\u0131l\u0131b.<\/p>\n\n\n\n<p>C\u0259bh\u0259d\u0259 gec\u0259 h\u00fccumunun olaca bil\u0259c\u0259yi istisna deyil.<\/p>\n\n\n\n<p>Pa\u015finyan bununla diqq\u0259ti \u201cxarici d\u00fc\u015fm\u0259n\u201d obraz\u0131 \u0259traf\u0131nda c\u0259ml\u0259m\u0259k v\u0259 hakimiyy\u0259tini g\u00fccl\u0259ndirm\u0259k \u00fc\u00e7\u00fcn \u018fliyevd\u0259n xahi\u015f ed\u0259n ba\u015f nazir imicini \u201ch\u00fccum ed\u0259n komandan\u201d imici il\u0259 \u0259v\u0259zl\u0259m\u0259k ist\u0259yir.<\/p>\n\n\n\n<p>Prezident \u0130lham \u018fliyevin Avropa \u0130ttifaq\u0131n\u0131n C\u0259nubi Qafqaz \u00fczr\u0259 x\u00fcsusi n\u00fcmay\u0259nd\u0259si Toivo Klaar\u0131 q\u0259bul ed\u0259rk\u0259n dediyi \u201cK\u0259\u015ffiyyat m\u0259nb\u0259l\u0259rimizd\u0259 m\u0259lumat var ki, \u00e7ox ciddi h\u0259rbi haz\u0131rl\u0131qlar gedir, onlar\u0131n h\u0259rbi q\u00fcvv\u0259l\u0259ri t\u0259mas x\u0259ttind\u0259, d\u00f6vl\u0259t s\u0259rh\u0259dind\u0259 c\u0259ml\u0259\u015fir\u201d s\u00f6zl\u0259ri d\u0259 t\u0259sad\u00fcfi deyil.<\/p>\n\n\n\n<p>\u201c\u0130ravunk\u201d q\u0259zetinin yazd\u0131\u011f\u0131na g\u00f6r\u0259, Erm\u0259nistan ordusunun Da\u011fl\u0131q Qaraba\u011fda yerl\u0259\u015f\u0259n h\u0259rbi hiss\u0259l\u0259rind\u0259 h\u0259r\u0259k\u0259tlilik art\u0131b.<\/p>\n\n\n\n<p>M\u0259lumata g\u00f6r\u0259, t\u0259xmin\u0259n iki saat \u0259vv\u0259l b\u00fct\u00fcn h\u0259rbi hiss\u0259l\u0259r 1 n\u00f6mr\u0259li haz\u0131rl\u0131q v\u0259ziyy\u0259tin\u0259 g\u0259tirilib. B\u00fct\u00fcn zabit hey\u0259ti d\u0259 h\u0259rbi hiss\u0259l\u0259r\u0259 \u00e7a\u011f\u0131r\u0131l\u0131b.<\/p>\n\n\n\n<p>Q\u0259zet m\u00fcxt\u0259lif m\u0259nb\u0259l\u0259rd\u0259n x\u0259b\u0259rin t\u0259sdiql\u0259ndiyini yaz\u0131r, lakin separat\u00e7\u0131lar\u0131n s\u00f6z\u00e7\u00fcs\u00fc Vaqram Poqosyan bunu t\u0259kzib edir.<\/p>\n\n\n\n<p><strong>Yeri g\u0259lmi\u015fk\u0259n, Erm\u0259nistan m\u00fcdafi\u0259 naziri David Tonoyan haz\u0131rda Moskvadad\u0131r. Bunun fonunda yay\u0131lan bel\u0259 m\u0259lumatlar erm\u0259ni h\u0259rbi birl\u0259\u015fm\u0259l\u0259rin c\u0259bh\u0259d\u0259 t\u0259xribat h\u00fccumuna ke\u00e7\u0259 bil\u0259c\u0259yi ehtimal\u0131n\u0131 art\u0131r\u0131r.<\/strong><\/p>\n","protected":false},"excerpt":{"rendered":"<p>Erm\u0259ni K\u0130V-l\u0259rinin verdiyi m\u0259lumatlara g\u00f6r\u0259, s\u0259lahiyy\u0259tlil\u0259r parlament \u00fcsul-idar\u0259sinin \u00f6z\u00fcn\u00fc do\u011frultmad\u0131\u011f\u0131na inand\u0131qlar\u0131 \u00fc\u00e7\u00fcn yenid\u0259n prezidentlik modelin\u0259 qay\u0131tmaq ist\u0259yirl\u0259r. \u018fdliyy\u0259 naziri R\u00fcst\u0259m Badasyan bu ke\u00e7idin real<\/p>\n","protected":false},"author":2,"featured_media":0,"comment_status":"closed","ping_status":"closed","sticky":false,"template":"","format":"standard","meta":{"footnotes":""},"categories":[4],"tags":[],"class_list":["post-16578","post","type-post","status-publish","format-standard","hentry","category-qarabag"],"aioseo_notices":[],"_links":{"self":[{"href":"https:\/\/fedai.az\/index.php?rest_route=\/wp\/v2\/posts\/16578","targetHints":{"allow":["GET"]}}],"collection":[{"href":"https:\/\/fedai.az\/index.php?rest_route=\/wp\/v2\/posts"}],"about":[{"href":"https:\/\/fedai.az\/index.php?rest_route=\/wp\/v2\/types\/post"}],"author":[{"embeddable":true,"href":"https:\/\/fedai.az\/index.php?rest_route=\/wp\/v2\/users\/2"}],"replies":[{"embeddable":true,"href":"https:\/\/fedai.az\/index.php?rest_route=%2Fwp%2Fv2%2Fcomments&post=16578"}],"version-history":[{"count":3,"href":"https:\/\/fedai.az\/index.php?rest_route=\/wp\/v2\/posts\/16578\/revisions"}],"predecessor-version":[{"id":16583,"href":"https:\/\/fedai.az\/index.php?rest_route=\/wp\/v2\/posts\/16578\/revisions\/16583"}],"wp:attachment":[{"href":"https:\/\/fedai.az\/index.php?rest_route=%2Fwp%2Fv2%2Fmedia&parent=16578"}],"wp:term":[{"taxonomy":"category","embeddable":true,"href":"https:\/\/fedai.az\/index.php?rest_route=%2Fwp%2Fv2%2Fcategories&post=16578"},{"taxonomy":"post_tag","embeddable":true,"href":"https:\/\/fedai.az\/index.php?rest_route=%2Fwp%2Fv2%2Ftags&post=16578"}],"curies":[{"name":"wp","href":"https:\/\/api.w.org\/{rel}","templated":true}]}}